{"id":23521,"date":"2021-10-24T06:20:12","date_gmt":"2021-10-24T06:20:12","guid":{"rendered":"http:\/\/cordobateve.net\/index.php\/2021\/10\/24\/no-me-intereso-nunca-la-politica\/"},"modified":"2021-10-24T06:20:12","modified_gmt":"2021-10-24T06:20:12","slug":"no-me-intereso-nunca-la-politica","status":"publish","type":"post","link":"http:\/\/cordobateve.net\/index.php\/2021\/10\/24\/no-me-intereso-nunca-la-politica\/","title":{"rendered":"\u201cNo me interes\u00f3 nunca la pol\u00edtica\u201d"},"content":{"rendered":"<div class=\"media_block\"><\/div>\n<div><img src=\"http:\/\/cordobateve.net\/wp-content\/uploads\/2021\/10\/no-me-intereso-nunca-la-politica.jpg\" class=\"ff-og-image-inserted\"><\/div>\n<p>Cada diez a\u00f1os la Fundaci\u00f3n Konex premia una actividad, en este 2021 vuelve a ser el espect\u00e1culo, incluyendo cine, teatro y televisi\u00f3n. El Gran Jurado cuenta con una invitada de lujo: Norma Aleandro. Volviendo a la actividad plena, analiza no s\u00f3lo esta nueva responsabilidad, sino que tambi\u00e9n anticipa su protag\u00f3nico en la pel\u00edcula nacional El secreto de Mar\u00f3 de Alejandro Magnone que se estrenar\u00e1 el 28 de este mes.<\/p>\n<p>\u2014\u00bfC\u00f3mo es ser jurado invitada especial?&nbsp;<\/p>\n<p>\u2014Para m\u00ed fue un honor que me dieran el premio y otro m\u00e1s el que me eligieran como invitada especial. Es uno de los premios m\u00e1s limpios y bellos que hay. Est\u00e1 hecho sin presi\u00f3n de nadie, para nombrar a nadie. Son esos lugares que una aprecia m\u00e1s all\u00e1 de que te lo den o no te lo den. Nuevamente este a\u00f1o cien personas han sido elegidas dentro del mundo de las artes.&nbsp;<\/p>\n<p>\u2014Este premio lo recibiste en 1981\u2026al a\u00f1o de iniciarse la entrega y est\u00e1bamos en dictadura\u2026&nbsp;<\/p>\n<p>\u2014Si. Estaba ensayando La se\u00f1orita de Tacna. Para m\u00ed fue muy importante, no conoc\u00eda al premio. Su jurado me resultaba gente muy seria. Llegaba del exilio y lo sent\u00ed como un gesto muy amable, amoroso y me hizo mucho bien.<\/p>\n<p>\u2014\u00bfPor qu\u00e9 hablas poco de toda esa \u00e9poca?&nbsp;<\/p>\n<p>\u2014No habl\u00e9 porque son temas muy tristes, no los puedo tocar liviana y alegremente. Ahora la editorial Feda me va publicar material. Quiero armar un libro con poemas y cuentos que tienen que ver con este per\u00edodo de mi vida. Mis padres vinieron de Espa\u00f1a, pero no perseguidos pol\u00edticamente. En mi caso, nunca pertenec\u00ed a ning\u00fan partido pol\u00edtico, ni milit\u00e9. Pero no me perdonaron que siempre hablara de los desaparecidos. En cada reportaje que me hac\u00edan, que eran muchos, porque en ese momento trabajaba en televisi\u00f3n y teatro, dec\u00eda que estaba faltando gente, que se la llevaban para investigar y no volv\u00edan. Esas declaraciones quedaron grabadas en alg\u00fan lugar siniestro. No ten\u00eda ninguna relaci\u00f3n ni con la izquierda, ni con la derecha. No me interes\u00f3 nunca la pol\u00edtica, no me acerqu\u00e9 a ella y cuando se quiso acercar a m\u00ed me la saqu\u00e9 de encima. No me interesa ning\u00fan partido. Soy una ciudadana que est\u00e1 contenta de vivir en un pa\u00eds republicano, aunque no est\u00e9 de acuerdo con el gobierno que tengo.<\/p>\n<p>\u2014\u00bfTe hab\u00edas ido a Espa\u00f1a sola con tu hijo (Oscar Ferrigno)?<\/p>\n<p>\u2014No, ya estaba casada con mi actual marido Eduardo (Le Poole). El dej\u00f3 ac\u00e1 su consultorio para abrir otro all\u00e1. Tuvo que rendir examen de medicina frente a un jurado suizo, ya que en Espa\u00f1a no ten\u00edan experiencia para juzgar especialidades psicoanal\u00edticas o psiqui\u00e1tricas. Debi\u00f3 rendir en ingl\u00e9s y franc\u00e9s. Fue un hecho de amor que resulta rar\u00edsimo.&nbsp;<\/p>\n<p>\u2014Casi a fin de mes se conocer\u00e1 la pel\u00edcula \u00abEl secreto de Mar\u00f3\u00bb\u2026<\/p>\n<p>\u2014Eleg\u00ed esta pel\u00edcula primero porque el director (Alejandro Magnone) me dio mucha confianza. Ya al leer el gui\u00f3n se notaba que muy amablemente- en el mejor sentido- contaba una historia tan tr\u00e1gica y triste. No hace especulaciones siniestras. Muestra una cocina chiquita dentro de un club que va hacia la pobreza, donde una comunidad trata de defenderse. Esta mujer tiene un car\u00e1cter bravo y pelea. Mar\u00f3 tiene un mandato que es no llorar ante las adversidades.<\/p>\n<p>\u2014\u00bfQu\u00e9 sentiste ante este homenaje al mundo armenio?<\/p>\n<p>\u2014Son muchos a\u00f1os que viene luchando Armenia. A los j\u00f3venes los llevan al desierto y los dejan morir. Parece mentira que no se haga nada m\u00e1s internacionalmente. Lo importante es que la pel\u00edcula tiene un mensaje esperanzador ante el desastre.<\/p>\n<p>\u2014\u00bfCu\u00e1ndo la filmaste? \u00bfAgregaste frases como actriz?<\/p>\n<p>\u2014Terminamos justo antes de la pandemia, en marzo del 2020. Todo est\u00e1 en el gui\u00f3n, lo que es m\u00edo son las entonaciones. Mi personaje es de una rectitud muy grande. Esta cocina la armamos con Lidia Catalano y Anal\u00eda Malvido, quien encarna a una mujer que no siendo armenia entiende muy bien lo que le pasa a los otros personajes. Adem\u00e1s el gui\u00f3n tiene humor.&nbsp;<\/p>\n<p>\u2014\u00bfEstrenar\u00e1s \u00abMi abuela la loca\u00bb en el teatro?<\/p>\n<p>\u2014Tanto Lino Patalano como Pablo Kompel decidieron seguir adelante con el proyecto de estrenarla para el 2022. Se baj\u00f3 Oscar Mart\u00ednez y convocaron a Jorge Marrale, siempre con direcci\u00f3n de Claudio Tolcachir. La obra es divertida y tierna, es la historia de una abuela y su nieto.<\/p>\n<p>\u2014No se conoc\u00eda a la pintora que se descubre en tu libro \u00abConfieso que pinto\u00bb.<\/p>\n<p>\u2014Toda la vida pint\u00e9 y dibuj\u00e9. Mi hermana, Mar\u00eda (Vaner) tambi\u00e9n lo hac\u00eda. Algunas obras se las he regalo a mis amigos, muy amigos. Nadie lo sab\u00eda, hasta que Daniela Davidovich vio en mi casa una pintura que estaba haciendo y me pidi\u00f3 que se la regalase. Ella es amiga de las due\u00f1as de la editorial Fera -Victoria Benaim y Mara Parra- y se lo propuso. Mi marido me insisti\u00f3 para que los llevase, porque no lo hago profesionalmente, sino para divertirme. Hay dibujos m\u00e1s algunos textos m\u00edos.&nbsp;<\/p>\n<p>\u2014\u00bfC\u00f3mo pasaste este tiempo de pandemia?<\/p>\n<p>\u2014La soledad no la sent\u00ed porque entre el libro que sal\u00eda, m\u00e1s la preparaci\u00f3n de la obra de teatro llev\u00f3 tiempo haciendo lo que me gusta. Vivo en una casa rodeada de \u00e1rboles. Mi marido sigui\u00f3 trabajando v\u00eda zoom y ahora ya volvi\u00f3 a lo presencial.&nbsp;<\/p>\n<p>\u2014\u00bfEse mundo psicoanal\u00edtico te ayud\u00f3 a encarar personajes o para la vida?<\/p>\n<p>\u2014Hice un an\u00e1lisis muy largo con gente que hab\u00eda hecho experiencias con \u00e1cido lis\u00e9rgico (LSD) con lo cual hoy no estoy de acuerdo. No creo que me haya beneficiado, una se somet\u00eda si o no, eleg\u00eda sin conocer los resultados. Despu\u00e9s de un tiempo, el ansia por conocerme \u2013que siempre la tuve y lo sigo teniendo- saber que si y que no, en este mundo tan variopinto. No siento que el psicoan\u00e1lisis haya mejorado mi calidad de vida. Hay un tipo de an\u00e1lisis que se hace ahora que pasa por el cerebro y el cuerpo que es muy distinto. Las neurociencias unidas al an\u00e1lisis hay s\u00ed les creo. Pero es un paso que hay gente que no conoce. Lo conozco por mi marido, pero en general no se sabe a qu\u00e9 va.<\/p>\n<p>\u2014\u00bfPor qu\u00e9 encarnaste personajes con enfermedades cerebrales como Norma Belvedere en \u00abEl hijo de la novia\u00bb que padec\u00eda Alzheimer?<\/p>\n<p>\u2014Si esa enfermedad es muy triste, te qued\u00e1s en una soledad muy grande. Me encant\u00f3 interpretarla. Los actores estamos un poco locos. A m\u00ed me lleva aceptar un papel porque me enamoro de \u00e9l, pero como todo amor puede ser fatal. A veces veo que tiene turbulencias interesantes, en fin, esta profesi\u00f3n es divertida creo que por eso no muere el teatro. Tiene consecuencias malignas tambi\u00e9n, cuando es mal llevada. Estoy en contra de la memoria emotiva, no pod\u00e9s usar tu memoria todos los d\u00edas para hacer un personaje. Est\u00e1s destruyendo tu mundo interno. No vale la pena y no es bueno para nadie. Eso tuvo su momento en los Estados Unidos, pero los ingleses jam\u00e1s lo usaron.<\/p>\n<p>El valor de celebrar al medio<\/p>\n<p>El martes 26 de este mes se entregar\u00e1n los cien Diplomas al M\u00e9rito de la Fundaci\u00f3n Konex, que incluir\u00e1n veinte disciplinas: actriz y actor de teatro, director\/a de teatro, actriz y actor de cine, director\/a de cine, actriz y actor de televisi\u00f3n, director\/a de televisi\u00f3n, int\u00e9rprete femenina y masculino de musical, unipersonal, infantil y juvenil, documental, gui\u00f3n, conductor\/a, escenograf\u00eda, vestuario, iluminaci\u00f3n y producci\u00f3n. De entre \u00e9stos s\u00f3lo veinte tendr\u00e1n el Konex de Platino y uno solo recibir\u00e1 el de Brillante. Hay dos de Honor a artistas fallecidos: Leonardo Favio y Agust\u00edn Alezzo.&nbsp;<\/p>\n<p>El presidente de la Fundaci\u00f3n Konex y creador de estos premios es Luis Ovsejevich. Afirma: \u201cQuise que las estatuillas tuvieran el mapa de la Argentina, incluyendo a las Islas Malvinas y la Ant\u00e1rtida. Son las mismas desde la primera entrega que fue en 1980. Como cada a\u00f1o cambiamos la especialidad, busqu\u00e9 que los premios fueran conocidos por eso empec\u00e9 con Deportes, luego seguimos con Espect\u00e1culos (1981)\u201d.&nbsp;<\/p>\n<p>Recuerda Ovsejevich: \u201cMe recib\u00ed a los diecinueve a\u00f1os de abogado e inmediatamente empec\u00e9 a dar clases. Tuve de alumna a Elena Highton y a Daniel Sabsay. Mi libro de cabecera siempre fue El hombre mediocre de Jos\u00e9 Ingenieros. Hay que buscar a los mejores. Trat\u00e9 de rescatar el m\u00e9rito, por eso los Diplomas se llaman as\u00ed. Respeto a quienes lo tienen, m\u00e1s all\u00e1 de las ideolog\u00edas. En cada disciplina se piensan cuarenta nombres, hasta que quedan cinco. Desde el a\u00f1o 1990 los que ya fueron premiados integran el jurado y el que gana el Brillante ser\u00e1 el presidente, este a\u00f1o es Ricardo Dar\u00edn\u201d.<\/p>\n<div class=\"noticias-relacionadas\" readability=\"1.0585365853659\">\n<p>Tambi\u00e9n te puede interesar<\/p>\n<\/p><\/div>\n","protected":false},"excerpt":{"rendered":"<p>Cada diez a\u00f1os la Fundaci\u00f3n Konex premia una actividad, en este 2021 vuelve a ser el espect\u00e1culo, incluyendo cine, teatro y televisi\u00f3n. El Gran Jurado cuenta con una invitada de lujo: Norma Aleandro. Volviendo a la actividad plena, analiza no s\u00f3lo esta nueva responsabilidad, sino que tambi\u00e9n anticipa su protag\u00f3nico en la pel\u00edcula nacional El [&hellip;]<\/p>\n","protected":false},"author":1,"featured_media":23522,"comment_status":"closed","ping_status":"closed","sticky":false,"template":"","format":"standard","meta":[],"categories":[22],"tags":[],"_links":{"self":[{"href":"http:\/\/cordobateve.net\/index.php\/wp-json\/wp\/v2\/posts\/23521"}],"collection":[{"href":"http:\/\/cordobateve.net\/index.php\/wp-json\/wp\/v2\/posts"}],"about":[{"href":"http:\/\/cordobateve.net\/index.php\/wp-json\/wp\/v2\/types\/post"}],"author":[{"embeddable":true,"href":"http:\/\/cordobateve.net\/index.php\/wp-json\/wp\/v2\/users\/1"}],"replies":[{"embeddable":true,"href":"http:\/\/cordobateve.net\/index.php\/wp-json\/wp\/v2\/comments?post=23521"}],"version-history":[{"count":0,"href":"http:\/\/cordobateve.net\/index.php\/wp-json\/wp\/v2\/posts\/23521\/revisions"}],"wp:featuredmedia":[{"embeddable":true,"href":"http:\/\/cordobateve.net\/index.php\/wp-json\/wp\/v2\/media\/23522"}],"wp:attachment":[{"href":"http:\/\/cordobateve.net\/index.php\/wp-json\/wp\/v2\/media?parent=23521"}],"wp:term":[{"taxonomy":"category","embeddable":true,"href":"http:\/\/cordobateve.net\/index.php\/wp-json\/wp\/v2\/categories?post=23521"},{"taxonomy":"post_tag","embeddable":true,"href":"http:\/\/cordobateve.net\/index.php\/wp-json\/wp\/v2\/tags?post=23521"}],"curies":[{"name":"wp","href":"https:\/\/api.w.org\/{rel}","templated":true}]}}