{"id":24207,"date":"2021-11-12T23:22:00","date_gmt":"2021-11-12T23:22:00","guid":{"rendered":"https:\/\/lapampanuestra.com\/2021\/11\/12\/murio-mariana-prommel-actriz-de-los-roldan-y-verano-del-98\/"},"modified":"2021-11-12T23:22:00","modified_gmt":"2021-11-12T23:22:00","slug":"murio-mariana-prommel-actriz-de-los-roldan-y-verano-del-98","status":"publish","type":"post","link":"http:\/\/cordobateve.net\/index.php\/2021\/11\/12\/murio-mariana-prommel-actriz-de-los-roldan-y-verano-del-98\/","title":{"rendered":"Muri\u00f3 Mariana Prommel, actriz de \u201cLos Rold\u00e1n\u201d y \u201cVerano del 98\u201d"},"content":{"rendered":"<p><img width=\"600\" height=\"338\" src=\"http:\/\/cordobateve.net\/wp-content\/uploads\/2021\/11\/murio-mariana-prommel-actriz-de-los-roldan-y-verano-del-98.jpg\" class=\"attachment-post-thumbnail size-post-thumbnail wp-post-image\" alt=\"murio-mariana-prommel,-actriz-de-&#8220;los-roldan&#8221;-y-&#8220;verano-del-98&#8221;\" loading=\"lazy\" \/><\/p>\n<div>\n<p>La actriz Mariana Prommel, surgida de ese semillero de talentos que fue el Parakultural y con una <strong>nutrida trayectoria art\u00edstica<\/strong> que al teatro sum\u00f3 el cine y la televisi\u00f3n, muri\u00f3 este viernes a los 55 a\u00f1os, inform\u00f3 la Asociaci\u00f3n Argentina de Actores (AAA).<\/p>\n<p> La int\u00e9rprete nacida en 1966 con el nombre de Mariana Mosqueda, tom\u00f3 parte en las ficciones televisivas &#8220;Los Rold\u00e1n&#8221;, &#8220;Verano del 98&#8221;, &#8220;El jard\u00edn de bronce&#8221;, &#8220;La Pelu&#8221;, &#8220;La Ni\u00f1era&#8221;, &#8220;Los exitosos Pells&#8221;, &#8220;Gladiadores de Pompeya&#8221;, &#8220;Mi amor, mi amor&#8221;, &#8220;Lobo&#8221;, &#8220;Amo de casa&#8221;, &#8220;Consentidos&#8221;, &#8220;Mi amor, mi amor&#8221; y &#8220;Vigilantes&#8221;, informa la agencia T\u00e9lam.<\/p>\n<p> Su intensa labor teatral la cont\u00f3 como integrante de los elencos que animaron piezas como &#8220;Falladas&#8221;, &#8220;Desesperadamente&#8230; Armando&#8221;, &#8220;La Casa de Bernarda Alba&#8221;, &#8220;Verona&#8221;, &#8220;As\u00ed es, si te parece&#8221;, &#8220;Qui\u00e9n es Janet&#8221; y &#8220;Serena y la cooperativa&#8221;.<\/p>\n<p> En la pantalla grande tuvo participaci\u00f3n en los filmes &#8220;Te pido un taxi&#8221; y &#8220;Herencia&#8221; y en el cortometraje &#8220;Kil\u00f3metro 22&#8221;, pero adem\u00e1s actu\u00f3 en los videoclips &#8220;P\u00e1rate y mira&#8221;, de Los Pericos, y &#8220;Desfachatados&#8221;, de Babas\u00f3nicos.<\/p>\n<div>\n<div>\n<blockquote>\n<p dir=\"ltr\" lang=\"es\">Con gran dolor despedimos a la actriz Mariana Prommel. Su nutrida trayectoria art\u00edstica incluye trabajos en teatro, cine y televisi\u00f3n. Acompa\u00f1amos a sus familiares y seres queridos en este duro momento. <a href=\"https:\/\/t.co\/gWgle1gkUQ\">pic.twitter.com\/gWgle1gkUQ<\/a><\/p>\n<p>\u2014 Asociaci\u00f3n Argentina de Actores (@actoresprensa) <a href=\"https:\/\/twitter.com\/actoresprensa\/status\/1459277070392045577?ref_src=twsrc%5Etfw\">November 12, 2021<\/a><\/p>\n<\/blockquote>\n<\/div>\n<\/div>\n<p>La imagen de Prommel form\u00f3 parte de la muestra fotogr\u00e1fica &#8220;Mujeres inmortales&#8221;, de Sebasti\u00e1n Na\u00f3n, que en 2019 se present\u00f3 y exhibi\u00f3 en la sede de la AAA, record\u00f3 la entidad.<\/p>\n<p>&#8220;Con gran dolor despedimos a la actriz Mariana Prommel. Su nutrida trayectoria art\u00edstica incluye trabajos en teatro, cine y televisi\u00f3n. Acompa\u00f1amos a sus familiares y seres queridos en este duro momento&#8221;, public\u00f3 en sus cuentas la Asociaci\u00f3n Argentina de Actores.<\/p>\n<p>A trav\u00e9s de las redes sociales, el director<strong> Jos\u00e9 Mar\u00eda Muscari<\/strong> expres\u00f3 su dolor por el fallecimiento de la actriz.<\/p>\n<p>&#8220;Mi adorada MARIANA PROMMEL que vueles alto y luminoso Q.E.P.D Coraz\u00f3n roto As\u00ed voy a recordarte, trabajando juntos , siendo felices , riendo y vos siempre ACTUANDO que era tu magia Coraz\u00f3n roto BESOS AL CIELO DONDE YA PERTENECES&#8221;, escribi\u00f3.<\/p>\n<div>\n<div>\n<blockquote>\n<div dir=\"ltr\" lang=\"es\">\n<p>Mi adorada MARIANA PROMMEL que vueles alto y luminoso <br \/><\/br>Q.E.P.D <img src=\"http:\/\/cordobateve.net\/wp-content\/uploads\/2021\/11\/murio-mariana-prommel-actriz-de-los-roldan-y-verano-del-98.png\" alt=\"\ud83d\udc94\" class=\"wp-smiley\" style=\"height: 1em; max-height: 1em;\" \/><\/p>\n<p>As\u00ed voy a recordarte , trabajando juntos , siendo felices , riendo y vos siempre ACTUANDO que era tu magia <img src=\"http:\/\/cordobateve.net\/wp-content\/uploads\/2021\/11\/murio-mariana-prommel-actriz-de-los-roldan-y-verano-del-98.png\" alt=\"\ud83d\udc94\" class=\"wp-smiley\" style=\"height: 1em; max-height: 1em;\" \/><\/p>\n<p>BESOS AL CIELO DONDE YA PERTENECES <img src=\"http:\/\/cordobateve.net\/wp-content\/uploads\/2021\/11\/murio-mariana-prommel-actriz-de-los-roldan-y-verano-del-98.png\" alt=\"\ud83d\udc94\" class=\"wp-smiley\" style=\"height: 1em; max-height: 1em;\" \/> <a href=\"https:\/\/t.co\/6P7bx8QRW3\">pic.twitter.com\/6P7bx8QRW3<\/a><\/p>\n<\/div>\n<p>\u2014 Jose Maria Muscari (@muscarijoseok) <a href=\"https:\/\/twitter.com\/muscarijoseok\/status\/1459295705239937027?ref_src=twsrc%5Etfw\">November 12, 2021<\/a><\/p>\n<\/blockquote>\n<\/div>\n<\/div>\n<p>Adem\u00e1s, la actriz\u00a0<strong>Carla Peterson<\/strong> manifest\u00f3: \u201cAmiga m\u00eda tan querida. Te voy a llevar en mi coraz\u00f3n para siempre! Fuimos hermanas y aprend\u00ed mucho de ella<strong>. Su risa su sabidur\u00eda su fuerza me va a acompa\u00f1ar siempre<\/strong>. Abrazo a tu familia a tu mam\u00e1 y tu hermano ya enorme! Adi\u00f3s amiga me voy a llorar un ratito\u201d.<\/p>\n<p> Nicol\u00e1s Scarpino sum\u00f3: \u201cQue tristeza\u2026descans\u00e1 en paz Mariana\u201d.<\/p>\n<p> Claribel Medina tambi\u00e9n la despidi\u00f3: \u201c<strong>Me quedo con nuestras historias<\/strong>, la risa TU humor, an\u00e9cdotas en casa navidades cumples perros y gatos nuestra amistad compa\u00f1era gracias descansa\u201d.<\/p>\n<p><em>Con informaci\u00f3n de T\u00e9lam\u200b<\/em><br \/><\/br><\/p>\n<div>\n<h2>TEMAS QUE APARECEN EN ESTA NOTA<\/h2>\n<\/div>\n<\/div>\n","protected":false},"excerpt":{"rendered":"<p>La actriz Mariana Prommel, surgida de ese semillero de talentos que fue el Parakultural y con una nutrida trayectoria art\u00edstica que al teatro sum\u00f3 el cine y la televisi\u00f3n, muri\u00f3 este viernes a los 55 a\u00f1os, inform\u00f3 la Asociaci\u00f3n Argentina de Actores (AAA). La int\u00e9rprete nacida en 1966 con el nombre de Mariana Mosqueda, tom\u00f3 [&hellip;]<\/p>\n","protected":false},"author":1,"featured_media":0,"comment_status":"open","ping_status":"closed","sticky":false,"template":"","format":"standard","meta":[],"categories":[21],"tags":[],"_links":{"self":[{"href":"http:\/\/cordobateve.net\/index.php\/wp-json\/wp\/v2\/posts\/24207"}],"collection":[{"href":"http:\/\/cordobateve.net\/index.php\/wp-json\/wp\/v2\/posts"}],"about":[{"href":"http:\/\/cordobateve.net\/index.php\/wp-json\/wp\/v2\/types\/post"}],"author":[{"embeddable":true,"href":"http:\/\/cordobateve.net\/index.php\/wp-json\/wp\/v2\/users\/1"}],"replies":[{"embeddable":true,"href":"http:\/\/cordobateve.net\/index.php\/wp-json\/wp\/v2\/comments?post=24207"}],"version-history":[{"count":0,"href":"http:\/\/cordobateve.net\/index.php\/wp-json\/wp\/v2\/posts\/24207\/revisions"}],"wp:attachment":[{"href":"http:\/\/cordobateve.net\/index.php\/wp-json\/wp\/v2\/media?parent=24207"}],"wp:term":[{"taxonomy":"category","embeddable":true,"href":"http:\/\/cordobateve.net\/index.php\/wp-json\/wp\/v2\/categories?post=24207"},{"taxonomy":"post_tag","embeddable":true,"href":"http:\/\/cordobateve.net\/index.php\/wp-json\/wp\/v2\/tags?post=24207"}],"curies":[{"name":"wp","href":"https:\/\/api.w.org\/{rel}","templated":true}]}}