{"id":24221,"date":"2021-11-12T23:55:51","date_gmt":"2021-11-12T23:55:51","guid":{"rendered":"http:\/\/cordobateve.net\/index.php\/2021\/11\/12\/mauro-icardi-y-wanda-nara-en-dubai-el-mensaje-que-define-su-union-definitiva\/"},"modified":"2021-11-12T23:55:51","modified_gmt":"2021-11-12T23:55:51","slug":"mauro-icardi-y-wanda-nara-en-dubai-el-mensaje-que-define-su-union-definitiva","status":"publish","type":"post","link":"http:\/\/cordobateve.net\/index.php\/2021\/11\/12\/mauro-icardi-y-wanda-nara-en-dubai-el-mensaje-que-define-su-union-definitiva\/","title":{"rendered":"Mauro Icardi y Wanda Nara en Dubai: el mensaje que define su uni\u00f3n definitiva"},"content":{"rendered":"<div class=\"media_block\"><\/div>\n<p>Hace unos d\u00edas, <a target=\"_blank\" href=\"https:\/\/caras.perfil.com\/noticias\/television\/angel-de-brito-conto-la-tremenda-frase-que-le-dijo-wanda-nara-sufrieron-mucho.phtml\" rel=\"noopener noreferrer\"><strong>Wanda Nara<\/strong><\/a> y <a target=\"_blank\" href=\"https:\/\/caras.perfil.com\/noticias\/celebridades\/tras-la-reconciliacion-mauro-icardi-y-wanda-nara-se-mostraron-en-la-playa-de-dubai.phtml\" rel=\"noopener noreferrer\"><strong>Mauro Icardi<\/strong><\/a> emprendieron rumbo a<strong> Dubai en donde est\u00e1n viviendo una segunda luna de miel <\/strong>mientras la pol\u00e9mica por el affaire del delantero con la China Su\u00e1rez contin\u00faa.<\/p>\n<p>En medio de las idas y vueltas de la pareja, ahora este viaje parece sellar su reconciliaci\u00f3n definitiva.<strong> Mauro volvi\u00f3 de lleno a sus redes sociales en donde ha ido compartiendo fotos y videos junto a la medi\u00e1tica<\/strong> dejando en claro su intenci\u00f3n de seguir con su matrimonio.<\/p>\n<p>De hecho, en la tarde de viernes el futbolista del PSG comparti\u00f3 una foto en su feed de Instagram en donde posando junto a Wanda escribi\u00f3 un mensaje de lo m\u00e1s elocuente.<strong> \u00abJuntos podemos conseguir lo que separados solo habr\u00edamos so\u00f1ado\u00bb.<\/strong><\/p>\n<p><img alt=\"Mauro Icardi y Wanda en Dubai: el mensaje que define su uni\u00f3n definitiva\" src=\"http:\/\/cordobateve.net\/wp-content\/uploads\/2021\/11\/mauro-icardi-y-wanda-nara-en-dubai-el-mensaje-que-define-su-union-definitiva.jpg\"><\/p>\n<p>Por su parte, Wanda comparti\u00f3 unas fotos muy hoy en donde se la ve posando en la playa y mostrando su escultural figura.<strong> \u00abDame siempre una playa\u00bb<\/strong>, escribi\u00f3.<\/p>\n<p><img alt=\"Mauro Icardi y Wanda en Dubai: el mensaje que define su uni\u00f3n definitiva\" src=\"http:\/\/cordobateve.net\/wp-content\/uploads\/2021\/11\/mauro-icardi-y-wanda-nara-en-dubai-el-mensaje-que-define-su-union-definitiva-1.jpg\"><\/p>\n<h2>Reconciliaci\u00f3n confirmada: el video de Mauro Icardi a los besos con Wanda Nara&nbsp;<\/h2>\n<p>La figura del PSG confirm\u00f3 que con&nbsp;<strong>Wanda Nara<\/strong>&nbsp;est\u00e1n m\u00e1s unidos que nunca y subi\u00f3 un cari\u00f1oso video con su esposa. En el post se ve a la diosa en bata, frente a un espejo y<a target=\"_blank\" href=\"http:\/\/https\/\/www.instagram.com\/mauroicardi\/\" rel=\"noopener noreferrer\"><strong>&nbsp;Mauro Icardi<\/strong><\/a>&nbsp;d\u00e1ndole un cari\u00f1oso beso.<\/p>\n<p><strong>\u00abDesde Dubai con mucho amor\u00bb<\/strong>, expres\u00f3 el deportista.<\/p>\n<div class>\n<h3>Galer\u00eda de im\u00e1genes<\/h3>\n<\/p><\/div>\n<p> <noscript><a href=\"https:\/\/ads.us.e-planning.net\/ei\/3\/279a3\/articulo\/teads?it=i&amp;rnd=$RANDOM\" target=\"_blank\" rel=\"noopener noreferrer\"><img loading=\"lazy\" width=\"1\" height=\"1\" alt=\"e-planning ad\" src=\"http:\/\/cordobateve.net\/wp-content\/uploads\/2021\/11\/mauro-icardi-y-wanda-nara-en-dubai-el-mensaje-que-define-su-union-definitiva.gif\" border=\"0\"><\/a><\/noscript> <\/p>\n","protected":false},"excerpt":{"rendered":"<p>Hace unos d\u00edas, Wanda Nara y Mauro Icardi emprendieron rumbo a Dubai en donde est\u00e1n viviendo una segunda luna de miel mientras la pol\u00e9mica por el affaire del delantero con la China Su\u00e1rez contin\u00faa. En medio de las idas y vueltas de la pareja, ahora este viaje parece sellar su reconciliaci\u00f3n definitiva. Mauro volvi\u00f3 de [&hellip;]<\/p>\n","protected":false},"author":1,"featured_media":24222,"comment_status":"closed","ping_status":"closed","sticky":false,"template":"","format":"standard","meta":[],"categories":[22],"tags":[],"_links":{"self":[{"href":"http:\/\/cordobateve.net\/index.php\/wp-json\/wp\/v2\/posts\/24221"}],"collection":[{"href":"http:\/\/cordobateve.net\/index.php\/wp-json\/wp\/v2\/posts"}],"about":[{"href":"http:\/\/cordobateve.net\/index.php\/wp-json\/wp\/v2\/types\/post"}],"author":[{"embeddable":true,"href":"http:\/\/cordobateve.net\/index.php\/wp-json\/wp\/v2\/users\/1"}],"replies":[{"embeddable":true,"href":"http:\/\/cordobateve.net\/index.php\/wp-json\/wp\/v2\/comments?post=24221"}],"version-history":[{"count":0,"href":"http:\/\/cordobateve.net\/index.php\/wp-json\/wp\/v2\/posts\/24221\/revisions"}],"wp:featuredmedia":[{"embeddable":true,"href":"http:\/\/cordobateve.net\/index.php\/wp-json\/wp\/v2\/media\/24222"}],"wp:attachment":[{"href":"http:\/\/cordobateve.net\/index.php\/wp-json\/wp\/v2\/media?parent=24221"}],"wp:term":[{"taxonomy":"category","embeddable":true,"href":"http:\/\/cordobateve.net\/index.php\/wp-json\/wp\/v2\/categories?post=24221"},{"taxonomy":"post_tag","embeddable":true,"href":"http:\/\/cordobateve.net\/index.php\/wp-json\/wp\/v2\/tags?post=24221"}],"curies":[{"name":"wp","href":"https:\/\/api.w.org\/{rel}","templated":true}]}}