{"id":24492,"date":"2021-11-21T03:01:10","date_gmt":"2021-11-21T03:01:10","guid":{"rendered":"http:\/\/cordobateve.net\/index.php\/2021\/11\/21\/una-huella-corunesa-en-netflix-la-opinion-de-a-coruna\/"},"modified":"2021-11-21T03:01:10","modified_gmt":"2021-11-21T03:01:10","slug":"una-huella-corunesa-en-netflix-la-opinion-de-a-coruna","status":"publish","type":"post","link":"http:\/\/cordobateve.net\/index.php\/2021\/11\/21\/una-huella-corunesa-en-netflix-la-opinion-de-a-coruna\/","title":{"rendered":"Una huella coru\u00f1esa en <b>Netflix<\/b> &#8211; La Opini\u00f3n de A Coru\u00f1a"},"content":{"rendered":"<p>Para In\u00e9s Pintor, que es cocreadora de El tiempo que te doy \u2014una miniserie de <b>Netflix<\/b> protagonizada por Nadia de Santiago y escrita a seis manos entre&nbsp;&#8230; <\/p>\n","protected":false},"excerpt":{"rendered":"<p>Para In\u00e9s Pintor, que es cocreadora de El tiempo que te doy \u2014una miniserie de Netflix protagonizada por Nadia de Santiago y escrita a seis manos entre&nbsp;&#8230;<\/p>\n","protected":false},"author":1,"featured_media":0,"comment_status":"closed","ping_status":"closed","sticky":false,"template":"","format":"standard","meta":[],"categories":[23],"tags":[],"_links":{"self":[{"href":"http:\/\/cordobateve.net\/index.php\/wp-json\/wp\/v2\/posts\/24492"}],"collection":[{"href":"http:\/\/cordobateve.net\/index.php\/wp-json\/wp\/v2\/posts"}],"about":[{"href":"http:\/\/cordobateve.net\/index.php\/wp-json\/wp\/v2\/types\/post"}],"author":[{"embeddable":true,"href":"http:\/\/cordobateve.net\/index.php\/wp-json\/wp\/v2\/users\/1"}],"replies":[{"embeddable":true,"href":"http:\/\/cordobateve.net\/index.php\/wp-json\/wp\/v2\/comments?post=24492"}],"version-history":[{"count":0,"href":"http:\/\/cordobateve.net\/index.php\/wp-json\/wp\/v2\/posts\/24492\/revisions"}],"wp:attachment":[{"href":"http:\/\/cordobateve.net\/index.php\/wp-json\/wp\/v2\/media?parent=24492"}],"wp:term":[{"taxonomy":"category","embeddable":true,"href":"http:\/\/cordobateve.net\/index.php\/wp-json\/wp\/v2\/categories?post=24492"},{"taxonomy":"post_tag","embeddable":true,"href":"http:\/\/cordobateve.net\/index.php\/wp-json\/wp\/v2\/tags?post=24492"}],"curies":[{"name":"wp","href":"https:\/\/api.w.org\/{rel}","templated":true}]}}