{"id":24522,"date":"2021-11-22T01:19:21","date_gmt":"2021-11-22T01:19:21","guid":{"rendered":"https:\/\/pablolayus.com.ar\/?p=122267"},"modified":"2021-11-22T01:19:21","modified_gmt":"2021-11-22T01:19:21","slug":"exclusivo-arnaldo-andre-el-caso-de-wanda-icardi-y-la-china-es-la-novela-del-momento","status":"publish","type":"post","link":"http:\/\/cordobateve.net\/index.php\/2021\/11\/22\/exclusivo-arnaldo-andre-el-caso-de-wanda-icardi-y-la-china-es-la-novela-del-momento\/","title":{"rendered":"Exclusivo: Arnaldo Andr\u00e9: \u00abEl caso de Wanda-Icardi y La China es la novela del momento\u00bb"},"content":{"rendered":"<div><img src=\"http:\/\/cordobateve.net\/wp-content\/uploads\/2021\/11\/exclusivo-arnaldo-andre-el-caso-de-wanda-icardi-y-la-china-es-la-novela-del-momento.jpg\" class=\"ff-og-image-inserted\"><\/div>\n<p>Andy Kusnetzoff&nbsp;fue al hueso con su pregunta a&nbsp;Flor Vigna&nbsp;, a cuatro meses de comenzado su noviazgo con&nbsp;Luciano Castro&nbsp;: \u00ab\u00bfTe da celos la relaci\u00f3n de tu pareja con Sabrina Rojas?\u00bb.<\/p>\n<p>Muy Segura, Flor asegur\u00f3 en&nbsp;PH: \u00abNo. Me encanta\u00bb. Luego, Vigna argument\u00f3 por qu\u00e9 no le molesta que los pap\u00e1s de&nbsp;Esperanza&nbsp; y&nbsp;Fausto&nbsp; sigan vinculados: \u00abPrimero&nbsp;no tengo celos de Sabrina porque Lu me da mucha seguridad\u00bb.<\/p>\n<p>\u00abSegundo, porque tengo muchos amigos con otros criterios sobre la pareja, que son m\u00e1s abiertos. Y ahora hay de todo, tengo un mont\u00f3n de criterios en mi cabeza. A m\u00ed me toc\u00f3 una forma de amar m\u00e1s tradicional, y por ah\u00ed soy m\u00e1s cursi o rom\u00e1ntica. Me gusta que seamos verdaderos\u00bb, cerr\u00f3 Flor Vigna.<\/p>\n<p>Con honestidad, Flor Vigna se refiri\u00f3 a la relaci\u00f3n que mantiene Luciano Castro, su pareja, con Sabrina Rojas, su esposa por 13 a\u00f1os.&nbsp;<\/p>\n<p><strong>\u00ab<\/strong>Yo veo mucho amor con Sabri y con Lu como padres y hacia toda su familia. Est\u00e1n aprendiendo a amarse de esta forma como familia, y es re evolutivo\u00bb, asegur\u00f3.<\/p>\n<p>\u00abSe re ocuparon de eso, se puede. Y obvio que todo el tiempo todos vamos a estar sumando para que funcione\u00bb, concluy\u00f3 Flor Vigna.<\/p>\n<figure class=\"wp-block-embed is-type-video is-provider-youtube wp-block-embed-youtube wp-embed-aspect-16-9 wp-has-aspect-ratio\">\n<p>\n<span class=\"embed-youtube\"><iframe loading=\"lazy\" class=\"youtube-player\" width=\"740\" height=\"417\" src=\"https:\/\/www.youtube.com\/embed\/wafFomNElDE?version=3&amp;rel=1&amp;showsearch=0&amp;showinfo=1&amp;iv_load_policy=1&amp;fs=1&amp;hl=es-ES&amp;autohide=2&amp;wmode=transparent\" allowfullscreen=\"true\" sandbox=\"allow-scripts allow-same-origin allow-popups allow-presentation\">[embedded content]<\/iframe><\/span>\n<\/p>\n<\/figure>\n","protected":false},"excerpt":{"rendered":"<p>Andy Kusnetzoff&nbsp;fue al hueso con su pregunta a&nbsp;Flor Vigna&nbsp;, a cuatro meses de comenzado su noviazgo con&nbsp;Luciano Castro&nbsp;: \u00ab\u00bfTe da celos la relaci\u00f3n de tu pareja con Sabrina Rojas?\u00bb. Muy Segura, Flor asegur\u00f3 en&nbsp;PH: \u00abNo. Me encanta\u00bb. Luego, Vigna argument\u00f3 por qu\u00e9 no le molesta que los pap\u00e1s de&nbsp;Esperanza&nbsp; y&nbsp;Fausto&nbsp; sigan vinculados: \u00abPrimero&nbsp;no tengo celos [&hellip;]<\/p>\n","protected":false},"author":1,"featured_media":24523,"comment_status":"closed","ping_status":"closed","sticky":false,"template":"","format":"standard","meta":[],"categories":[21],"tags":[],"_links":{"self":[{"href":"http:\/\/cordobateve.net\/index.php\/wp-json\/wp\/v2\/posts\/24522"}],"collection":[{"href":"http:\/\/cordobateve.net\/index.php\/wp-json\/wp\/v2\/posts"}],"about":[{"href":"http:\/\/cordobateve.net\/index.php\/wp-json\/wp\/v2\/types\/post"}],"author":[{"embeddable":true,"href":"http:\/\/cordobateve.net\/index.php\/wp-json\/wp\/v2\/users\/1"}],"replies":[{"embeddable":true,"href":"http:\/\/cordobateve.net\/index.php\/wp-json\/wp\/v2\/comments?post=24522"}],"version-history":[{"count":0,"href":"http:\/\/cordobateve.net\/index.php\/wp-json\/wp\/v2\/posts\/24522\/revisions"}],"wp:featuredmedia":[{"embeddable":true,"href":"http:\/\/cordobateve.net\/index.php\/wp-json\/wp\/v2\/media\/24523"}],"wp:attachment":[{"href":"http:\/\/cordobateve.net\/index.php\/wp-json\/wp\/v2\/media?parent=24522"}],"wp:term":[{"taxonomy":"category","embeddable":true,"href":"http:\/\/cordobateve.net\/index.php\/wp-json\/wp\/v2\/categories?post=24522"},{"taxonomy":"post_tag","embeddable":true,"href":"http:\/\/cordobateve.net\/index.php\/wp-json\/wp\/v2\/tags?post=24522"}],"curies":[{"name":"wp","href":"https:\/\/api.w.org\/{rel}","templated":true}]}}