{"id":2464,"date":"2020-10-21T19:05:13","date_gmt":"2020-10-21T19:05:13","guid":{"rendered":"https:\/\/enelmedio.tv\/?p=2271"},"modified":"2020-10-21T19:05:13","modified_gmt":"2020-10-21T19:05:13","slug":"el-papa-francisco-avalo-el-matrimonio-igualitario-los-homosexuales-tienen-derecho-a-estar-en-una-familia","status":"publish","type":"post","link":"http:\/\/cordobateve.net\/index.php\/2020\/10\/21\/el-papa-francisco-avalo-el-matrimonio-igualitario-los-homosexuales-tienen-derecho-a-estar-en-una-familia\/","title":{"rendered":"El papa Francisco aval\u00f3 el matrimonio igualitario: \u201cLos homosexuales tienen derecho a estar en una familia\u201d"},"content":{"rendered":"<div><img src=\"http:\/\/cordobateve.net\/wp-content\/uploads\/2020\/10\/el-papa-francisco-avalo-el-matrimonio-igualitario-los-homosexuales-tienen-derecho-a-estar-en-una-familia.jpg\" class=\"ff-og-image-inserted\"><\/div>\n<p>\u201cLas personas homosexuales tienen derecho a estar dentro en una familia, son hijos de Dios, tienen derecho a una familia. No se puede echar de una familia a nadie, ni hacerle la vida imposible por eso. Lo que tenemos que hacer es una ley de convivencia civil, tienen derecho a estar cubiertos legalmente. Yo defend\u00ed eso\u201d, explica el papa en el documental realizado por el estadounidense de origen ruso Evgeny Afineevsky.<\/p>\n<p>Con esas palabras el papa argentino aborda de nuevo un tema que divide a la iglesia y sobre el cual se ha referido en varias ocasiones con una mentalidad m\u00e1s abierta.<\/p>\n<p>\u201cDesde el inicio del pontificado el papa ha hablado de respeto hacia las homosexuales y ha estado en contra de su discriminaci\u00f3n. La novedad hoy es que defienda como papa una ley para las uniones civiles\u201d, explic\u00f3 a Rainews la vaticanista, Vania de Luca.<\/p>\n<p>Tras su elecci\u00f3n en 2013, el papa Francisco adopt\u00f3 un tono m\u00e1s tolerante hacia los homosexuales, lanzando su famosa frase \u201c\u00bfQui\u00e9n soy yo para juzgar?\u201d y recibiendo en varias ocasiones en el Vaticano a parejas homosexuales.<\/p>\n<p>El documental, de dos horas, recorre los siete a\u00f1os de pontificado y sus viajes con testimonios y entrevistas.<\/p>\n<p>Entre los momentos m\u00e1s emotivos de la pel\u00edcula, figura la llamada telef\u00f3nica del papa a una pareja homosexual, con tres hijos peque\u00f1os a cargo, como respuesta a una carta que le enviaron en la que cuentan la verg\u00fcenza que sienten por llevar a sus hijos a la parroquia.<\/p>\n<p>Francisco los invita a seguir acudiendo a la iglesia independientemente de los juicios de los dem\u00e1s.<\/p>\n<p>Otro testimonio conmovedor es el del chileno Juan Carlos Cruz, v\u00edctima y activista contra los abusos sexuales, quien acompa\u00f1\u00f3 este mi\u00e9rcoles al director a la proyecci\u00f3n del filme en Roma.<\/p>\n<p>\u201cCuando conoc\u00ed al papa Francisco me dijo que sent\u00eda mucho lo sucedido. Juan, es Dios quien te hizo gay y en todo caso te ama. Dios te ama y el papa tambi\u00e9n te ama\u201d, cuenta Cruz en el filme.<\/p>\n","protected":false},"excerpt":{"rendered":"<p>\u201cLas personas homosexuales tienen derecho a estar dentro en una familia, son hijos de Dios, tienen derecho a una familia. No se puede echar de una familia a nadie, ni hacerle la vida imposible por eso. Lo que tenemos que hacer es una ley de convivencia civil, tienen derecho a estar cubiertos legalmente. Yo defend\u00ed [&hellip;]<\/p>\n","protected":false},"author":1,"featured_media":2465,"comment_status":"closed","ping_status":"closed","sticky":false,"template":"","format":"standard","meta":[],"categories":[23],"tags":[],"_links":{"self":[{"href":"http:\/\/cordobateve.net\/index.php\/wp-json\/wp\/v2\/posts\/2464"}],"collection":[{"href":"http:\/\/cordobateve.net\/index.php\/wp-json\/wp\/v2\/posts"}],"about":[{"href":"http:\/\/cordobateve.net\/index.php\/wp-json\/wp\/v2\/types\/post"}],"author":[{"embeddable":true,"href":"http:\/\/cordobateve.net\/index.php\/wp-json\/wp\/v2\/users\/1"}],"replies":[{"embeddable":true,"href":"http:\/\/cordobateve.net\/index.php\/wp-json\/wp\/v2\/comments?post=2464"}],"version-history":[{"count":0,"href":"http:\/\/cordobateve.net\/index.php\/wp-json\/wp\/v2\/posts\/2464\/revisions"}],"wp:featuredmedia":[{"embeddable":true,"href":"http:\/\/cordobateve.net\/index.php\/wp-json\/wp\/v2\/media\/2465"}],"wp:attachment":[{"href":"http:\/\/cordobateve.net\/index.php\/wp-json\/wp\/v2\/media?parent=2464"}],"wp:term":[{"taxonomy":"category","embeddable":true,"href":"http:\/\/cordobateve.net\/index.php\/wp-json\/wp\/v2\/categories?post=2464"},{"taxonomy":"post_tag","embeddable":true,"href":"http:\/\/cordobateve.net\/index.php\/wp-json\/wp\/v2\/tags?post=2464"}],"curies":[{"name":"wp","href":"https:\/\/api.w.org\/{rel}","templated":true}]}}