{"id":25877,"date":"2022-01-05T07:46:00","date_gmt":"2022-01-05T07:46:00","guid":{"rendered":"https:\/\/lapampanuestra.com\/2022\/01\/05\/encontro-en-situacion-de-calle-a-gustavo-bazterrica-guitarrista-de-los-abuelos-de-la-nada-y-lo-alojo-en-su-casa\/"},"modified":"2022-01-05T07:46:00","modified_gmt":"2022-01-05T07:46:00","slug":"encontro-en-situacion-de-calle-a-gustavo-bazterrica-guitarrista-de-los-abuelos-de-la-nada-y-lo-alojo-en-su-casa","status":"publish","type":"post","link":"http:\/\/cordobateve.net\/index.php\/2022\/01\/05\/encontro-en-situacion-de-calle-a-gustavo-bazterrica-guitarrista-de-los-abuelos-de-la-nada-y-lo-alojo-en-su-casa\/","title":{"rendered":"Encontr\u00f3 en situaci\u00f3n de calle a Gustavo Bazterrica, guitarrista de Los Abuelos de la Nada, y lo aloj\u00f3 en su casa"},"content":{"rendered":"<p><img width=\"600\" height=\"338\" src=\"http:\/\/cordobateve.net\/wp-content\/uploads\/2022\/01\/encontro-en-situacion-de-calle-a-gustavo-bazterrica-guitarrista-de-los-abuelos-de-la-nada-y-lo-alojo-en-su-casa.jpg\" class=\"attachment-post-thumbnail size-post-thumbnail wp-post-image\" alt=\"encontro-en-situacion-de-calle-a-gustavo-bazterrica,-guitarrista-de-los-abuelos-de-la-nada,-y-lo-alojo-en-su-casa\" loading=\"lazy\" \/><\/p>\n<div>\n<p>El reconocido guitarrista <strong>Gustavo Bazterrica<\/strong> no atraviesa un presente f\u00e1cil: qued\u00f3 en situaci\u00f3n de calle, en medio de problemas econ\u00f3micos y de salud. Sin embargo, <strong>fue rescatado por un fan\u00e1tico<\/strong> que no solo le dio hospedaje, sino tambi\u00e9n todo lo necesario para que comience a cambiar su suerte. <\/p>\n<p>Sin lugar a dudas, &#8220;El Vasco&#8221;, de 66 a\u00f1os, es todo un <strong>\u00edcono del rock nacional<\/strong>. Sin ir m\u00e1s lejos, comparti\u00f3 banda con <a alt=\"charly-garcia\" href=\"https:\/\/www.clarin.com\/tema\/charly-garcia.html\" target=\"_blank\" title=\"charly-garcia\" rel=\"noopener noreferrer\">Charly Garc\u00eda<\/a>, en La M\u00e1quina de Hacer P\u00e1jaros; con <a alt=\"luis-alberto-spinetta\" href=\"https:\/\/www.clarin.com\/tema\/luis-alberto-spinetta.html\" target=\"_blank\" title=\"luis-alberto-spinetta\" rel=\"noopener noreferrer\">Luis Alberto Spinetta<\/a>, en La Banda de Spinetta, y con Miguel Abuelo, en <a alt=\"los-abuelos-de-la-nada\" href=\"https:\/\/www.clarin.com\/tema\/los-abuelos-de-la-nada.html\" target=\"_blank\" title=\"los-abuelos-de-la-nada\" rel=\"noopener noreferrer\">Los Abuelos de la Nada<\/a>.<\/p>\n<p>No obstante, a pesar de su envidiable trayectoria dentro del mundo de la m\u00fasica, comenz\u00f3 a vivir una pesadilla desde hace algunos a\u00f1os. Finalmente, tras quedarse sin techo, escribi\u00f3 a fines del diciembre pasado un pedido de ayuda en su cuenta oficial de Facebook: &#8220;Debido a diferencias irreconciliables con mi expareja, <strong>necesito un hogar<\/strong> de tr\u00e1nsito hasta que salgan mis papeles de la pensi\u00f3n&#8221;.<\/p>\n<p>M\u00e1s temprano que tarde, ese auxilio lleg\u00f3. Fue un joven desconocido, llamado <strong>Emiliano Bustos<\/strong>, quien se cruz\u00f3 de casualidad con Bazterrica y, tras conocer su historia, decidi\u00f3 brindarle apoyo. Luego, cont\u00f3 la historia en su cuenta de Facebook, con un posteo acompa\u00f1ado por una foto en la que se lo ve junto al guitarrista.<\/p>\n<p>\u201cNo s\u00e9 por donde empezar. Me cruc\u00e9 hace unos d\u00edas con este se\u00f1or en un cajero autom\u00e1tico, lleg\u00f3 en un rem\u00eds y al toque me di cuenta que <strong>ten\u00eda problemas motrices<\/strong>. No se pod\u00eda casi ni bajar del auto, lo ayud\u00e9 y le ced\u00ed mi lugar en la fila del cajero. Apenas caminaba y mientras lo ayudaba a sostenerse empezamos a charlar\u201d, comenz\u00f3 el relato. <\/p>\n<div>\n<div>\n<picture><source media=\"(min-width: 720px)\" ><\/img><br \/>\n<\/source><\/picture><figcaption>\n<p>Gustavo Bazterrica recibi\u00f3 la ayuda de un fan\u00e1tico tras quedarse sin techo\n<\/p>\n<\/figcaption><\/div>\n<\/div>\n<p>Y continu\u00f3: \u201c<strong>Le dije que le ve\u00eda cara conocida<\/strong> y me dijo que era nada m\u00e1s y nada menos que Gustavo Bazterrica. Eterno guitarrista de Los Abuelos de la Nada\u201d.<\/p>\n<p>&#8220;Me doli\u00f3 verlo tan deteriorado. Con la cabeza s\u00faper lucida, pero con graves problemas motrices. La cuestion es que lo ayud\u00e9\u00a0a subir al rem\u00eds y se fue.\u00a0D\u00edas despu\u00e9s subi\u00f3 un estado en Facebook diciendo que no ten\u00eda d\u00f3nde vivir. Y yo, al igual que miles que comentaron con intenci\u00f3n de ayudarlo, fui uno m\u00e1s que se sum\u00f3 a ese pedido y no s\u00e9\u00a0por qu\u00e9, entre tantos, ayer a la noche <strong>me lleg\u00f3 un mensaje suyo<\/strong> renovando su pedido de ayuda. As\u00ed\u00a0que me puse a su disposici\u00f3n y lo traje a mi casa&#8221;, cont\u00f3. <\/p>\n<p>Luego, precis\u00f3: &#8220;<strong>Lo ayud\u00e9\u00a0a ba\u00f1arse, le d\u00ed\u00a0de comer, le compr\u00e9\u00a0remedios y ac\u00e1\u00a0estamos<\/strong>. En casa charlando de la vida, d\u00e1ndole compa\u00f1\u00eda y asisti\u00e9ndolo. M\u00e1s que hablando, escuchando, aprendiendo, deleit\u00e1ndome con sus infinitas historias&#8221;.\u00a0<\/p>\n<p>Adem\u00e1s, reflexion\u00f3: &#8220;Todos alg\u00fan d\u00eda llegaremos a tal edad y no le deseo a nadie llegar as\u00ed, o espero que todos tengamos alguien en quien confiar. Tengo mucho miedo, s\u00ed. Miedo. Jam\u00e1s traje alguien a vivir a casa y menos una persona mayor y con sus limitaciones. Pero me la jugu\u00e9, me anim\u00e9. Con todas las dificultades que lleva y la asistencia que requiere&#8221;.<\/p>\n<p>&#8220;<strong>No lo hice porque es el vasco Bazterrica.<\/strong> Porque cuando lo ayud\u00e9 no sab\u00eda ni qui\u00e9n era. Lo hice porque alg\u00fan d\u00eda todos vamos a tener 66 y la vida nos pasa factura a todos. No lo tomo como una molestia o una carga. Sino como un aprendizaje, y un favor a este hombre y a la vida. Porque tarde o temprano todo vuelve, todo llega y todos vivimos lo mismo que el otro&#8221;, cerr\u00f3. <\/p>\n<p>Seg\u00fan el propio m\u00fasico confes\u00f3 tiempo atr\u00e1s, sufri\u00f3 una grave adicci\u00f3n a la coca\u00edna, lo que le caus\u00f3 muchos problemas. En 2018, varios de sus colegas y amigos organizaron el concierto &#8220;Todos por el Vasco Bazterrica&#8221;. <\/p>\n<p><em>DB<\/em><\/p>\n<div>\n<h2>TEMAS QUE APARECEN EN ESTA NOTA<\/h2>\n<\/div>\n<\/div>\n","protected":false},"excerpt":{"rendered":"<p>El reconocido guitarrista Gustavo Bazterrica no atraviesa un presente f\u00e1cil: qued\u00f3 en situaci\u00f3n de calle, en medio de problemas econ\u00f3micos y de salud. Sin embargo, fue rescatado por un fan\u00e1tico que no solo le dio hospedaje, sino tambi\u00e9n todo lo necesario para que comience a cambiar su suerte. Sin lugar a dudas, &#8220;El Vasco&#8221;, de [&hellip;]<\/p>\n","protected":false},"author":1,"featured_media":0,"comment_status":"open","ping_status":"closed","sticky":false,"template":"","format":"standard","meta":[],"categories":[21],"tags":[],"_links":{"self":[{"href":"http:\/\/cordobateve.net\/index.php\/wp-json\/wp\/v2\/posts\/25877"}],"collection":[{"href":"http:\/\/cordobateve.net\/index.php\/wp-json\/wp\/v2\/posts"}],"about":[{"href":"http:\/\/cordobateve.net\/index.php\/wp-json\/wp\/v2\/types\/post"}],"author":[{"embeddable":true,"href":"http:\/\/cordobateve.net\/index.php\/wp-json\/wp\/v2\/users\/1"}],"replies":[{"embeddable":true,"href":"http:\/\/cordobateve.net\/index.php\/wp-json\/wp\/v2\/comments?post=25877"}],"version-history":[{"count":0,"href":"http:\/\/cordobateve.net\/index.php\/wp-json\/wp\/v2\/posts\/25877\/revisions"}],"wp:attachment":[{"href":"http:\/\/cordobateve.net\/index.php\/wp-json\/wp\/v2\/media?parent=25877"}],"wp:term":[{"taxonomy":"category","embeddable":true,"href":"http:\/\/cordobateve.net\/index.php\/wp-json\/wp\/v2\/categories?post=25877"},{"taxonomy":"post_tag","embeddable":true,"href":"http:\/\/cordobateve.net\/index.php\/wp-json\/wp\/v2\/tags?post=25877"}],"curies":[{"name":"wp","href":"https:\/\/api.w.org\/{rel}","templated":true}]}}