{"id":26165,"date":"2022-01-14T06:25:18","date_gmt":"2022-01-14T06:25:18","guid":{"rendered":"https:\/\/pablolayus.com.ar\/?p=131032"},"modified":"2022-01-14T06:25:18","modified_gmt":"2022-01-14T06:25:18","slug":"bajo-terapia-y-encuentados-en-villa-carlos-paz","status":"publish","type":"post","link":"http:\/\/cordobateve.net\/index.php\/2022\/01\/14\/bajo-terapia-y-encuentados-en-villa-carlos-paz\/","title":{"rendered":"\u201cBajo Terapia\u201d y \u201cEncuentados\u201d en Villa Carlos Paz"},"content":{"rendered":"<div><img src=\"http:\/\/cordobateve.net\/wp-content\/uploads\/2022\/01\/bajo-terapia-y-encuentados-en-villa-carlos-paz.jpg\" class=\"ff-og-image-inserted\"><\/div>\n<p>M\u00e1s propuestas para esta temporada en <strong><em>Villa Carlos Paz<\/em><\/strong>. En este caso, dos producciones de <strong>\u201cLa Comedia San Francisco\u201d<\/strong> que se presentan los s\u00e1bados en el <strong>Teatro Zorba<\/strong>.<\/p>\n<p><strong><em>\u201cBajo Terapia\u201d<\/em><\/strong>, de <strong>Mat\u00edas del Federico<\/strong>, cuenta la historia de tres parejas que acuden a terapia con la intenci\u00f3n de tratar sus conflictos, pero se encontrar\u00e1n con una sesi\u00f3n <em>\u201cm\u00e1s intensa que la esperada\u201d<\/em>. En cada encuentro, la psic\u00f3loga deja sobres con consignas para abordar y analizar entre todos. Cada uno de esos sobres, propone nuevos e ingeniosos interrogantes, transformando la sesi\u00f3n en un caos desopilante.<\/p>\n<p>Una obra repleta de conflictos inesperados \u2013 donde nada es lo que parece \u2013 que transita con un humor \u00e1cido, \u00e1gil e inteligente los problemas&nbsp; de parejas en diferentes etapas de su vida, sacando a la luz conflictos, pasiones y mentiras.<\/p>\n<p>El elenco est\u00e1 compuesto por <strong>Paula Toranzo<\/strong>, <strong>Adri\u00e1n Trucco<\/strong>, <strong>Gigi Ottino<\/strong>, <strong>Dar\u00edo Bonino<\/strong>, <strong>Marianela Panero<\/strong> y <strong>Gast\u00f3n Giordano<\/strong>. Con la direcci\u00f3n de <strong>Adri\u00e1n Vocos<\/strong>, y la producci\u00f3n de <strong><em>\u201cLa Comedia San Francisco\u201d<\/em><\/strong>.<\/p>\n<p><strong><em>\u201cEncuentados\u201d<\/em><\/strong>, de <strong>Adri\u00e1n Vocos<\/strong>, es <em>\u201cuna aldea de cuentos m\u00e1gicos, cubierta y custodiada por un blanco hechizo de las hadas\u201d<\/em>, que <em>\u201cpermanecer\u00e1 siempre latiendo historias que, como en el teatro, nacer\u00e1n en la luz y terminar\u00e1n para volver a revivir eternamente mientras la imaginaci\u00f3n o la lectura de ni\u00f1os y ni\u00f1as exista\u201d<\/em>.<\/p>\n<p>Pero, seg\u00fan cuenta la obra, en <strong><em>\u201cEncuentados\u201d<\/em><\/strong> alguien no est\u00e1 siendo imaginada, ni le\u00edda ni tenida en cuenta y <em>\u201cdesde las oscuridades de la negra magia llegar\u00e1 un ser oscuro para irrumpir con las historias, tom\u00e1ndolas, haci\u00e9ndolas propias y reinventando los cuentos de una forma retorcida y enfermando a todos hasta lograr su cometido: El mal\u201d<\/em>.<\/p>\n<p>Una obra que habla sobre la importancia de la lectura, sobre los valores de la amistad y los pactos de palabra. Tambi\u00e9n sobre la confianza y la ilusi\u00f3n en la fantas\u00eda pero dejando en claro el dolor, los duelos ante la muerte y la esperanza de <em>\u201cun colorido mas all\u00e1\u201d<\/em>.<\/p>\n<p>Cargada de risas, aventuras, oscuridades y lagrimas en la reflexi\u00f3n de la posverdad, todos vivir\u00e1n en un maravilloso hechizo de encanto, magia&nbsp;y color en donde el mejor deseo siempre habr\u00e1 sido <em>\u201cestar Encuentados\u201d<\/em>.<\/p>\n<p>Act\u00faan en este caso: <strong>Milagros Nieva<\/strong> (<strong><em>Mal\u00e9fica<\/em><\/strong>), <strong>Ver\u00f3nica Castro<\/strong> (<strong><em>Mam\u00e1\/Cenicienta<\/em><\/strong>), <strong>Luca Roteda<\/strong> (<strong><em>Duque\/Capit\u00e1n Garfio<\/em><\/strong>), <strong>Gast\u00f3n Giordano<\/strong> (<strong><em>Pr\u00edncipe\/Peter Pan<\/em><\/strong>), <strong>Lautaro Rosso<\/strong> (<strong><em>Morbidon<\/em><\/strong>), <strong>Gonzalo Paviolo<\/strong> (<strong><em>Ni\u00f1o Oscarcito\/Hanzel<\/em><\/strong>), <strong>Emilia Bailo<\/strong> (<strong><em>Hermanastra\/Gretel<\/em><\/strong>), <strong>Luz Lescano<\/strong> (<strong><em>Hermanastra\/Hada Habiducha<\/em><\/strong>), <strong>Silvia Seguezzi<\/strong> (<strong><em>Bruja<\/em><\/strong>). Es una producci\u00f3n de <em><strong>\u201cLa Comedia San Francisco\u201d<\/strong><\/em> y <strong><em>\u201cNuevo Siglo Producciones\u201d<\/em><\/strong>.<\/p>\n<p>Ambas obras se presentan los d\u00edas s\u00e1bados en el <strong><em>Teatro Zorba<\/em><\/strong> (Montevideo 13), de <em><strong>Villa Carlos Paz<\/strong><\/em>. <strong><em>\u201cEncuentados\u201d<\/em><\/strong> a las 19 y <em><strong>\u201cBajo Terapia\u201d<\/strong><\/em> a las 20.<\/p>\n","protected":false},"excerpt":{"rendered":"<p>M\u00e1s propuestas para esta temporada en Villa Carlos Paz. En este caso, dos producciones de \u201cLa Comedia San Francisco\u201d que se presentan los s\u00e1bados en el Teatro Zorba. \u201cBajo Terapia\u201d, de Mat\u00edas del Federico, cuenta la historia de tres parejas que acuden a terapia con la intenci\u00f3n de tratar sus conflictos, pero se encontrar\u00e1n con [&hellip;]<\/p>\n","protected":false},"author":1,"featured_media":26166,"comment_status":"closed","ping_status":"closed","sticky":false,"template":"","format":"standard","meta":[],"categories":[21],"tags":[],"_links":{"self":[{"href":"http:\/\/cordobateve.net\/index.php\/wp-json\/wp\/v2\/posts\/26165"}],"collection":[{"href":"http:\/\/cordobateve.net\/index.php\/wp-json\/wp\/v2\/posts"}],"about":[{"href":"http:\/\/cordobateve.net\/index.php\/wp-json\/wp\/v2\/types\/post"}],"author":[{"embeddable":true,"href":"http:\/\/cordobateve.net\/index.php\/wp-json\/wp\/v2\/users\/1"}],"replies":[{"embeddable":true,"href":"http:\/\/cordobateve.net\/index.php\/wp-json\/wp\/v2\/comments?post=26165"}],"version-history":[{"count":0,"href":"http:\/\/cordobateve.net\/index.php\/wp-json\/wp\/v2\/posts\/26165\/revisions"}],"wp:featuredmedia":[{"embeddable":true,"href":"http:\/\/cordobateve.net\/index.php\/wp-json\/wp\/v2\/media\/26166"}],"wp:attachment":[{"href":"http:\/\/cordobateve.net\/index.php\/wp-json\/wp\/v2\/media?parent=26165"}],"wp:term":[{"taxonomy":"category","embeddable":true,"href":"http:\/\/cordobateve.net\/index.php\/wp-json\/wp\/v2\/categories?post=26165"},{"taxonomy":"post_tag","embeddable":true,"href":"http:\/\/cordobateve.net\/index.php\/wp-json\/wp\/v2\/tags?post=26165"}],"curies":[{"name":"wp","href":"https:\/\/api.w.org\/{rel}","templated":true}]}}