{"id":26183,"date":"2022-01-15T01:51:00","date_gmt":"2022-01-15T01:51:00","guid":{"rendered":"https:\/\/lapampanuestra.com\/2022\/01\/14\/la-primera-foto-del-romance-benjamin-vicuna-y-eli-sulichin-juntos-en-punta-del-este\/"},"modified":"2022-01-15T01:51:00","modified_gmt":"2022-01-15T01:51:00","slug":"la-primera-foto-del-romance-benjamin-vicuna-y-eli-sulichin-juntos-en-punta-del-este","status":"publish","type":"post","link":"http:\/\/cordobateve.net\/index.php\/2022\/01\/15\/la-primera-foto-del-romance-benjamin-vicuna-y-eli-sulichin-juntos-en-punta-del-este\/","title":{"rendered":"\u00bfLa primera foto del romance? Benjam\u00edn Vicu\u00f1a y Eli Sulichin, juntos en Punta del Este"},"content":{"rendered":"<p><img width=\"1365\" height=\"766\" src=\"http:\/\/cordobateve.net\/wp-content\/uploads\/2022\/01\/la-primera-foto-del-romance-benjamin-vicuna-y-eli-sulichin-juntos-en-punta-del-este.jpg\" class=\"attachment-post-thumbnail size-post-thumbnail wp-post-image\" alt=\"\u00bfla-primera-foto-del-romance?-benjamin-vicuna-y-eli-sulichin,-juntos-en-punta-del-este\" loading=\"lazy\" \/><\/p>\n<div>\n<div>\n<h2>Laura Ubfal public\u00f3 la imagen en Instagram en donde se ve al actor acompa\u00f1ado por una mujer. Seg\u00fan la periodista, se trata de la nueva novia del chileno.<\/h2>\n<div>\n<p><time datetime=\"2022-01-15T01:50:38+00:00\"><span>Fecha de publicaci\u00f3n:<\/span> <span>14 de enero 2022, 22:50hs<\/span><\/time><\/p>\n<\/div>\n<\/div>\n<div>\n<figure class=\"\">\n<div><picture><source media=\"(max-width: 728px)\" type=\"image\/jpg\"><\/source><source media=\"(max-width: 1023px)\" type=\"image\/jpg\"><\/source><source type=\"image\/jpg\"><\/source><\/img><\/picture><\/div><figcaption>Benjam\u00edn Vicu\u00f1a y Eli Sulichin, juntos en Punta del Este: se conoci\u00f3 la primera foto del romance (Foto: Instagram benjaminvicuna.ok)<\/figcaption><\/figure>\n<\/div>\n<\/div>\n<div data-fusion-lazy-id=\"0fHmmdWCJrV\">\n<div>\n<p>Tras su separaci\u00f3n de <a href=\"https:\/\/tn.com.ar\/show\/famosos\/2022\/01\/10\/aseguran-que-la-china-suarez-esta-en-paris-y-crecen-los-rumores-de-un-reencuentro-con-mauro-icardi\/\" target=\"_blank\" rel=\"noopener noreferrer\"><b>Eugenia la China Su\u00e1rez<\/b><\/a>, trascendi\u00f3 que <a href=\"https:\/\/tn.com.ar\/show\/famosos\/2021\/12\/31\/de-benjamin-vicuna-a-yanina-latorre-asi-sera-el-festejo-de-ano-nuevo-de-los-famosos\/\"><b>Benjam\u00edn Vicu\u00f1a<\/b><\/a> estar\u00eda apostando al amor de la mano de <a href=\"https:\/\/tn.com.ar\/show\/famosos\/2021\/12\/31\/aseguran-que-benjamin-vicuna-esta-saliendo-con-una-amiga-de-pampita\/\" target=\"_blank\" rel=\"noopener noreferrer\"><b>Eli Sulichin<\/b>, una joven modelo de 32 a\u00f1os<\/a>. Hasta el momento el actor chileno se llam\u00f3 a silencio. Sin embargo, este viernes <b>qued\u00f3 al descubierto en una foto que circul\u00f3 en redes.<\/b><\/p>\n<p><b>\u201cJuntos en el parador La Huella. Benjam\u00edn Vicu\u00f1a y Eli Sulichin\u201d<\/b>, escribi\u00f3 Laura Ubfal al publicar la foto donde se ve claramente al actor y a una mujer de espaldas.<\/p>\n<p><i><b>Lee tambi\u00e9n. <\/b><\/i><a href=\"https:\/\/tn.com.ar\/show\/famosos\/2022\/01\/04\/ana-rosenfeld-conto-intimidades-de-eli-sulichin-la-nueva-novia-de-benjamin-vicuna\/\" target=\"_blank\" rel=\"noopener noreferrer\"><i><b>Ana Rosenfeld cont\u00f3 intimidades de Eli Sulich\u00edn, la nueva novia de Benjam\u00edn Vicu\u00f1a<\/b><\/i><\/a><i><b>.<\/b><\/i><\/p>\n<p>La postal dividi\u00f3 las opiniones: <b>mientras algunos celebraron el amor, otros pusieron en duda que realmente fuera la modelo, ya que no se le ve el rostro<\/b>.<\/p>\n<figure class=\"\">\n<div><picture><source media=\"(max-width: 728px)\" type=\"image\/jpg\"><\/source><source media=\"(max-width: 1023px)\" type=\"image\/jpg\"><\/source><source type=\"image\/jpg\"><\/source><\/img><\/picture><\/div><figcaption>Benjam\u00edn Vicu\u00f1a junto a Eli Sulich\u00edn en Punta del Este. (Foto: Captura)<\/figcaption><\/figure>\n<h2>C\u00f3mo surgieron los rumores de romance entre Benjam\u00edn Vicu\u00f1a y Eli Sulich\u00edn<\/h2>\n<p>Todo sali\u00f3 a la luz el 31 de diciembre en <i><b>Los \u00e1ngeles de la ma\u00f1ana<\/b><\/i> <i><b>(eltrece)<\/b><\/i><i>. <\/i>Seg\u00fan coment\u00f3 <b>\u00c1ngel de Brito<\/b>, <a href=\"https:\/\/tn.com.ar\/show\/famosos\/2021\/12\/31\/aseguran-que-benjamin-vicuna-esta-saliendo-con-una-amiga-de-pampita\/\" target=\"_blank\" rel=\"noopener noreferrer\">el actor comenz\u00f3 una relaci\u00f3n<b> <\/b>con una modelo e <i>influencer<\/i> <\/a>que tambi\u00e9n es amiga de <a href=\"https:\/\/tn.com.ar\/show\/famosos\/2021\/12\/15\/pampita-prepara-sus-exclusivas-vacaciones-un-mes-en-mexico-con-40-invitados\/\">Pampita<\/a>.<\/p>\n<p>\u201cRomance aceptado por \u00e9l y por Pampita. Es la primera vez que ella est\u00e1 contenta por la persona con la que sale con Benjam\u00edn. Ninguna le gustaba a ella. <b>Esta es una chica bien, de buena familia, buena gente<\/b>\u201d, coment\u00f3 <b>Yanina Latorre <\/b>sobre el nuevo inter\u00e9s rom\u00e1ntico de Vicu\u00f1a.<\/p>\n<figure class=\"\">\n<div><picture><source media=\"(max-width: 728px)\" type=\"image\/jpg\"><\/source><source media=\"(max-width: 1023px)\" type=\"image\/jpg\"><\/source><source type=\"image\/jpg\"><\/source><\/img><\/picture><\/div><figcaption>Eli Sulich\u00edn, la modelo e influencer que est\u00e1 saliendo con Benjam\u00edn Vicu\u00f1a (Foto Captura Instagram\/elisulichin).<br \/>\n<\/figcaption><\/figure>\n<p>Y agreg\u00f3: \u201cNo es del medio, no le interesa la fama. <b>Es muy amiga de las hijas de Ana Rosenfeld<\/b>. Tiene 32 a\u00f1os. Trabaja en marketing en una empresa\u201d.<\/p>\n<p>Luego de que dieran la primicia, la propia Pampita le mand\u00f3 un audio al conductor y<b> dio su visto bueno del romance<\/b>.<\/p>\n<p>Acto seguido, Yanina asegur\u00f3 que el chileno <b>se encuentra muy enamorado<\/b> y que ambos est\u00e1n viviendo su relaci\u00f3n a full:<b> \u201cSe conocieron en <\/b><a href=\"https:\/\/tn.com.ar\/show\/famosos\/2021\/12\/19\/pampita-bautizo-a-su-hija-ana-garcia-moritan-eligio-dos-madrinas-y-dos-padrinos\/\" target=\"_blank\" rel=\"noopener noreferrer\"><b>el bautismo de Ana<\/b><\/a><b>. Nunca m\u00e1s se dejaron de ver\u201d.<\/b><\/p>\n<h2>Ana Rosenfeld cont\u00f3 intimidades de Eli Sulich\u00edn, la nueva novia de Benjam\u00edn Vicu\u00f1a<\/h2>\n<p><a href=\"https:\/\/tn.com.ar\/show\/famosos\/2022\/01\/04\/ana-rosenfeld-conto-intimidades-de-eli-sulichin-la-nueva-novia-de-benjamin-vicuna\/\" target=\"_blank\" rel=\"noopener noreferrer\"><b>Ana Rosenfeld <\/b>conoce desde hace mucho tiempo a Eli<\/a>. En di\u00e1logo con un medio chileno llamado Las \u00faltimas noticias, sostuvo: \u201cLa conozco desde que naci\u00f3 y es la mejor amiga de mis hijas. <b>Yo soy amiga de la mam\u00e1 y el pap\u00e1 de Eli de toda la vida. <\/b>Hemos viajado juntos a Uruguay, Europa y Estados Unidos\u201d.<\/p>\n<figure class=\"\">\n<div><picture><source media=\"(max-width: 728px)\" type=\"image\/jpg\"><\/source><source media=\"(max-width: 1023px)\" type=\"image\/jpg\"><\/source><source type=\"image\/jpg\"><\/source><\/img><\/picture><\/div><figcaption>Eli y Benjam\u00edn se conocieron en el bautismo de Ana Garc\u00eda Morit\u00e1n (Foto Captura Instagram\/elisulichin).<br \/>\n<\/figcaption><\/figure>\n<p><a href=\"https:\/\/tn.com.ar\/show\/novedades\/2021\/11\/22\/pidio-a-gritos-volver-a-recuperar-la-confianza-de-wanda-ana-rosenfeld-conto-la-conversacion-que-tuvo-con-mauro-icardi\/\">La abogada <\/a>explic\u00f3 que <b>la relaci\u00f3n que tienen entre ellas es \u201camorosa\u201d<\/b>, y que <b>llegan a hablar tres veces por d\u00eda.<\/b> Consultada por saber qu\u00e9 le aconsej\u00f3 a Eli sobre su vida sentimental, Ana cuenta que su sugerencia fue \u201cque disfrute el momento, que est\u00e9 feliz y que Dios proveer\u00e1\u201d.<\/p>\n<p>Hablando de c\u00f3mo vive la pareja este romance, Ana explic\u00f3 que ellos est\u00e1n \u201cs\u00faper entusiasmados y s\u00faper emocionados\u201d.<\/p>\n<\/div>\n<\/div>\n","protected":false},"excerpt":{"rendered":"<p>Laura Ubfal public\u00f3 la imagen en Instagram en donde se ve al actor acompa\u00f1ado por una mujer. Seg\u00fan la periodista, se trata de la nueva novia del chileno. Fecha de publicaci\u00f3n: 14 de enero 2022, 22:50hs Benjam\u00edn Vicu\u00f1a y Eli Sulichin, juntos en Punta del Este: se conoci\u00f3 la primera foto del romance (Foto: Instagram [&hellip;]<\/p>\n","protected":false},"author":1,"featured_media":0,"comment_status":"open","ping_status":"closed","sticky":false,"template":"","format":"standard","meta":[],"categories":[21],"tags":[],"_links":{"self":[{"href":"http:\/\/cordobateve.net\/index.php\/wp-json\/wp\/v2\/posts\/26183"}],"collection":[{"href":"http:\/\/cordobateve.net\/index.php\/wp-json\/wp\/v2\/posts"}],"about":[{"href":"http:\/\/cordobateve.net\/index.php\/wp-json\/wp\/v2\/types\/post"}],"author":[{"embeddable":true,"href":"http:\/\/cordobateve.net\/index.php\/wp-json\/wp\/v2\/users\/1"}],"replies":[{"embeddable":true,"href":"http:\/\/cordobateve.net\/index.php\/wp-json\/wp\/v2\/comments?post=26183"}],"version-history":[{"count":0,"href":"http:\/\/cordobateve.net\/index.php\/wp-json\/wp\/v2\/posts\/26183\/revisions"}],"wp:attachment":[{"href":"http:\/\/cordobateve.net\/index.php\/wp-json\/wp\/v2\/media?parent=26183"}],"wp:term":[{"taxonomy":"category","embeddable":true,"href":"http:\/\/cordobateve.net\/index.php\/wp-json\/wp\/v2\/categories?post=26183"},{"taxonomy":"post_tag","embeddable":true,"href":"http:\/\/cordobateve.net\/index.php\/wp-json\/wp\/v2\/tags?post=26183"}],"curies":[{"name":"wp","href":"https:\/\/api.w.org\/{rel}","templated":true}]}}