{"id":27076,"date":"2022-02-09T18:00:00","date_gmt":"2022-02-09T18:00:00","guid":{"rendered":"http:\/\/womantime.com.ar\/?p=5622"},"modified":"2022-02-09T18:00:00","modified_gmt":"2022-02-09T18:00:00","slug":"quien-fue-san-valentin-y-por-que-se-celebra-el-14-de-febrero-el-dia-de-los-enamorados","status":"publish","type":"post","link":"http:\/\/cordobateve.net\/index.php\/2022\/02\/09\/quien-fue-san-valentin-y-por-que-se-celebra-el-14-de-febrero-el-dia-de-los-enamorados\/","title":{"rendered":"\u00bfQui\u00e9n fue San Valent\u00edn y por qu\u00e9 se celebra el 14 de febrero el D\u00eda de los Enamorados?"},"content":{"rendered":"<p><strong>Estamos transitando el \u00abmes del amor\u00bby faltan pocos d\u00edas para el 14 de febrero. En la siguiente nota te contamos el motivo por el cual se festeja esta fecha. <\/strong><\/p>\n<p>El d\u00eda de San Valent\u00edn es una celebraci\u00f3n tradicional de pa\u00edses anglosajones que se ha ido implantando en otros lugares a lo largo del siglo XX. Es la fecha en la que las parejas de enamorados expresan su amor y cari\u00f1o. Se celebra el 14 de febrero y su origen se remonta a la \u00e9poca del Imperio Romano.<\/p>\n<p>San Valent\u00edn era un sacerdote que, en el siglo III, ejerc\u00eda en Roma. Es esa \u00e9poca gobernaba el emperador Claudio II, quien decidi\u00f3 prohibir la celebraci\u00f3n de matrimonios para los j\u00f3venes, porque en su opini\u00f3n los solteros sin familia eran mejores soldados, ya que ten\u00edan menos ataduras.<\/p>\n<figure class=\"wp-block-image size-large\"><img data-attachment-id=\"24914\" data-permalink=\"https:\/\/womantime.com.ar\/la-historia-real-de-san-valentin-quien-fue-el-hombre-que-se-convirtio-en-el-emblema-del-dia-de-los-enamorados\/sanvalentinpareja-1\/\" data-orig-file=\"http:\/\/cordobateve.net\/wp-content\/uploads\/2022\/02\/quien-fue-san-valentin-y-por-que-se-celebra-el-14-de-febrero-el-dia-de-los-enamorados-8.jpg\" data-orig-size=\"1200,801\" data-comments-opened=\"1\" data-image-meta=\"{&quot;aperture&quot;:&quot;0&quot;,&quot;credit&quot;:&quot;&quot;,&quot;camera&quot;:&quot;&quot;,&quot;caption&quot;:&quot;&quot;,&quot;created_timestamp&quot;:&quot;0&quot;,&quot;copyright&quot;:&quot;&quot;,&quot;focal_length&quot;:&quot;0&quot;,&quot;iso&quot;:&quot;0&quot;,&quot;shutter_speed&quot;:&quot;0&quot;,&quot;title&quot;:&quot;&quot;,&quot;orientation&quot;:&quot;0&quot;}\" data-image-title data-image-description data-image-caption data-medium-file=\"http:\/\/cordobateve.net\/wp-content\/uploads\/2022\/02\/quien-fue-san-valentin-y-por-que-se-celebra-el-14-de-febrero-el-dia-de-los-enamorados-1.jpg\" data-large-file=\"http:\/\/cordobateve.net\/wp-content\/uploads\/2022\/02\/quien-fue-san-valentin-y-por-que-se-celebra-el-14-de-febrero-el-dia-de-los-enamorados.jpg\" loading=\"lazy\" width=\"1024\" height=\"684\" src=\"http:\/\/cordobateve.net\/wp-content\/uploads\/2022\/02\/quien-fue-san-valentin-y-por-que-se-celebra-el-14-de-febrero-el-dia-de-los-enamorados.jpg\" alt class=\"wp-image-24914\" srcset=\"http:\/\/cordobateve.net\/wp-content\/uploads\/2022\/02\/quien-fue-san-valentin-y-por-que-se-celebra-el-14-de-febrero-el-dia-de-los-enamorados.jpg 1024w, http:\/\/cordobateve.net\/wp-content\/uploads\/2022\/02\/quien-fue-san-valentin-y-por-que-se-celebra-el-14-de-febrero-el-dia-de-los-enamorados-1.jpg 300w, http:\/\/cordobateve.net\/wp-content\/uploads\/2022\/02\/quien-fue-san-valentin-y-por-que-se-celebra-el-14-de-febrero-el-dia-de-los-enamorados-2.jpg 768w, http:\/\/cordobateve.net\/wp-content\/uploads\/2022\/02\/quien-fue-san-valentin-y-por-que-se-celebra-el-14-de-febrero-el-dia-de-los-enamorados-3.jpg 414w, http:\/\/cordobateve.net\/wp-content\/uploads\/2022\/02\/quien-fue-san-valentin-y-por-que-se-celebra-el-14-de-febrero-el-dia-de-los-enamorados-4.jpg 470w, http:\/\/cordobateve.net\/wp-content\/uploads\/2022\/02\/quien-fue-san-valentin-y-por-que-se-celebra-el-14-de-febrero-el-dia-de-los-enamorados-5.jpg 130w, http:\/\/cordobateve.net\/wp-content\/uploads\/2022\/02\/quien-fue-san-valentin-y-por-que-se-celebra-el-14-de-febrero-el-dia-de-los-enamorados-6.jpg 187w, http:\/\/cordobateve.net\/wp-content\/uploads\/2022\/02\/quien-fue-san-valentin-y-por-que-se-celebra-el-14-de-febrero-el-dia-de-los-enamorados-7.jpg 990w, http:\/\/cordobateve.net\/wp-content\/uploads\/2022\/02\/quien-fue-san-valentin-y-por-que-se-celebra-el-14-de-febrero-el-dia-de-los-enamorados-8.jpg 1200w\" sizes=\"(max-width: 1024px) 100vw, 1024px\"><\/figure>\n<p>El sacerdote consider\u00f3 que el decreto era injusto y desafi\u00f3 al emperador. \u00c9l comenz\u00f3 a celebrar en secreto matrimonios (de ah\u00ed se ha popularizado que San Valent\u00edn sea el patr\u00f3n de los enamorados). Por sus actos, el emperador lo encarcel\u00f3 y orden\u00f3 que su decapitaci\u00f3n se llevara a cabo el 14 de febrero del a\u00f1o 270. <\/p>\n<p>Los d\u00edas que estuvo esperando en prisi\u00f3n para su ejecuci\u00f3n vio que la hija del juez de la prisi\u00f3n era ciega, y por medio de oraciones pidi\u00f3 a Dios que la joven tuviera la dicha de poder ver. Durante el traslado a la plaza p\u00fablica para su ejecuci\u00f3n\u200b, San Valent\u00edn le regal\u00f3 un papelito a la joven para que lo leyera. Ella, sin entender el motivo, ya que era ciega, abri\u00f3 el papel y por primera vez logr\u00f3 ver y lo primero que vio era una frase que dec\u00eda \u00abTu Valent\u00edn\u00bb como forma de despedida.<\/p>\n<p>La joven, agradecida al santo, plant\u00f3 un almendro de flores rosadas junto a su tumba. De ah\u00ed que el almendro sea s\u00edmbolo de amor y amistad duraderos.<\/p>\n<h2 id=\"el-origen-de-los-regalos\">El origen de los regalos <\/h2>\n<p>Lo de hacer regalos como flores o bombones en San Valent\u00edn es algo del siglo XX. Despu\u00e9s de que el papa Gelasio I designara el 14 de febrero de 494 el primer d\u00eda oficial de San Valent\u00edn, la festividad fue incluida en el calendario lit\u00fargico tradicional y fue celebrada por la Iglesia cat\u00f3lica en los siguientes 15 siglos.<\/p>\n<p>Pero en 1969, bajo el pontificado de Pablo IV y despues del Concilio Vaticano II, fue eliminado del calendario.&nbsp;As\u00ed pas\u00f3 a ser una fecha con santo pero sin celebraci\u00f3n. Sin embargo&nbsp;ya era tarde, el festejo hab\u00eda echado ra\u00edces en varias sociedades.<\/p>\n<p>En el siglo XX se convirti\u00f3 en un gran negocio, cuando la revoluci\u00f3n industrial permiti\u00f3 la producci\u00f3n en cadena de tarjetas de felicitaci\u00f3n, uno de los regalos m\u00e1s frecuentes del d\u00eda de San Valent\u00edn.<\/p>\n<div class=\"sharedaddy sd-sharing-enabled\">\n<div class=\"robots-nocontent sd-block sd-social sd-social-icon sd-sharing\">\n<h3 class=\"sd-title\">Comparte esto:<\/h3>\n<\/div>\n<\/div>\n<div class=\"herald-da\"> <ins class=\"adsbygoogle\" data-ad-client=\"ca-pub-7765853155711265\" data-ad-slot=\"4031281682\" data-ad-format=\"auto\"><\/ins>\n<\/div>\n","protected":false},"excerpt":{"rendered":"<p>Estamos transitando el \u00abmes del amor\u00bby faltan pocos d\u00edas para el 14 de febrero. En la siguiente nota te contamos el motivo por el cual se festeja esta fecha. El d\u00eda de San Valent\u00edn es una celebraci\u00f3n tradicional de pa\u00edses anglosajones que se ha ido implantando en otros lugares a lo largo del siglo XX. [&hellip;]<\/p>\n","protected":false},"author":1,"featured_media":27077,"comment_status":"closed","ping_status":"closed","sticky":false,"template":"","format":"standard","meta":[],"categories":[2],"tags":[],"_links":{"self":[{"href":"http:\/\/cordobateve.net\/index.php\/wp-json\/wp\/v2\/posts\/27076"}],"collection":[{"href":"http:\/\/cordobateve.net\/index.php\/wp-json\/wp\/v2\/posts"}],"about":[{"href":"http:\/\/cordobateve.net\/index.php\/wp-json\/wp\/v2\/types\/post"}],"author":[{"embeddable":true,"href":"http:\/\/cordobateve.net\/index.php\/wp-json\/wp\/v2\/users\/1"}],"replies":[{"embeddable":true,"href":"http:\/\/cordobateve.net\/index.php\/wp-json\/wp\/v2\/comments?post=27076"}],"version-history":[{"count":0,"href":"http:\/\/cordobateve.net\/index.php\/wp-json\/wp\/v2\/posts\/27076\/revisions"}],"wp:featuredmedia":[{"embeddable":true,"href":"http:\/\/cordobateve.net\/index.php\/wp-json\/wp\/v2\/media\/27077"}],"wp:attachment":[{"href":"http:\/\/cordobateve.net\/index.php\/wp-json\/wp\/v2\/media?parent=27076"}],"wp:term":[{"taxonomy":"category","embeddable":true,"href":"http:\/\/cordobateve.net\/index.php\/wp-json\/wp\/v2\/categories?post=27076"},{"taxonomy":"post_tag","embeddable":true,"href":"http:\/\/cordobateve.net\/index.php\/wp-json\/wp\/v2\/tags?post=27076"}],"curies":[{"name":"wp","href":"https:\/\/api.w.org\/{rel}","templated":true}]}}