{"id":28099,"date":"2022-03-11T01:42:50","date_gmt":"2022-03-11T01:42:50","guid":{"rendered":"http:\/\/cordobateve.net\/index.php\/2022\/03\/11\/una-foto-de-gianinna-maradona-con-daniel-osvaldo-confirmaria-su-reconciliacion\/"},"modified":"2022-03-11T01:42:50","modified_gmt":"2022-03-11T01:42:50","slug":"una-foto-de-gianinna-maradona-con-daniel-osvaldo-confirmaria-su-reconciliacion","status":"publish","type":"post","link":"http:\/\/cordobateve.net\/index.php\/2022\/03\/11\/una-foto-de-gianinna-maradona-con-daniel-osvaldo-confirmaria-su-reconciliacion\/","title":{"rendered":"Una foto de Gianinna Maradona con Daniel Osvaldo confirmar\u00eda su reconciliaci\u00f3n"},"content":{"rendered":"<div class=\"media_block\"><\/div>\n<p><a target=\"_blank\" href=\"https:\/\/caras.perfil.com\/noticias\/celebridades\/el-mensaje-de-gianinna-maradona-a-daniel-osvaldo-elegimos-caminos-diferentes.phtml\" rel=\"noopener noreferrer\">Gianinna Maradona<\/a> y Daniel Osvaldo enfrentan nuevamente rumores de reconciliaci\u00f3n. Esta vez hay una foto que comprueba al menos que se reencontraron y por la sonrisa en sus rostros, pasaron un momento agradable.<\/p>\n<p>Fue Juariu quien difundi\u00f3<strong> la imagen de la hija de Diego Maradona y el cantante en el entrenamiento de Benjam\u00edn Ag\u00fcero.<\/strong><\/p>\n<p>Ayer cuando Dalma Maradona estuvo en LAM, \u00c1ngel de Brito le pregunt\u00f3 por la separaci\u00f3n de su hermana pero no quiso hablar.As\u00ed que habr\u00e1 que esperar para tener m\u00e1s novedades, aunque parece que marcha todo bien.<\/p>\n<p><img alt=\"Gianinna Maradona junto a Daniel Osvaldo\" src=\"http:\/\/cordobateve.net\/wp-content\/uploads\/2022\/03\/una-foto-de-gianinna-maradona-con-daniel-osvaldo-confirmaria-su-reconciliacion.jpg\" loading=\"lazy\"><\/p>\n<h2>La contundente respuesta de Gianinna Maradona a un mensaje de Daniel Osvaldo por San Valent\u00edn<\/h2>\n<p><a target=\"_blank\" href=\"https:\/\/www.instagram.com\/giamaradona\/\" rel=\"noopener noreferrer\"><strong>Gianinna Maradona<\/strong> <\/a>suele publicar fotos de su infancia junto a su familia. Y muchas veces, como esta \u00faltima vez, lo hace para enviar mensajes indirectos que no lo son tanto.&nbsp;<\/p>\n<p>La hija de <strong>Diego Maradona, <\/strong>aprovech\u00f3 una imagen de cuando era peque\u00f1a para responder un posteo de<strong> su exnovio Daniel Osvaldo.<\/strong><\/p>\n<figure class=\"image\"><img alt=\"Daniel Osvaldo y Gianinna Maradona celebran el amor: \" src=\"http:\/\/cordobateve.net\/wp-content\/uploads\/2022\/03\/una-foto-de-gianinna-maradona-con-daniel-osvaldo-confirmaria-su-reconciliacion-1.jpg\" loading=\"lazy\"><figcaption>Tiempos felices.<\/figcaption><\/figure>\n<h2>El mensaje de&nbsp;Gianinna Maradona a&nbsp;Daniel Osvaldo<\/h2>\n<p><strong>Daniel Osvaldo<\/strong> subi\u00f3 una foto de <strong>Diego Maradona<\/strong> a sus Historias de Instagram con el mensaje<em> \u00abFeliz d\u00eda de los enamorados\u00bb.<\/em> All\u00ed se ve al astro del f\u00fatbol d\u00e1ndole un beso a un koala. Su ex, <a target=\"_blank\" href=\"https:\/\/caras.perfil.com\/noticias\/celebridades\/gianinna-maradona-revelo-como-se-siente-despues-de-la-separacion-de-daniel-osvaldo-quiero-estar-sola.phtml\" rel=\"noopener noreferrer\"><strong>Gianina Maradona<\/strong>,<\/a> no lo dej\u00f3 pasar y le respondi\u00f3 con otra foto tambi\u00e9n en sus Stories.<\/p>\n<p>La imagen que subi\u00f3 la&nbsp;hermana de <strong>Dalma Maradona<\/strong> era una de ella cuando era chica adentro de un tacho que simulaba ser una gaseosa gigante&nbsp;y escribi\u00f3: <em>\u00abPara ser, hay que estar. <strong>Extra\u00f1ar es de cobardes\u00bb.<\/strong><\/em><\/p>\n<div class=\"relacionadas\" readability=\"0.64201183431953\">\n<p>Tambi\u00e9n te puede interesar<\/p>\n<\/p><\/div>\n","protected":false},"excerpt":{"rendered":"<p>Gianinna Maradona y Daniel Osvaldo enfrentan nuevamente rumores de reconciliaci\u00f3n. Esta vez hay una foto que comprueba al menos que se reencontraron y por la sonrisa en sus rostros, pasaron un momento agradable. Fue Juariu quien difundi\u00f3 la imagen de la hija de Diego Maradona y el cantante en el entrenamiento de Benjam\u00edn Ag\u00fcero. Ayer [&hellip;]<\/p>\n","protected":false},"author":1,"featured_media":28100,"comment_status":"closed","ping_status":"closed","sticky":false,"template":"","format":"standard","meta":[],"categories":[22],"tags":[],"_links":{"self":[{"href":"http:\/\/cordobateve.net\/index.php\/wp-json\/wp\/v2\/posts\/28099"}],"collection":[{"href":"http:\/\/cordobateve.net\/index.php\/wp-json\/wp\/v2\/posts"}],"about":[{"href":"http:\/\/cordobateve.net\/index.php\/wp-json\/wp\/v2\/types\/post"}],"author":[{"embeddable":true,"href":"http:\/\/cordobateve.net\/index.php\/wp-json\/wp\/v2\/users\/1"}],"replies":[{"embeddable":true,"href":"http:\/\/cordobateve.net\/index.php\/wp-json\/wp\/v2\/comments?post=28099"}],"version-history":[{"count":0,"href":"http:\/\/cordobateve.net\/index.php\/wp-json\/wp\/v2\/posts\/28099\/revisions"}],"wp:featuredmedia":[{"embeddable":true,"href":"http:\/\/cordobateve.net\/index.php\/wp-json\/wp\/v2\/media\/28100"}],"wp:attachment":[{"href":"http:\/\/cordobateve.net\/index.php\/wp-json\/wp\/v2\/media?parent=28099"}],"wp:term":[{"taxonomy":"category","embeddable":true,"href":"http:\/\/cordobateve.net\/index.php\/wp-json\/wp\/v2\/categories?post=28099"},{"taxonomy":"post_tag","embeddable":true,"href":"http:\/\/cordobateve.net\/index.php\/wp-json\/wp\/v2\/tags?post=28099"}],"curies":[{"name":"wp","href":"https:\/\/api.w.org\/{rel}","templated":true}]}}