{"id":28703,"date":"2022-03-28T15:32:52","date_gmt":"2022-03-28T15:32:52","guid":{"rendered":"https:\/\/pablolayus.com.ar\/?p=144311"},"modified":"2022-03-28T15:32:52","modified_gmt":"2022-03-28T15:32:52","slug":"cordoba-les-dio-un-reconocimiento-a-valeria-lynch-y-el-paz-martinez","status":"publish","type":"post","link":"http:\/\/cordobateve.net\/index.php\/2022\/03\/28\/cordoba-les-dio-un-reconocimiento-a-valeria-lynch-y-el-paz-martinez\/","title":{"rendered":"C\u00f3rdoba les dio un reconocimiento a Valeria Lynch y el Paz Mart\u00ednez"},"content":{"rendered":"<div><img src=\"http:\/\/cordobateve.net\/wp-content\/uploads\/2022\/03\/cordoba-les-dio-un-reconocimiento-a-valeria-lynch-y-el-paz-martinez.png\" class=\"ff-og-image-inserted\"><\/div>\n<p>As\u00ed lo anunci\u00f3 el bailar\u00edn y core\u00f3grafo en di\u00e1logo con <strong>Pablo Lay\u00fas<\/strong> para <strong><em>\u201cQue valga la pena\u201d<\/em><\/strong> (s\u00e1bados de 12 a 15 hs. por <strong>AM 540<\/strong>).<\/p>\n<p>Adem\u00e1s, se manifest\u00f3 muy feliz con su presente personal y laboral. <em>\u201cEs hermoso hacer lo que me gusta y poder dar trabajo a los artistas\u201d<\/em>, expres\u00f3. <em>\u201cYo, la verdad, tengo que ser un agradecido porque, m\u00e1s all\u00e1 de las partes malas de la vida, han venido cosas muy, muy buenas. Pero creo que tambi\u00e9n es por mi esfuerzo, no?\u201d<\/em> opin\u00f3. Y agreg\u00f3: <em>\u201cle pongo el pecho, la espalda y el coraz\u00f3n al show\u201d<\/em>.<\/p>\n<p>En cuanto a su regreso a <strong><em>Villa Carlos Paz<\/em><\/strong> para Semana Santa, adelant\u00f3 que <em>\u201csigue la gira\u201d<\/em>. Luego del gran \u00e9xito que resultaron sus presentaciones en el <strong>Luna Park<\/strong>, siempre con localidades agotadas, <strong><em>\u201cStravaganza 10 a\u00f1os\u201d<\/em><\/strong> vuelve a la Villa luego de una temporada incre\u00edble, con n\u00fameros sorprendentes. <em>\u201cNos fuimos con gente afuera!\u201d<\/em> explic\u00f3 Flavio. Por ello, decidi\u00f3 volver para Semana Santa, claro que al <strong><em>Teatro Luxor<\/em><\/strong> (Av. Libertad 211, Villa Carlos Paz). <em>\u201cCarlos Paz es mi casa. Y el Luxor es parte de mi vida. Va a ser parte de mi vida siempre. La combinaci\u00f3n de ese Teatro con mi espect\u00e1culo es m\u00e1gica\u201d<\/em>, afirm\u00f3 al respecto, y agreg\u00f3: <em>\u201cla magia de mi espect\u00e1culo en ese escenario es totalmente diferente. Es como que \u00e9se es el lugar\u201d<\/em>.<\/p>\n<p><em>\u201cSoy un bendecido\u201d <\/em>afirm\u00f3 <strong>Flavio<\/strong>, que no s\u00f3lo cumpli\u00f3 un sue\u00f1o, llevando a <strong><em>Stravaganza<\/em><\/strong> al <strong>Luna Park<\/strong>, sino que los n\u00fameros demuestran el \u00e9xito de la obra, siempre renovada. Con m\u00e1s de 30 artistas en escena, el espect\u00e1culo agota localidades donde se presenta. Ya son m\u00e1s de 2.200.000 personas las que lo disfrutaron a lo largo de estos 10 a\u00f1os.<\/p>\n<p>Por \u00faltimo, <strong>Flavio Mendoza<\/strong> habl\u00f3 de su presente personal, y sobre su proyecto de familia y la posibilidad de tener otro hijo. Al respecto afirm\u00f3 que con <strong>Waldo G\u00f3mez<\/strong>, su pareja, <em>\u201cestamos muy bien, y muy felices. Y si llega otro hijo, va a ser una gran felicidad\u201d<\/em>.<\/p>\n","protected":false},"excerpt":{"rendered":"<p>As\u00ed lo anunci\u00f3 el bailar\u00edn y core\u00f3grafo en di\u00e1logo con Pablo Lay\u00fas para \u201cQue valga la pena\u201d (s\u00e1bados de 12 a 15 hs. por AM 540). Adem\u00e1s, se manifest\u00f3 muy feliz con su presente personal y laboral. \u201cEs hermoso hacer lo que me gusta y poder dar trabajo a los artistas\u201d, expres\u00f3. \u201cYo, la verdad, [&hellip;]<\/p>\n","protected":false},"author":1,"featured_media":28704,"comment_status":"closed","ping_status":"closed","sticky":false,"template":"","format":"standard","meta":[],"categories":[21],"tags":[],"_links":{"self":[{"href":"http:\/\/cordobateve.net\/index.php\/wp-json\/wp\/v2\/posts\/28703"}],"collection":[{"href":"http:\/\/cordobateve.net\/index.php\/wp-json\/wp\/v2\/posts"}],"about":[{"href":"http:\/\/cordobateve.net\/index.php\/wp-json\/wp\/v2\/types\/post"}],"author":[{"embeddable":true,"href":"http:\/\/cordobateve.net\/index.php\/wp-json\/wp\/v2\/users\/1"}],"replies":[{"embeddable":true,"href":"http:\/\/cordobateve.net\/index.php\/wp-json\/wp\/v2\/comments?post=28703"}],"version-history":[{"count":0,"href":"http:\/\/cordobateve.net\/index.php\/wp-json\/wp\/v2\/posts\/28703\/revisions"}],"wp:featuredmedia":[{"embeddable":true,"href":"http:\/\/cordobateve.net\/index.php\/wp-json\/wp\/v2\/media\/28704"}],"wp:attachment":[{"href":"http:\/\/cordobateve.net\/index.php\/wp-json\/wp\/v2\/media?parent=28703"}],"wp:term":[{"taxonomy":"category","embeddable":true,"href":"http:\/\/cordobateve.net\/index.php\/wp-json\/wp\/v2\/categories?post=28703"},{"taxonomy":"post_tag","embeddable":true,"href":"http:\/\/cordobateve.net\/index.php\/wp-json\/wp\/v2\/tags?post=28703"}],"curies":[{"name":"wp","href":"https:\/\/api.w.org\/{rel}","templated":true}]}}