{"id":28741,"date":"2022-03-29T14:32:14","date_gmt":"2022-03-29T14:32:14","guid":{"rendered":"http:\/\/cordobateve.net\/index.php\/2022\/03\/29\/karina-mazzocco-sobre-la-vuelta-de-roberto-pettinato-a-la-tv-si-llega-a-aparecer-una-nueva-denuncia-ya-hemos-avisado\/"},"modified":"2022-03-29T14:32:14","modified_gmt":"2022-03-29T14:32:14","slug":"karina-mazzocco-sobre-la-vuelta-de-roberto-pettinato-a-la-tv-si-llega-a-aparecer-una-nueva-denuncia-ya-hemos-avisado","status":"publish","type":"post","link":"http:\/\/cordobateve.net\/index.php\/2022\/03\/29\/karina-mazzocco-sobre-la-vuelta-de-roberto-pettinato-a-la-tv-si-llega-a-aparecer-una-nueva-denuncia-ya-hemos-avisado\/","title":{"rendered":"Karina Mazzocco sobre la vuelta de Roberto Pettinato a la TV: \u201cSi llega a aparecer una nueva denuncia, ya hemos avisado\u201d"},"content":{"rendered":"<div class=\"media_block\"><\/div>\n<p>Anoche, en <em><strong>LAM<\/strong><\/em> (Am\u00e9rica Tv), <a target=\"_blank\" href=\"https:\/\/exitoina.perfil.com\/noticias\/destacada\/karina-mazzocco-grabo-una-bizarra-promo-para-a-la-tarde-que-causa-sensacion-en-la-red.phtml\" rel=\"noopener noreferrer\"><strong>Karina Mazzocco<\/strong><\/a> opin\u00f3 del regreso de <a target=\"_blank\" href=\"https:\/\/exitoina.perfil.com\/noticias\/escandalo\/roberto-pettinato-polemico-tras-denuncias-por-acoso.phtml\" rel=\"noopener noreferrer\"><strong>Roberto Pettinato<\/strong><\/a> a la pantalla chica y fue contundente. La presentadora televisiva reafirm\u00f3 la denuncia que hizo hace un par de a\u00f1os aunque asegur\u00f3 que no est\u00e1 a&nbsp;favor de las cancelaciones de los programas de TV.<\/p>\n<p>Las declaraciones de Mazzoco, qui\u00e9n fue una de las que relat\u00f3 los maltratos en su momento, se dieron en el marco de una entrevista que le realizaron desde el programa de <strong>\u00c1ngel de Brito<\/strong>.<\/p>\n<p>\u00ab<strong>Volvi\u00f3 Roberto Pettinato a la televisi\u00f3n<\/strong>, hace un programa que se llama &#8216;Hemos probado de todo&#8217; (C5N)\u00bb, le dijo un notero de<em> LAM<\/em> a&nbsp;la conductora de <em>A la tarde<\/em> (Am\u00e9rica Tv). \u00ab<strong>Me dejas helada\u2026<\/strong> Por el combo, me dejas helada&#8230; Queda mucho por andar, mucho por recorrer&#8230; Incre\u00edble, \u00bfEh? Yo sab\u00eda que \u00e9l segu\u00eda trabajando&nbsp;en radio, pero bue&#8230; No tiene ninguna denuncia formal que yo sepa en la Justicia, han sido&nbsp;todas denuncias medi\u00e1ticas&#8230; <strong>Entiendo, \u00e9l tiene que trabajar, tiene que seguir laburando<\/strong>, l\u00f3gicamente, tiene que facturar, seguro tiene muchas cosas que mantener, <strong>pero me dejas as\u00ed&nbsp;como boquiabierta<\/strong>\u00ab, respondi\u00f3 Karina.<\/p>\n<p>Y concluy\u00f3: \u00ab<strong>Cancelado no est\u00e1, yo no pedir\u00eda que lo cancelen tampoco<\/strong>. <strong>Yo ya est\u00e1&#8230;&nbsp;Lo que tuve que decir ya lo dije en su momento<\/strong>. Se me ocurre que nadie va a tener que pasar los momentos espantosos que pasamos las mujeres que trabajamos al lado de \u00e9l. Me parece que el trabajo ya est\u00e1 hecho<strong>. Si ahora llega a aparecer alguna nueva denuncia ya hemos avisado&#8230; Ojal\u00e1&nbsp;haya cambiado, ojala deje de hostigar sus compa\u00f1eras de trabajo<\/strong>. Es una nueva etapa, \u00bfpor qu\u00e9 no?&nbsp;<strong>Ojala no vuelva a ser el de antes porque no se lo recomiendo a nadie<\/strong>\u00ab.<\/p>\n<h2>Nazarena V\u00e9lez cont\u00f3 su experiencia laboral con Roberto Pettinato: \u00abEs confianzudo, un zarpado\u201d<\/h2>\n<p>El viernes pasado en <em>LAM <\/em>debatieron sobre la vuelta del conductor a la tv que, luego de un tiempo fuera de la televisi\u00f3n por denuncias de abuso, apareci\u00f3 para conducir un nuevo programa en<strong> C5N.<\/strong> En este sentido,<strong> la nueva angelita revel\u00f3 c\u00f3mo se sinti\u00f3 al trabajar con \u00e9l.<\/strong><\/p>\n<p>\u201c<strong>Yo conozco a Roberto desde que tengo 15 a\u00f1os porque \u00e9l trabajaba en la co-conducci\u00f3n con Gerardo Sofovich<\/strong> de quien yo era secretaria\u201d, expres\u00f3 Nazarena sobre sus comienzos. Y agreg\u00f3: <strong>\u201cConmigo se ha comportado muy bien siempre\u201d<\/strong>.&nbsp;Cabe recordar que el famoso conductor fue denunciado por figuras como Karina Mazzoco, Josefina Pouso, Carmela B\u00e1rbaro y Lola Bezerra, entre otras.<\/p>\n<p>Sin embargo, la exvedette no dej\u00f3 pasar un dato fuerte que caracteriza la actitud del m\u00fasico:<strong> \u201cEs un zarpado. Es confianzudo de manos y palabra\u201d<\/strong>. Y en ese momento<strong> Yanina Latorre<\/strong> interrumpi\u00f3 a su compa\u00f1era y dijo:<strong> \u201cA m\u00ed me maltrat\u00f3. Es inc\u00f3modo compartir el estudio con \u00e9l\u201d<\/strong>.<\/p>\n<p>\u201cYo ten\u00eda una relaci\u00f3n de muchos a\u00f1os, entonces <strong>lo ubicaba en dos segundos<\/strong>\u201d, se\u00f1al\u00f3 Nazarena V\u00e9lez. Y continu\u00f3: \u201cTen\u00eda esas cosas de rockstar, <strong>se cre\u00eda rockstar<\/strong>\u201d.<\/p>\n<p>Al ser consultada por <strong>\u00c1ngel de Brito <\/strong>sobre si en su carrera hab\u00eda vivido o presenciado situaciones de acoso sexual ella expres\u00f3: \u201cS\u00ed, yo tengo mucho car\u00e1cter, no me importa nada. Pero s\u00ed he vivido situaciones de acoso sexual con actores, productores. <strong>Yo renunci\u00e9 por acoso a La Noche del Domingo, Gustavo me toc\u00f3 el culo\u201d<\/strong>.<\/p>\n<p>\u201cYo ubico enseguida pero s\u00ed <strong>he visto c\u00f3mo otras chicas bajaban la cabeza<\/strong>. Acced\u00edan a cierto manoseo de cosa babosa porque era la forma de trabajar y era moneda corriente\u201d, concluy\u00f3.<\/p>\n<h2>Qu\u00e9 pas\u00f3 con Roberto Pettinato&nbsp;<\/h2>\n<p>Hace m\u00e1s de tres a\u00f1os la cara de <strong><em>\u201cDuro de domar\u201d<\/em><\/strong> fue denunciado medi\u00e1ticamente por sus compa\u00f1eras.&nbsp;El relato de todas las v\u00edctimas respond\u00eda a los mismos patrones: actitudes desubicadas por parte del ex conductor de TV, que se continuaban de un profundo enojo y violencia de parte de \u00e9l cuando hab\u00eda un rechazo. Figuras como<strong> Julieta Ortega, La Chipi, Ernestina Pais, Fernanda Iglesias, Martina Soto Pose<\/strong>, entre otras, se llamaron \u00abv\u00edctimas\u00bb por parte de \u00e9l y fueron categ\u00f3ricas a la hora de denunciarlo.<\/p>\n<p><img alt=\"Roberto Pettinato\" src=\"http:\/\/cordobateve.net\/wp-content\/uploads\/2022\/03\/karina-mazzocco-sobre-la-vuelta-de-roberto-pettinato-a-la-tv-si-llega-a-aparecer-una-nueva-denuncia-ya-hemos-avisado.jpg\"><\/p>\n<p>A principios de 2020, Roberto Pettinato fue captado por las c\u00e1maras de Intrusos (Am\u00e9rica Tv)&nbsp;y la ex figura de la televisi\u00f3n, fiel a su estilo picante, no se guard\u00f3 una sola palabra. \u00ab<strong>Como \u00e1ndas Roberto? te estamos viendo muy poco\u00bb<\/strong>, le hab\u00eda preguntado el movilero en ese entonces,&nbsp;a lo que Roberto le confes\u00f3:<strong>&nbsp;\u00abEs que estoy yendo y viniendo, no ando mucho por el pa\u00eds\u00bb.<\/strong><\/p>\n<p><strong>\u00abNo vuelvo a la televisi\u00f3n ese sue\u00f1o termin\u00f3<\/strong>.<strong>&nbsp;No creo que vuelva a trabajar en televisi\u00f3n, sinceramente no tengo gana<\/strong>s. En la radio s\u00ed. Si hago algo va a ser radio, estoy haciendo un programa que va muy bien\u00bb, lanz\u00f3 firme en medio de su descargo con el ciclo y, al ser consultado por si le quedaba un posible \u00abresentimiento\u00bb con la televisi\u00f3n dispar\u00f3, sin tapujos: \u00abNo hablo de esos temas para m\u00ed ya pasaron dos a\u00f1os y pico,&nbsp;<strong>yo ya cumpl\u00ed todas las condenas. Ya me iba mal de antes y mi nombre siempre estuvo medio manchado. Yo soy como Jack Sparrow, sexy, inteligente y con un reputaci\u00f3n media\u00bb.&nbsp;<\/strong><\/p>\n<p>Luego de manifestarse con picantes palabras en el recuerdo de acusaciones delicadas, el periodista de Intrusos insisti\u00f3: \u00bfY c\u00f3mo viviste las acusaciones? porque fueron muy duras algunas\u00bb. De forma completamente sorpresiva, contest\u00f3: \u00ab<strong>No fueron muy duras, porque para m\u00ed no fue as\u00ed, as\u00ed que bueno estuve condenado, pero para m\u00ed no fue duro porque nunca pas\u00f3\u00bb.&nbsp;<\/strong><\/p>\n<p>F.E.D.V<\/p>\n<div class=\" d-none \">\n<h3>Galer\u00eda de im\u00e1genes<\/h3>\n<div id=\"gallery-thumbnails\" class=\"bottom-gallery\">\n<a href=\"https:\/\/fotos.perfil.com\/2022\/03\/29\/karina-y-pettinato-2903-1333504.jpg\" title=\"Ampliar Karina Mazzocco y Roberto Pettinato \"><br \/>\n<img src=\"http:\/\/cordobateve.net\/wp-content\/uploads\/2022\/03\/karina-mazzocco-sobre-la-vuelta-de-roberto-pettinato-a-la-tv-si-llega-a-aparecer-una-nueva-denuncia-ya-hemos-avisado-1.jpg\" alt=\"Karina Mazzocco y Roberto Pettinato \"><br \/>\n<\/a>\n<\/div>\n<\/div>\n<p> <noscript><a href=\"https:\/\/ads.us.e-planning.net\/ei\/3\/26e9b\/articulo\/teads?it=i&amp;rnd=$RANDOM\" target=\"_blank\" rel=\"noopener noreferrer\"><img loading=\"lazy\" width=\"1\" height=\"1\" alt=\"e-planning ad\" src=\"http:\/\/cordobateve.net\/wp-content\/uploads\/2022\/03\/karina-mazzocco-sobre-la-vuelta-de-roberto-pettinato-a-la-tv-si-llega-a-aparecer-una-nueva-denuncia-ya-hemos-avisado.gif\" border=\"0\"><\/a><\/noscript> <\/p>\n","protected":false},"excerpt":{"rendered":"<p>Anoche, en LAM (Am\u00e9rica Tv), Karina Mazzocco opin\u00f3 del regreso de Roberto Pettinato a la pantalla chica y fue contundente. La presentadora televisiva reafirm\u00f3 la denuncia que hizo hace un par de a\u00f1os aunque asegur\u00f3 que no est\u00e1 a&nbsp;favor de las cancelaciones de los programas de TV. Las declaraciones de Mazzoco, qui\u00e9n fue una de [&hellip;]<\/p>\n","protected":false},"author":1,"featured_media":28742,"comment_status":"closed","ping_status":"closed","sticky":false,"template":"","format":"standard","meta":[],"categories":[22],"tags":[],"_links":{"self":[{"href":"http:\/\/cordobateve.net\/index.php\/wp-json\/wp\/v2\/posts\/28741"}],"collection":[{"href":"http:\/\/cordobateve.net\/index.php\/wp-json\/wp\/v2\/posts"}],"about":[{"href":"http:\/\/cordobateve.net\/index.php\/wp-json\/wp\/v2\/types\/post"}],"author":[{"embeddable":true,"href":"http:\/\/cordobateve.net\/index.php\/wp-json\/wp\/v2\/users\/1"}],"replies":[{"embeddable":true,"href":"http:\/\/cordobateve.net\/index.php\/wp-json\/wp\/v2\/comments?post=28741"}],"version-history":[{"count":0,"href":"http:\/\/cordobateve.net\/index.php\/wp-json\/wp\/v2\/posts\/28741\/revisions"}],"wp:featuredmedia":[{"embeddable":true,"href":"http:\/\/cordobateve.net\/index.php\/wp-json\/wp\/v2\/media\/28742"}],"wp:attachment":[{"href":"http:\/\/cordobateve.net\/index.php\/wp-json\/wp\/v2\/media?parent=28741"}],"wp:term":[{"taxonomy":"category","embeddable":true,"href":"http:\/\/cordobateve.net\/index.php\/wp-json\/wp\/v2\/categories?post=28741"},{"taxonomy":"post_tag","embeddable":true,"href":"http:\/\/cordobateve.net\/index.php\/wp-json\/wp\/v2\/tags?post=28741"}],"curies":[{"name":"wp","href":"https:\/\/api.w.org\/{rel}","templated":true}]}}