{"id":29305,"date":"2022-04-14T06:48:00","date_gmt":"2022-04-14T06:48:00","guid":{"rendered":"http:\/\/cordobateve.net\/index.php\/2022\/04\/14\/lautaro-el-repositor-de-supermercado-se-lucio-en-los-8-escalones-y-gano-el-millon\/"},"modified":"2022-04-14T06:48:00","modified_gmt":"2022-04-14T06:48:00","slug":"lautaro-el-repositor-de-supermercado-se-lucio-en-los-8-escalones-y-gano-el-millon","status":"publish","type":"post","link":"http:\/\/cordobateve.net\/index.php\/2022\/04\/14\/lautaro-el-repositor-de-supermercado-se-lucio-en-los-8-escalones-y-gano-el-millon\/","title":{"rendered":"Lautaro, el repositor de supermercado, se luci\u00f3 en Los 8 Escalones y gan\u00f3 el mill\u00f3n"},"content":{"rendered":"<div class=\"media_block\"><\/div>\n<p>Se llama Lautaro y trabaja como repositor de un supermercado en Colegiales. Este mi\u00e9rcoles 13 de abril fue el gran protagonista de la segunda edici\u00f3n de <a target=\"_blank\" href=\"https:\/\/www.perfil.com\/noticias\/espectaculos\/elio-actor-transformista-drag-queen-volvio-los-8-escalones-otra-vez-llego-final.phtml\" rel=\"noopener noreferrer\"><strong>los 8 Escalones<\/strong><\/a>, que esta vez cont\u00f3 con un invitado muy especial: <a target=\"_blank\" href=\"https:\/\/exitoina.perfil.com\/noticias\/destacada\/claudio-maria-dominguez-apunto-contra-la-oms-y-la-tildo-de-incongruente.phtml\" rel=\"noopener noreferrer\"><strong>Claudio Mar\u00eda Dom\u00ednguez<\/strong><\/a>, quien aport\u00f3 su caracter\u00edstico brillo en el vibrante certamen.<\/p>\n<p>Desde el comienzo, la humildad de Lautaro cautiv\u00f3 tanto al p\u00fablico como al conductor <strong><a target=\"_blank\" href=\"https:\/\/exitoina.perfil.com\/noticias\/destacada\/guido-kaczka-deja-conduccion-bienvenidos-a-bordo-laurita-fernandez-tomara-su-lugar.phtml\" rel=\"noopener noreferrer\">Guido Kaczka<\/a>.<\/strong><\/p>\n<p><strong>\u00abLautaro, \u00bfa qu\u00e9 te dedic\u00e1s?\u00bb<\/strong>, lo interrog\u00f3 Guido.<\/p>\n<p class=\"destacadoNota\">\u00abSoy actualmente repositor en un supermercado D\u00eda\u00bb, cont\u00f3 Lautaro<\/p>\n<p>Lautaro dijo que tambi\u00e9n <strong>se dedica a la m\u00fasica<\/strong>.&nbsp;Su \u00eddolo musical es <a target=\"_blank\" href=\"https:\/\/www.perfil.com\/noticias\/protagonistas\/hace-treinta-anos-freddie-mercury-anunciaba-al-mundo-que-tenia-sida.phtml\" rel=\"noopener noreferrer\"><strong>Freddie&nbsp;Mercury<\/strong><\/a>. \u00abMe encanta todo lo que tiene que ver con el arte y la expresi\u00f3n\u00bb, ampli\u00f3. \u00ab<strong>\u00bfSos muy sensible?<\/strong>\u00ab, pregunt\u00f3&nbsp;el conductor. \u00abS\u00ed, aunque no siempre es bueno mostrarlo a cierta gente\u00bb, declar\u00f3 el joven repositor y artista.<\/p>\n<p>Para estimular todav\u00eda m\u00e1s el cari\u00f1o del p\u00fablico, Lautaro exhibi\u00f3 una serie de&nbsp;<strong>amuletos<\/strong> durante la competencia:<\/p>\n<ul>\n<li>En el bolsillo derecho guardaba una lapicera que le regal\u00f3 \u00absu amiga Sol\u00bb.<\/li>\n<li>En el otro bolsillo ten\u00eda p\u00faas de guitarra.<\/li>\n<li>Tambi\u00e9n portaba un cintur\u00f3n con forma de estrella que le regal\u00f3 su abuelo.<\/li>\n<\/ul>\n<div>\n<figure class=\"image\"><img alt=\"Lautaro 8 escalones 20220414\" src=\"http:\/\/cordobateve.net\/wp-content\/uploads\/2022\/04\/lautaro-el-repositor-de-supermercado-se-lucio-en-los-8-escalones-y-gano-el-millon-1.jpg\" loading=\"lazy\"><figcaption>Lautaro en Los 8 Escalones<\/figcaption><\/figure>\n<\/div>\n<h2>\u00abComprar una casa para mis viejos\u00bb<\/h2>\n<p>El participante colm\u00f3 la pantalla de <strong>magia y emociones<\/strong> cuando el conductor le pregunt\u00f3 en qu\u00e9 utilizar\u00eda el mill\u00f3n.<\/p>\n<p><strong>\u00abUsar\u00eda el mill\u00f3n para comprar una casa para mis viejos y tambi\u00e9n para fomentar mi carrera musical\u00bb<\/strong>, declar\u00f3 Lautaro.<strong> \u00abToco la guitarra y canto\u00bb<\/strong>, relat\u00f3 el joven artista. \u00ab\u00bfCant\u00e1s lindo?\u00bb, indag\u00f3&nbsp;Kaczka. \u00abDepende a qui\u00e9n le preguntes\u00bb, se sincer\u00f3 el participante. \u00abSi le preguntas a mi mam\u00e1, si, obvio\u00bb, admiti\u00f3 entre risas.<\/p>\n<p>Los 8 Escalones tuvieron en la tarde del mi\u00e9rcoles&nbsp;un digno ganador, cuya humildad encendi\u00f3 la simpat\u00eda&nbsp;del p\u00fablico. <strong>\u00abTierno\u00bb<\/strong> fue una de las palabras m\u00e1s mencionadas por los espectadores.<\/p>\n<p><em>CA \/ ED<\/em><\/p>\n<div class=\"noticias-relacionadas\" readability=\"0.50115473441109\">\n<p>Tambi\u00e9n te puede interesar<\/p>\n<\/p><\/div>\n","protected":false},"excerpt":{"rendered":"<p>Se llama Lautaro y trabaja como repositor de un supermercado en Colegiales. Este mi\u00e9rcoles 13 de abril fue el gran protagonista de la segunda edici\u00f3n de los 8 Escalones, que esta vez cont\u00f3 con un invitado muy especial: Claudio Mar\u00eda Dom\u00ednguez, quien aport\u00f3 su caracter\u00edstico brillo en el vibrante certamen. Desde el comienzo, la humildad [&hellip;]<\/p>\n","protected":false},"author":1,"featured_media":29306,"comment_status":"closed","ping_status":"closed","sticky":false,"template":"","format":"standard","meta":[],"categories":[22],"tags":[],"_links":{"self":[{"href":"http:\/\/cordobateve.net\/index.php\/wp-json\/wp\/v2\/posts\/29305"}],"collection":[{"href":"http:\/\/cordobateve.net\/index.php\/wp-json\/wp\/v2\/posts"}],"about":[{"href":"http:\/\/cordobateve.net\/index.php\/wp-json\/wp\/v2\/types\/post"}],"author":[{"embeddable":true,"href":"http:\/\/cordobateve.net\/index.php\/wp-json\/wp\/v2\/users\/1"}],"replies":[{"embeddable":true,"href":"http:\/\/cordobateve.net\/index.php\/wp-json\/wp\/v2\/comments?post=29305"}],"version-history":[{"count":0,"href":"http:\/\/cordobateve.net\/index.php\/wp-json\/wp\/v2\/posts\/29305\/revisions"}],"wp:featuredmedia":[{"embeddable":true,"href":"http:\/\/cordobateve.net\/index.php\/wp-json\/wp\/v2\/media\/29306"}],"wp:attachment":[{"href":"http:\/\/cordobateve.net\/index.php\/wp-json\/wp\/v2\/media?parent=29305"}],"wp:term":[{"taxonomy":"category","embeddable":true,"href":"http:\/\/cordobateve.net\/index.php\/wp-json\/wp\/v2\/categories?post=29305"},{"taxonomy":"post_tag","embeddable":true,"href":"http:\/\/cordobateve.net\/index.php\/wp-json\/wp\/v2\/tags?post=29305"}],"curies":[{"name":"wp","href":"https:\/\/api.w.org\/{rel}","templated":true}]}}