{"id":29401,"date":"2022-04-17T13:25:00","date_gmt":"2022-04-17T13:25:00","guid":{"rendered":"https:\/\/lapampanuestra.com\/2022\/04\/17\/tras-los-rumores-de-crisis-stefi-roitman-hablo-del-desafio-de-vivir-afuera-no-me-acostumbro\/"},"modified":"2022-04-17T13:25:00","modified_gmt":"2022-04-17T13:25:00","slug":"tras-los-rumores-de-crisis-stefi-roitman-hablo-del-desafio-de-vivir-afuera-no-me-acostumbro","status":"publish","type":"post","link":"http:\/\/cordobateve.net\/index.php\/2022\/04\/17\/tras-los-rumores-de-crisis-stefi-roitman-hablo-del-desafio-de-vivir-afuera-no-me-acostumbro\/","title":{"rendered":"Tras los rumores de crisis, Stefi Roitman habl\u00f3 del desaf\u00edo de vivir afuera: \u201cNo me acostumbro\u201d"},"content":{"rendered":"<p><img width=\"1366\" height=\"765\" src=\"http:\/\/cordobateve.net\/wp-content\/uploads\/2022\/04\/tras-los-rumores-de-crisis-stefi-roitman-hablo-del-desafio-de-vivir-afuera-no-me-acostumbro.jpg\" class=\"attachment-post-thumbnail size-post-thumbnail wp-post-image\" alt=\"tras-los-rumores-de-crisis,-stefi-roitman-hablo-del-desafio-de-vivir-afuera:-\u201cno-me-acostumbro\u201d\" loading=\"lazy\" \/><\/p>\n<p><a href=\"https:\/\/tn.com.ar\/estilo\/celebridades\/2022\/04\/06\/stefi-roitman-poso-en-su-auto-con-anteojos-de-colores-te-combino-los-lentes-con-los-fierros\/\" target=\"_blank\" rel=\"noopener noreferrer\"><b>Stefi Roitman<\/b> <\/a>dej\u00f3 todo en 2020: apenas empez\u00f3 la pandemia, se instal\u00f3 en Estados Unidos y apost\u00f3 a <a href=\"https:\/\/tn.com.ar\/show\/famosos\/2022\/03\/27\/stefi-roitman-aumento-los-rumores-de-crisis-con-ricky-montaner-me-siento-una-p\/\" target=\"_blank\" rel=\"noopener noreferrer\">su romance con <b>Ricky Montaner<\/b><\/a>, a quien hab\u00eda conocido meses atr\u00e1s. Desde aquel momento, <b>vive entre Buenos Aires y Miami. <\/b>En un tuit <b>describi\u00f3 lo dif\u00edcil que le resultan las despedidas de sus seres queridos<\/b>, ahora que son m\u00e1s frecuentes.<\/p>\n<p>\u201c<b>Cada despedida duele lo mismo y no me acostumbro. La \u00faltima igualita a la primera.<\/b> La de hoy igualita a la del mes pasado\u201d, escribi\u00f3 en Twitter tras la vuelta de sus padres a Argentina, que la visitaron esta \u00faltima semana. \u201c<b>Soy demasiado de mi casa<\/b>, de mi familia, de mis amigas, de mi gente. Me cuesta. Hoy una vez m\u00e1s. Los veo pronto, ma y pa\u201d, agreg\u00f3 la influencer, que junto al Clan Montaner pas\u00f3 unos d\u00edas colmados de emoci\u00f3n.<\/p>\n<p><i><b>Le\u00e9 tambi\u00e9n: <\/b><\/i><a href=\"https:\/\/tn.com.ar\/show\/famosos\/2022\/04\/16\/maria-becerra-hablo-de-su-ruptura-con-rusherking-lo-ame-con-mi-vida-deseo-que-le-vaya-bien\/\"><i><b>Mar\u00eda Becerra habl\u00f3 de su ruptura con Rusherking: \u201cLo am\u00e9 con mi vida, deseo que le vaya bien\u201d<\/b><\/i><\/a><\/p>\n<figure><figcaption>El tuit que comparti\u00f3 Stefi Roitman. (Foto: Captura)<\/figcaption><\/figure>\n<p>Este mensaje lleg\u00f3 despu\u00e9s de varias semanas de <b>rumores de crisis con <\/b><a href=\"https:\/\/tn.com.ar\/show\/redes-sociales\/2022\/03\/17\/ricky-montaner-rompio-el-silencio-sobre-las-versiones-de-crisis-con-stefi-roitman\/\" target=\"_blank\" rel=\"noopener noreferrer\"><b>Ricky Montaner<\/b>,<\/a> ya que<b> casi no convivieron juntos tras su luna de miel.<\/b> Tambi\u00e9n se dijo que <a href=\"https:\/\/tn.com.ar\/show\/famosos\/2022\/02\/10\/stefi-roitman-aclaro-los-rumores-de-la-mala-relacion-con-su-suegra-marlene-rodriguez-nos-reiamos\/\" target=\"_blank\" rel=\"noopener noreferrer\"><b>la relaci\u00f3n con su suegra, Marlene Rodr\u00edguez, no era de las mejores. <\/b><\/a><\/p>\n<p>La actriz, que est\u00e1 pr\u00f3xima a lanzar su debut musical, <b>desmiente estas versiones<\/b> cada vez que puede. Y asegura que <b>la distancia entre ella y su flamante marido solo es por cuestiones laborales y temas de agenda.<\/b><\/p>\n<p>Stefi Roitman comparti\u00f3 la visita de sus padres a Miami<\/p>\n<p>\u201cGracias mi Dios. No sabr\u00eda c\u00f3mo seguir este <i>caption<\/i> as\u00ed que lo dejo as\u00ed. Agradecida principalmente por la salud y por la familia. Los amigos incondicionales <b>y el amor que traspasa todo\u201d<\/b>, public\u00f3<b> <\/b><a href=\"https:\/\/tn.com.ar\/estilo\/celebridades\/2022\/03\/22\/stefi-roitman-eligio-un-chaleco-escotadisimo-de-saten-rosa\/\" target=\"_blank\" rel=\"noopener noreferrer\"><b>Stefi Roitman<\/b><\/a> en su posteo en donde <b>despidi\u00f3 a parte de su familia que pas\u00f3 unos d\u00edas junto a ella en Miami.<\/b><\/p>\n<p>La visita de sus padres y hermana se dio justo la semana del<a href=\"https:\/\/tn.com.ar\/musica\/2022\/04\/09\/nacio-indigo-la-primera-hija-de-camilo-y-evaluna\/\" target=\"_blank\" rel=\"noopener noreferrer\"> nacimiento de \u00cdndigo, la hija de Evaluna Montaner y Camilo<\/a>. \u201cSemana llena de todo.<b> \u00cdndigo. Pap\u00e1 y mam\u00e1. Hermana. Mi esposo (el mejor del mundo) siempre ah\u00ed<\/b>. La familia siempre ah\u00ed. Y las amigas de mi vida que me esperan en Argentina\u201d, aclar\u00f3 con la emoci\u00f3n a flor de piel, y dejando en claro que con su esposo<b> <\/b><a href=\"https:\/\/tn.com.ar\/show\/famosos\/2022\/03\/16\/la-exnovia-de-ricky-montaner-dio-detalles-de-su-relacion-con-marlene-rodriguez\/\" target=\"_blank\" rel=\"noopener noreferrer\"><b>Ricky Montaner<\/b><\/a> las cosas est\u00e1n bien.<\/p>\n<p><i><b>Le\u00e9 tambi\u00e9n: <\/b><\/i><a href=\"https:\/\/tn.com.ar\/show\/hollywood\/2022\/04\/14\/al-pacino-esta-de-novio-con-una-productora-de-cine-que-tiene-28-anos\/\"><i><b>Al Pacino est\u00e1 de novio con una productora de cine que tiene 28 a\u00f1os<\/b><\/i><\/a><\/p>\n<figure><figcaption>Stefi Roitman y Ricky Montaner cenando con los padres de la argentina, aplacando los rumores de crisis. (Foto: Instagram @stefroitman)<\/figcaption><\/figure>\n","protected":false},"excerpt":{"rendered":"<p>Stefi Roitman dej\u00f3 todo en 2020: apenas empez\u00f3 la pandemia, se instal\u00f3 en Estados Unidos y apost\u00f3 a su romance con Ricky Montaner, a quien hab\u00eda conocido meses atr\u00e1s. Desde aquel momento, vive entre Buenos Aires y Miami. En un tuit describi\u00f3 lo dif\u00edcil que le resultan las despedidas de sus seres queridos, ahora que [&hellip;]<\/p>\n","protected":false},"author":1,"featured_media":0,"comment_status":"open","ping_status":"closed","sticky":false,"template":"","format":"standard","meta":[],"categories":[21],"tags":[],"_links":{"self":[{"href":"http:\/\/cordobateve.net\/index.php\/wp-json\/wp\/v2\/posts\/29401"}],"collection":[{"href":"http:\/\/cordobateve.net\/index.php\/wp-json\/wp\/v2\/posts"}],"about":[{"href":"http:\/\/cordobateve.net\/index.php\/wp-json\/wp\/v2\/types\/post"}],"author":[{"embeddable":true,"href":"http:\/\/cordobateve.net\/index.php\/wp-json\/wp\/v2\/users\/1"}],"replies":[{"embeddable":true,"href":"http:\/\/cordobateve.net\/index.php\/wp-json\/wp\/v2\/comments?post=29401"}],"version-history":[{"count":0,"href":"http:\/\/cordobateve.net\/index.php\/wp-json\/wp\/v2\/posts\/29401\/revisions"}],"wp:attachment":[{"href":"http:\/\/cordobateve.net\/index.php\/wp-json\/wp\/v2\/media?parent=29401"}],"wp:term":[{"taxonomy":"category","embeddable":true,"href":"http:\/\/cordobateve.net\/index.php\/wp-json\/wp\/v2\/categories?post=29401"},{"taxonomy":"post_tag","embeddable":true,"href":"http:\/\/cordobateve.net\/index.php\/wp-json\/wp\/v2\/tags?post=29401"}],"curies":[{"name":"wp","href":"https:\/\/api.w.org\/{rel}","templated":true}]}}