{"id":31819,"date":"2022-06-10T12:20:08","date_gmt":"2022-06-10T12:20:08","guid":{"rendered":"https:\/\/womantime.com.ar\/?p=33491"},"modified":"2022-06-10T12:20:08","modified_gmt":"2022-06-10T12:20:08","slug":"10-de-junio-dia-de-la-afirmacion-de-los-derechos-argentinos-sobre-malvinas","status":"publish","type":"post","link":"http:\/\/cordobateve.net\/index.php\/2022\/06\/10\/10-de-junio-dia-de-la-afirmacion-de-los-derechos-argentinos-sobre-malvinas\/","title":{"rendered":"10 de junio: D\u00eda de la afirmaci\u00f3n de los derechos argentinos sobre Malvinas"},"content":{"rendered":"<p><strong>Para los argentinos hoy es una fecha importante. Por eso, en esta nota te contamos lo sucedido el 10 de junio de 1829.<\/strong><\/p>\n<p>Cada 10 de junio se conmemora el&nbsp;D\u00eda de la Afirmaci\u00f3n de los Derechos Argentinos sobre las&nbsp;Malvinas,&nbsp;Islas&nbsp;y Sector Ant\u00e1rtico. La fecha surge gracias a la designaci\u00f3n del&nbsp;primer gobernador argentino en las&nbsp;Islas Malvinas,&nbsp;Luis Vernet, en&nbsp;1829.<\/p>\n<p>En ese d\u00eda se cre\u00f3 la Comandancia Militar de las Islas Malvinas, primer \u00f3rgano administrativo con el que las Provincias Unidas del Sur ejercieron su soberan\u00eda en el archipi\u00e9lago.<\/p>\n<p>En aquel momento, en su discurso Vernet remarc\u00f3: \u00abSe\u00f1or Presidente, quiero solicitar que este Comit\u00e9 promueva, efectivamente, la concreci\u00f3n de un di\u00e1logo constructivo entre el Reino Unido y la Rep\u00fablica Argentina, de conformidad con las resoluciones de la Asamblea General de las Naciones Unidas y de este Comit\u00e9, para encontrar una soluci\u00f3n pac\u00edfica, justa y duradera de la controversia de soberan\u00eda\u00bb.<\/p>\n<p>Sin embargo, la historia se dio de otra forma. El 3 de enero de 1833, fuerzas brit\u00e1nicas ocuparon las Islas y expulsaron a la poblaci\u00f3n y autoridades argentinas del lugar. Desde ese momento, se mantiene la disputa entre Argentina y el Reino Unido. <\/p>\n<p>Muchos a\u00f1os despu\u00e9s, en noviembre de 1973, en Argentina se sancion\u00f3 la&nbsp;Ley 20561, donde se fij\u00f3 al 10 de junio como d\u00eda elegido para expresar y reafirmar el reclamo de soberan\u00eda sobre los territorios de las islas Malvinas e inmediaciones, en memoria del primer gobernador, Luis Vernet.<\/p>\n<p>Otra fecha muy marcada en la memoria de los argentinos es el 2 de abril de 1982. Ese d\u00eda estall\u00f3 la guerra entre Argentina y el Reino Unido por la soberan\u00eda de las Islas Malvinas. El combate se mantuvo por casi dos meses y dej\u00f3 se llevo la vida de 649 argentinos, 255 brit\u00e1nicos y 3 civiles. Hasta la actualidad el reclamo argentino contin\u00faa.<\/p>\n<figure class=\"wp-block-image size-large\"><img data-attachment-id=\"13573\" data-permalink=\"https:\/\/womantime.com.ar\/mujeres-de-la-guerra-de-malvinas\/enfermeras-malvinas\/\" data-orig-file=\"http:\/\/cordobateve.net\/wp-content\/uploads\/2022\/06\/10-de-junio-dia-de-la-afirmacion-de-los-derechos-argentinos-sobre-malvinas-8.jpg\" data-orig-size=\"1033,581\" data-comments-opened=\"1\" data-image-meta=\"{&quot;aperture&quot;:&quot;0&quot;,&quot;credit&quot;:&quot;&quot;,&quot;camera&quot;:&quot;&quot;,&quot;caption&quot;:&quot;&quot;,&quot;created_timestamp&quot;:&quot;0&quot;,&quot;copyright&quot;:&quot;&quot;,&quot;focal_length&quot;:&quot;0&quot;,&quot;iso&quot;:&quot;0&quot;,&quot;shutter_speed&quot;:&quot;0&quot;,&quot;title&quot;:&quot;&quot;,&quot;orientation&quot;:&quot;0&quot;}\" data-image-title=\"enfermeras malvinas\" data-image-description data-image-caption data-medium-file=\"https:\/\/womantime.com.ar\/wp-content\/uploads\/2019\/04\/enfermeras-malvinas-300x169.jpg\" data-large-file=\"http:\/\/cordobateve.net\/wp-content\/uploads\/2022\/06\/10-de-junio-dia-de-la-afirmacion-de-los-derechos-argentinos-sobre-malvinas.jpg\" loading=\"lazy\" width=\"1024\" height=\"576\" src=\"http:\/\/cordobateve.net\/wp-content\/uploads\/2022\/06\/10-de-junio-dia-de-la-afirmacion-de-los-derechos-argentinos-sobre-malvinas.jpg\" alt class=\"wp-image-13573\" srcset=\"http:\/\/cordobateve.net\/wp-content\/uploads\/2022\/06\/10-de-junio-dia-de-la-afirmacion-de-los-derechos-argentinos-sobre-malvinas.jpg 1024w, http:\/\/cordobateve.net\/wp-content\/uploads\/2022\/06\/10-de-junio-dia-de-la-afirmacion-de-los-derechos-argentinos-sobre-malvinas-1.jpg 300w, http:\/\/cordobateve.net\/wp-content\/uploads\/2022\/06\/10-de-junio-dia-de-la-afirmacion-de-los-derechos-argentinos-sobre-malvinas-2.jpg 768w, http:\/\/cordobateve.net\/wp-content\/uploads\/2022\/06\/10-de-junio-dia-de-la-afirmacion-de-los-derechos-argentinos-sobre-malvinas-3.jpg 990w, http:\/\/cordobateve.net\/wp-content\/uploads\/2022\/06\/10-de-junio-dia-de-la-afirmacion-de-los-derechos-argentinos-sobre-malvinas-4.jpg 470w, http:\/\/cordobateve.net\/wp-content\/uploads\/2022\/06\/10-de-junio-dia-de-la-afirmacion-de-los-derechos-argentinos-sobre-malvinas-5.jpg 640w, http:\/\/cordobateve.net\/wp-content\/uploads\/2022\/06\/10-de-junio-dia-de-la-afirmacion-de-los-derechos-argentinos-sobre-malvinas-6.jpg 215w, http:\/\/cordobateve.net\/wp-content\/uploads\/2022\/06\/10-de-junio-dia-de-la-afirmacion-de-los-derechos-argentinos-sobre-malvinas-7.jpg 414w, http:\/\/cordobateve.net\/wp-content\/uploads\/2022\/06\/10-de-junio-dia-de-la-afirmacion-de-los-derechos-argentinos-sobre-malvinas-8.jpg 1033w\" sizes=\"(max-width: 1024px) 100vw, 1024px\"><\/figure>\n<p>Fuente: <a href=\"https:\/\/infocielo.com\/malvinas\/dia-la-afirmacion-los-derechos-malvinas-que-paso-el-10-junio-1829-n739306\" target=\"_blank\" rel=\"noreferrer noopener nofollow\">https:\/\/infocielo.com<\/a><\/p>\n<div class=\"sharedaddy sd-sharing-enabled\">\n<div class=\"robots-nocontent sd-block sd-social sd-social-icon sd-sharing\">\n<h3 class=\"sd-title\">Comparte esto:<\/h3>\n<\/div>\n<\/div>\n<div class=\"herald-da\"> <ins class=\"adsbygoogle\" data-ad-client=\"ca-pub-7765853155711265\" data-ad-slot=\"4031281682\" data-ad-format=\"auto\"><\/ins>\n<\/div>\n","protected":false},"excerpt":{"rendered":"<p>Para los argentinos hoy es una fecha importante. Por eso, en esta nota te contamos lo sucedido el 10 de junio de 1829. Cada 10 de junio se conmemora el&nbsp;D\u00eda de la Afirmaci\u00f3n de los Derechos Argentinos sobre las&nbsp;Malvinas,&nbsp;Islas&nbsp;y Sector Ant\u00e1rtico. La fecha surge gracias a la designaci\u00f3n del&nbsp;primer gobernador argentino en las&nbsp;Islas Malvinas,&nbsp;Luis Vernet, [&hellip;]<\/p>\n","protected":false},"author":1,"featured_media":31820,"comment_status":"closed","ping_status":"closed","sticky":false,"template":"","format":"standard","meta":[],"categories":[2],"tags":[],"_links":{"self":[{"href":"http:\/\/cordobateve.net\/index.php\/wp-json\/wp\/v2\/posts\/31819"}],"collection":[{"href":"http:\/\/cordobateve.net\/index.php\/wp-json\/wp\/v2\/posts"}],"about":[{"href":"http:\/\/cordobateve.net\/index.php\/wp-json\/wp\/v2\/types\/post"}],"author":[{"embeddable":true,"href":"http:\/\/cordobateve.net\/index.php\/wp-json\/wp\/v2\/users\/1"}],"replies":[{"embeddable":true,"href":"http:\/\/cordobateve.net\/index.php\/wp-json\/wp\/v2\/comments?post=31819"}],"version-history":[{"count":0,"href":"http:\/\/cordobateve.net\/index.php\/wp-json\/wp\/v2\/posts\/31819\/revisions"}],"wp:featuredmedia":[{"embeddable":true,"href":"http:\/\/cordobateve.net\/index.php\/wp-json\/wp\/v2\/media\/31820"}],"wp:attachment":[{"href":"http:\/\/cordobateve.net\/index.php\/wp-json\/wp\/v2\/media?parent=31819"}],"wp:term":[{"taxonomy":"category","embeddable":true,"href":"http:\/\/cordobateve.net\/index.php\/wp-json\/wp\/v2\/categories?post=31819"},{"taxonomy":"post_tag","embeddable":true,"href":"http:\/\/cordobateve.net\/index.php\/wp-json\/wp\/v2\/tags?post=31819"}],"curies":[{"name":"wp","href":"https:\/\/api.w.org\/{rel}","templated":true}]}}