{"id":3678,"date":"2020-11-13T17:04:04","date_gmt":"2020-11-13T17:04:04","guid":{"rendered":"https:\/\/www.espinof.com\/series-de-ficcion\/friends-mathew-perry-pone-fecha-al-esperadisimo-reencuentro-seis-protagonistas-serie"},"modified":"2020-11-13T17:04:04","modified_gmt":"2020-11-13T17:04:04","slug":"friends-matthew-perry-pone-fecha-al-esperadisimo-reencuentro-de-los-seis-protagonistas-de-la-serie","status":"publish","type":"post","link":"http:\/\/cordobateve.net\/index.php\/2020\/11\/13\/friends-matthew-perry-pone-fecha-al-esperadisimo-reencuentro-de-los-seis-protagonistas-de-la-serie\/","title":{"rendered":"&#8216;Friends&#8217;: Matthew Perry pone fecha al esperad\u00edsimo reencuentro de los seis protagonistas de la serie"},"content":{"rendered":"<div readability=\"57.031578947368\">\n<p>Una de las grandes cartas de presentaci\u00f3n de HBO Max iba a ser un episodio especial de <a href=\"https:\/\/www.espinof.com\/tag\/friends\">&#8216;Friends&#8217;<\/a> que reuniese de nuevo a <strong>Jennifer Aniston, David Schwimmer, Courteney Cox, Matthew Perry, Lisa Kudrow y Matt LeBlanc<\/strong>. La pandemia de coronavirus provoc\u00f3 que se retrasara y no hab\u00edamos vuelto a saber nada concreto del cap\u00edtulo hasta ahora.<\/p>\n<p><!-- BREAK 1 --><\/p>\n<p>Ha sido Perry, el inolvidable Chandler Bing, quien ha desvelado a trav\u00e9s de su cuenta personal de twitter que <strong>el rodaje del episodio tendr\u00e1 lugar este pr\u00f3ximo mes de marzo<\/strong>. En su momento estaba previsto para marzo de 2020 y HBO Max se lanz\u00f3 en mayo de ese a\u00f1o, por lo que probablemente podamos verle en mayo de 2021. Eso s\u00ed, por ahora solamente hay fecha para el rodaje.<\/p>\n<p><!-- BREAK 2 --> <\/p>\n<div class=\"article-asset article-asset-normal article-asset-center\">\n<div class=\"desvio-container\">\n<div class=\"desvio\">\n<div class=\"desvio-figure js-desvio-figure\"> <a href=\"https:\/\/www.espinof.com\/listas\/friends-monica-chandler-solamente-iban-a-tener-lio-noche-otras-anecdotas-para-celebrar-25-anos-serie\"> <img alt=\"'Friends': Monica y Chandler solamente iban a tener un l\u00edo de una noche y otras an\u00e9cdotas para celebrar los 25 a\u00f1os de la serie\" src=\"http:\/\/cordobateve.net\/wp-content\/uploads\/2020\/11\/friends-matthew-perry-pone-fecha-al-esperadisimo-reencuentro-de-los-seis-protagonistas-de-la-serie.jpg\"> <\/a> <\/div><\/div><\/div>\n<\/div>\n<p>Resulta curioso que nos enteremos de esta noticia el mismo d\u00eda que <strong>Will Smith<\/strong> lanzaba <a href=\"https:\/\/www.espinof.com\/trailers\/principe-bel-air-will-smith-lanza-trailer-fecha-estreno-episodio-especial-30-aniversario-serie\">el tr\u00e1iler de la esperada reuni\u00f3n de &#8216;El pr\u00edncipe de Bel-Air&#8217;<\/a> que tambi\u00e9n va a verse en HBO Max. No me sorprender\u00eda que fuese un movimiento realizado a prop\u00f3sito, pues hace apenas unas horas que <a href=\"https:\/\/www.espinof.com\/online\/disney-plus-logra-73-7-millones-suscriptores-su-primer-ano-vida-hamilton-su-mayor-exito-2020\">Disney ha presentado<\/a> su informe trimestral de beneficios con un gran crecimiento para <a href=\"https:\/\/disneyplus.bn5x.net\/c\/2196586\/771893\/9358\">Disney+<\/a>.<\/p>\n<p><!-- BREAK 3 --><\/p>\n<blockquote class=\"twitter-tweet\" readability=\"5.445652173913\">\n<p lang=\"en\" dir=\"ltr\">Friends reunion being rescheduled for the beginning of March. Looks like we have a busy year coming up. And that&#8217;s the way I like it!<\/p>\n<p>\u2014 matthew perry (@MatthewPerry) <a href=\"https:\/\/twitter.com\/MatthewPerry\/status\/1326943949240594437?ref_src=twsrc%5Etfw\">November 12, 2020<\/a><\/p><\/blockquote>\n<p>Os recuerdo que no va a ser un nuevo episodio de &#8216;Friends&#8217;, sino una reuni\u00f3n de los seis protagonistas para <strong>charlar sobre la serie<\/strong>. Seguro que est\u00e1 repleta de an\u00e9cdotas y nunca est\u00e1 de m\u00e1s volver a verles juntos, pero habr\u00e1 que esperar m\u00e1s para ver c\u00f3mo continuaron las vidas de Rachel, Ross, Monica, Chandler, Phoebe y Joey en el caso de que alguna vez llegue a hacerse.<\/p>\n<p><!-- BREAK 4 --> <\/div>\n<div readability=\"19.746268656716\">\n<div class=\"article-social-share js-article-social-share m-in-links\" readability=\"26.219178082192\">\n<p> Compartir <q class=\"article-social-share-meta\"> &#8216;Friends&#8217;: Matthew Perry pone fecha al esperad\u00edsimo reencuentro de los seis protagonistas de la serie <\/q> <\/p>\n<\/p><\/div>\n<div class=\"article-topics-list\"> <span class=\"article-topic-desc\">Temas<\/span> <\/p>\n<ul class=\"article-topics-categories\">\n<li><a class=\"article-topic-link\" href=\"https:\/\/www.espinof.com\/categoria\/series-de-ficcion\">Series de ficci\u00f3n<\/a><\/li>\n<\/ul><\/div><\/div>\n","protected":false},"excerpt":{"rendered":"<p>Una de las grandes cartas de presentaci\u00f3n de HBO Max iba a ser un episodio especial de &#8216;Friends&#8217; que reuniese de nuevo a Jennifer Aniston, David Schwimmer, Courteney Cox, Matthew Perry, Lisa Kudrow y Matt LeBlanc. La pandemia de coronavirus provoc\u00f3 que se retrasara y no hab\u00edamos vuelto a saber nada concreto del cap\u00edtulo hasta [&hellip;]<\/p>\n","protected":false},"author":1,"featured_media":3679,"comment_status":"closed","ping_status":"closed","sticky":false,"template":"","format":"standard","meta":[],"categories":[24],"tags":[],"_links":{"self":[{"href":"http:\/\/cordobateve.net\/index.php\/wp-json\/wp\/v2\/posts\/3678"}],"collection":[{"href":"http:\/\/cordobateve.net\/index.php\/wp-json\/wp\/v2\/posts"}],"about":[{"href":"http:\/\/cordobateve.net\/index.php\/wp-json\/wp\/v2\/types\/post"}],"author":[{"embeddable":true,"href":"http:\/\/cordobateve.net\/index.php\/wp-json\/wp\/v2\/users\/1"}],"replies":[{"embeddable":true,"href":"http:\/\/cordobateve.net\/index.php\/wp-json\/wp\/v2\/comments?post=3678"}],"version-history":[{"count":0,"href":"http:\/\/cordobateve.net\/index.php\/wp-json\/wp\/v2\/posts\/3678\/revisions"}],"wp:featuredmedia":[{"embeddable":true,"href":"http:\/\/cordobateve.net\/index.php\/wp-json\/wp\/v2\/media\/3679"}],"wp:attachment":[{"href":"http:\/\/cordobateve.net\/index.php\/wp-json\/wp\/v2\/media?parent=3678"}],"wp:term":[{"taxonomy":"category","embeddable":true,"href":"http:\/\/cordobateve.net\/index.php\/wp-json\/wp\/v2\/categories?post=3678"},{"taxonomy":"post_tag","embeddable":true,"href":"http:\/\/cordobateve.net\/index.php\/wp-json\/wp\/v2\/tags?post=3678"}],"curies":[{"name":"wp","href":"https:\/\/api.w.org\/{rel}","templated":true}]}}