{"id":3736,"date":"2020-11-14T13:35:25","date_gmt":"2020-11-14T13:35:25","guid":{"rendered":"https:\/\/enelmedio.tv\/?p=2558"},"modified":"2020-11-14T13:35:25","modified_gmt":"2020-11-14T13:35:25","slug":"fernandez-el-ajuste-esta-en-dejar-de-pagar-los-intereses-de-la-deuda-que-otros-tomaron","status":"publish","type":"post","link":"http:\/\/cordobateve.net\/index.php\/2020\/11\/14\/fernandez-el-ajuste-esta-en-dejar-de-pagar-los-intereses-de-la-deuda-que-otros-tomaron\/","title":{"rendered":"Fern\u00e1ndez: \u201cEl ajuste est\u00e1 en dejar de pagar los intereses de la deuda que otros tomaron\u201d"},"content":{"rendered":"<p>El presidente Alberto Fern\u00e1ndez asegur\u00f3 que su Gobierno decidi\u00f3 postergar el pago de intereses \u201cde la deuda que otros tomaron\u201d para \u201chacer frente a las urgencias de los argentinos\u201d ante la pandemia, al encabezar el anuncio de obras de infraestructura ferroviaria por m\u00e1s de 4.800 millones de pesos, que generar\u00e1n cerca de 4 mil empleos.<\/p>\n<p>\u201cSi quieren saber d\u00f3nde est\u00e1 el ajuste, ah\u00ed est\u00e1 el ajuste, son los recursos destinados para sobrellevar las crisis que la pandemia nos gener\u00f3\u201d, enfatiz\u00f3 el jefe de Estado al referirse a que el Gobierno decidi\u00f3 \u201cpostergar el pago de de intereses \u201cde la deuda que otros tomaron\u201d para \u201chacer frente a las urgencias de los argentinos\u201d.<\/p>\n<p>El mandatario expres\u00f3 estos conceptos al encabezar por videoconferencia, desde la residencia de Olivos, el anuncio de obras de infraestructura ferroviaria para Merlo, Mor\u00f3n y Moreno por 4.849 millones de pesos, que generar\u00e1n 4.138 puestos de trabajo.<\/p>\n<div id=\"image\" class=\"image\"><img title src=\"http:\/\/cordobateve.net\/wp-content\/uploads\/2020\/11\/fernandez-el-ajuste-esta-en-dejar-de-pagar-los-intereses-de-la-deuda-que-otros-tomaron.jpg\" alt><\/div>\n<p>Fern\u00e1ndez se comunic\u00f3 con el ministro de Transporte Mario Meoni, quien estuvo en Mor\u00f3n junto al presidente de la C\u00e1mara de Diputados Sergio Massa, al intendente local Lucas Ghi y los jefes comunales de Moreno y Merlo, Mariel Fern\u00e1ndez y Gustavo Men\u00e9ndez, respectivamente.<\/p>\n<p>\u201cNos votaron para que los recursos se prioricen en los que m\u00e1s necesitan\u201d, asegur\u00f3 Fern\u00e1ndez, que son los que \u201cusan los trenes urbanos\u201d, y destac\u00f3 que con las obras anunciadas esta tarde est\u00e1n cumpliendo con el compromiso electoral \u201cque es que no se vaya el dinero a cumplir con los acreedores, sino que se quede para cumplir con la gente\u201d.<\/p>\n<blockquote readability=\"8\">\n<p>\u201cSi quieren saber d\u00f3nde est\u00e1 el ajuste, ah\u00ed est\u00e1 el ajuste, son los recursos destinados para sobrellevar las crisis que la pandemia nos gener\u00f3\u201d<\/p>\n<p>ALBERTO FERN\u00c1NDEZ<\/p>\n<\/blockquote>\n<p>El Presidente destac\u00f3 que \u201ces una inversi\u00f3n muy importante, que generar\u00e1 4.000 puestos de trabajo directos y cerca de 15.000 indirectos\u201d, en un pa\u00eds \u201cque necesita de la inversi\u00f3n y del trabajo\u201d porque ese \u201ces el camino\u201d.<\/p>\n<p>El primer mandatario cont\u00f3 que este a\u00f1o hab\u00eda compromisos por 7.000 millones de d\u00f3lares para el pago de intereses de la deuda y el Gobierno prefiri\u00f3 \u201cusar esos recursos para sobrellevar la crisis que la pandemia\u201d gener\u00f3.<\/p>\n<p>Esos montos ser\u00e1n destinados \u201ca estructura vial, ferroviaria, a un mejor desarrollo de la hidrov\u00eda para que esa producci\u00f3n del norte pueda salir m\u00e1s f\u00e1cilmente por el oc\u00e9ano Atl\u00e1ntico para ser exportados\u201d, complet\u00f3 Fern\u00e1ndez.<\/p>\n<p>El mandatario insisti\u00f3 en marcar como prioridad de su administraci\u00f3n \u201cdesarrollar\u201d la infraestructura del pa\u00eds y destinar \u201cmuchos recursos\u201d en realizar obra p\u00fablica porque \u201ces un gran dinamizador de la econom\u00eda\u201d.<\/p>\n<p>En ese contexto, puso a la mejora de las estaciones de trenes como uno de los objetivos centrales en materia de transporte, porque donde m\u00e1s seguridad se necesita \u201ces en las calles y en los lugares de espera del transporte p\u00fablico\u201d.<\/p>\n<p>El Presidente cumple en la Residencia de Olivos con el protocolo de aislamiento como medida de prevenci\u00f3n luego que el secretario de Asuntos Estrat\u00e9gicos de la Presidencia Gustavo Beliz diera positivo de coronavirus.<\/p>\n<p>En tanto, Meoni inform\u00f3 que su cartera firm\u00f3 ya 22 convenios por 24.028 millones de pesos y en 2021 \u201cse inaugurar\u00e1n 20 pasos a nivel, se refaccionar\u00e1n m\u00e1s de 30 estaciones y se invertir\u00e1 en la red vial\u201d.<\/p>\n<p>\u201cEl Presidente nos pidi\u00f3 volver a tener los trenes de pasajeros en todo el pa\u00eds, y en el caso del AMBA que sean m\u00e1s r\u00e1pidos y seguros\u201d, apunt\u00f3 el ministro.<\/p>\n<p>En ese marco, anunci\u00f3 la reanudaci\u00f3n de los trenes de larga distancia a partir del 23 de noviembre, con protocolos sanitarios.<\/p>\n<p>Los servicios de larga distancia disponibles en esta primera etapa ser\u00e1n Constituci\u00f3n-Mar del Plata; Retiro-Jun\u00edn; Constituci\u00f3n-Bah\u00eda Blanca; Retiro-San Nicol\u00e1s y Once-Bragado.<\/p>\n<p>En tanto, el presidente de la C\u00e1mara baja Sergio Massa resalt\u00f3 que \u201ccada peso que se gasta en inversi\u00f3n p\u00fablica no es m\u00e1s ni menor en la mejora de la calidad de vida de la gente\u201d.<\/p>\n<p>\u201cCada puente, t\u00fanel, estaci\u00f3n, anden, kil\u00f3metro de riel genera que nuestros trabajadores viajen mejor y estemos mejor comunicados, m\u00e1s all\u00e1 del centro de nuestra capital\u201d, agreg\u00f3 Massa.<\/p>\n<p><strong>El diputado manifest\u00f3 que en los \u00faltimos cuatro a\u00f1os \u201cno se construy\u00f3 ni un solo bajo nivel en el conurbano y en la Ciudad de Buenos Aires se hicieron 60\u201d obras de esa naturaleza, y apunt\u00f3 que \u201clos que perdieron fueron m\u00e1s de 1,5 millones de vecinos, que vieron que se concentraba la inversi\u00f3n en otro lado\u201d.<\/strong><\/p>\n<p>Massa llam\u00f3 a \u201cinvertir en infraestructura ferroviaria que para que no haya argentino de primera o de segunda, seg\u00fan donde viva\u201d, y resalt\u00f3 \u201cdejar de privilegiar el pago de deuda para privilegiar los intereses de los argentinos, no los intereses de los que tienen acreencias\u201d.<\/p>\n<p>\u201cCada peso de menos que pagamos de deuda es m\u00e1s inversi\u00f3n en infraestructura, en educaci\u00f3n, es cuidar lo nuestro, porque el desarrollo y el trabajo que es lo que nos sacar\u00e1 adelante\u201d, concluy\u00f3.<\/p>\n<p>Fuente: TELAM<\/p>\n","protected":false},"excerpt":{"rendered":"<p>El presidente Alberto Fern\u00e1ndez asegur\u00f3 que su Gobierno decidi\u00f3 postergar el pago de intereses \u201cde la deuda que otros tomaron\u201d para \u201chacer frente a las urgencias de los argentinos\u201d ante la pandemia, al encabezar el anuncio de obras de infraestructura ferroviaria por m\u00e1s de 4.800 millones de pesos, que generar\u00e1n cerca de 4 mil empleos. [&hellip;]<\/p>\n","protected":false},"author":1,"featured_media":3737,"comment_status":"closed","ping_status":"closed","sticky":false,"template":"","format":"standard","meta":[],"categories":[23],"tags":[],"_links":{"self":[{"href":"http:\/\/cordobateve.net\/index.php\/wp-json\/wp\/v2\/posts\/3736"}],"collection":[{"href":"http:\/\/cordobateve.net\/index.php\/wp-json\/wp\/v2\/posts"}],"about":[{"href":"http:\/\/cordobateve.net\/index.php\/wp-json\/wp\/v2\/types\/post"}],"author":[{"embeddable":true,"href":"http:\/\/cordobateve.net\/index.php\/wp-json\/wp\/v2\/users\/1"}],"replies":[{"embeddable":true,"href":"http:\/\/cordobateve.net\/index.php\/wp-json\/wp\/v2\/comments?post=3736"}],"version-history":[{"count":0,"href":"http:\/\/cordobateve.net\/index.php\/wp-json\/wp\/v2\/posts\/3736\/revisions"}],"wp:featuredmedia":[{"embeddable":true,"href":"http:\/\/cordobateve.net\/index.php\/wp-json\/wp\/v2\/media\/3737"}],"wp:attachment":[{"href":"http:\/\/cordobateve.net\/index.php\/wp-json\/wp\/v2\/media?parent=3736"}],"wp:term":[{"taxonomy":"category","embeddable":true,"href":"http:\/\/cordobateve.net\/index.php\/wp-json\/wp\/v2\/categories?post=3736"},{"taxonomy":"post_tag","embeddable":true,"href":"http:\/\/cordobateve.net\/index.php\/wp-json\/wp\/v2\/tags?post=3736"}],"curies":[{"name":"wp","href":"https:\/\/api.w.org\/{rel}","templated":true}]}}