{"id":39782,"date":"2022-09-25T05:22:26","date_gmt":"2022-09-25T05:22:26","guid":{"rendered":"http:\/\/cordobateve.net\/index.php\/2022\/09\/25\/intentamos-sostener-una-accion-federal\/"},"modified":"2022-09-25T05:22:26","modified_gmt":"2022-09-25T05:22:26","slug":"intentamos-sostener-una-accion-federal","status":"publish","type":"post","link":"http:\/\/cordobateve.net\/index.php\/2022\/09\/25\/intentamos-sostener-una-accion-federal\/","title":{"rendered":"\u201cIntentamos sostener una acci\u00f3n federal\u201d"},"content":{"rendered":"<div class=\"media_block\"><\/div>\n<div><img src=\"http:\/\/cordobateve.net\/wp-content\/uploads\/2022\/09\/intentamos-sostener-una-accion-federal.jpg\" class=\"ff-og-image-inserted\"><\/div>\n<p>Como todos los a\u00f1os normales, l\u00e9ase pre pandemia y ahora casi post pandemia el Instituto Nacional del Teatro (INT) organiza la Fiesta Nacional del Teatro y cada edici\u00f3n se lleva a cabo en una provincia distinta. Ser\u00e1 la n\u00famero 36 inici\u00e1ndose el jueves 29 de septiembre hasta el 6 de octubre, con la particularidad de hacer eje en el Chaco, pero con actividades en tres provincias m\u00e1s: Formosa, Corrientes y Misiones. Confirmaron que ser\u00e1n m\u00e1s de 250 funciones en 40 salas, incluyendo espacios no convencionales que movilizar\u00e1n 600 artistas de todo el territorio nacional e incluso alg\u00fan elenco de pa\u00eds lim\u00edtrofe. De all\u00ed la presencia de Paraguay, con el unipersonal Retrato de Josefina Pl\u00e1, sobre la vida y la obra de la feminista, que naci\u00f3 en Espa\u00f1a, pero vivi\u00f3 y muri\u00f3 en Asunci\u00f3n.<\/p>\n<p>Como es tradici\u00f3n la grilla de espect\u00e1culos se conforma con los que ganaron las fiestas teatrales de su provincia, m\u00e1s obras invitadas. Habr\u00e1 tambi\u00e9n actividades especiales y un festejo por los veinte a\u00f1os de la editorial INTeatro con libros que entrega gratuitamente y a los que tambi\u00e9n se puede acceder desde su p\u00e1gina web.<\/p>\n<p>El director ejecutivo del Instituto Nacional del Teatro, Gustavo Uano, explica las particularidades de este 2022: \u201cTuvimos ofrecimientos de cuatro provincias, lo que marca una declarada avidez por parte del ambiente cultural del pa\u00eds por recibir las actividades y eventos que el INT organiza. El Consejo de Direcci\u00f3n del INT defini\u00f3 que fuese en el NEA por dos razones fundamentales: por un lado la importancia del ofrecimiento realizado por Chaco, que ten\u00eda un proyecto muy concreto, auspicioso y adem\u00e1s superaba a lo ofrecido por otras sedes. Tambi\u00e9n porque la regi\u00f3n ha tenido una postergaci\u00f3n en la ecuaci\u00f3n hist\u00f3rica de aportes, apoyos e inversiones desde la creaci\u00f3n del organismo. Y desde nuestra gesti\u00f3n intentamos sostener una acci\u00f3n federal, redistributiva y arm\u00f3nica\u201d.&nbsp;<\/p>\n<p>Agreg\u00f3 Uano que buscaron: \u201cun enfoque popular y comunitario, en clave de sumar nuevas audiencias, de generar un evento participativo, convocante, que promueva la accesibilidad, la igualdad y el respeto por la diversidad\u201d. Es por eso que algunos espect\u00e1culos invitados tienen como eje la Guerra de las Malvinas, por cumplirse 40 a\u00f1os del acontecimiento. La reflexi\u00f3n sobre nuestro pasado hist\u00f3rico fue siempre evidente en algunos de nuestros dramaturgos, como Andr\u00e9s Lizarraga (1919-1982). Por eso estar\u00e1 presente Juana vive, adaptaci\u00f3n y direcci\u00f3n de Rosa Celentano basada en el libro Proceso a Juana Azurduy, con las actuaciones de Luisa Kuliok y Roberto Romano. Es Kuliok quien confiesa: \u201cM\u00e1s all\u00e1 de toda circunstancia, anhelos personales o sue\u00f1os\u2026la Fiesta Nacional del Teatro significa comunidad. La representaci\u00f3n federal de un pa\u00eds a trav\u00e9s del arte teatral convocando a reuni\u00f3n de almas y reflexiones con cuerpos absolutamente presentes. Hacedores del teatro y p\u00fablico en la misma respiraci\u00f3n, en los abismos y las maravillas de lo humano. Estar all\u00ed, haber sido invitados nos produce una inmensa emoci\u00f3n y agradecimiento.\u201d<\/p>\n<p>Cuando se le pide a Gustavo Uano cifras afirma: \u201cEn nuestro concepto no es un gasto. La inversi\u00f3n del INT para la Fiesta Nacional ser\u00e1 de aproximadamente 40 millones de pesos, entre aportes en equipamiento, acondicionamiento de espacios, costos de log\u00edstica, comunicaci\u00f3n, cachets de los elencos y dem\u00e1s necesidades de producci\u00f3n. Las entradas costar\u00e1n 200 pesos y tendremos invitaciones para sectores vulnerables\u201d.<\/p>\n<p>Entre los 32 espect\u00e1culos ganadores de las Fiestas, por la Ciudad Aut\u00f3noma de Buenos Aires, entre otros ir\u00e1 Sue\u00f1o de Emiliano Dionisi. Adaptador, director e integrante del elenco, quien vuelve a otro cl\u00e1sico de William Shakespeare luego de su versi\u00f3n de Romeo y Julieta. Dionisi anticipa: \u201cAdaptar y montar Sue\u00f1o de una noche de verano era un pendiente para m\u00ed. La le\u00ed de adolescente y me jur\u00e9 hacerla alg\u00fan d\u00eda. Es una comedia con un nivel de complejidad argumental abrumador. Implicaba un desaf\u00edo abrirla a p\u00fablicos nuevos sin perder la esencia y resignificar su po\u00e9tica. Cuando en plena pandemia me enter\u00e9 que los primeros espacios que se iban a habilitar para trabajar ser\u00edan al aire libre, pens\u00e9: \u00bfqu\u00e9 obra podr\u00eda funcionar bien en un \u00e1mbito abierto e incluso potenciarla? Y ah\u00ed nom\u00e1s me di el gusto. Disfrutamos much\u00edsimo hacerla\u201d.<\/p>\n<p>Entre las sorpresas de esta Fiesta Nacional est\u00e1 la presentaci\u00f3n del primer infantil de la directora y dramaturga Lorena Romanin con su Ana y Wiwi. Ella afirma: \u201cHace tiempo que ten\u00eda ganas de trabajar el g\u00e9nero. Seguramente tener una hija fue uno de los m\u00f3viles. Tambi\u00e9n sab\u00eda que es muy diferente el recorrido de las obras y ten\u00eda ganas de conocerlo. No hice diferencia en la forma de hacer, de hecho estaba muy insegura antes del estreno pensando qu\u00e9 les pasar\u00eda a les ni\u00f1es con el espect\u00e1culo. Fue muy movilizante hacer este espect\u00e1culo\u201d.&nbsp;<\/p>\n<p>Se sumar\u00e1n otros nombres, incluyendo internacionales, como Rosa Luisa M\u00e1rquez (Puerto Rico), Teresa Ralli (Per\u00fa), Maria Rosario Franc\u00e9s (Espa\u00f1a) y tambi\u00e9n nacionales como Ar\u00edstides Vargas (Argentina). Rendir\u00e1n homenaje a Osvaldo Drag\u00fan, director e impulsor de la Escuela Internacional de Teatro de Am\u00e9rica Latina y el Caribe (EITALC). Tanto Luisa Kuliok, Emiliano Dionisi como Lorena Romanin subrayaron la importancia de poder estar presentes en esta fiesta teatral, indudablemente la m\u00e1s federal del pa\u00eds.<\/p>\n<div class=\"noticias-relacionadas\" readability=\"0.83461538461538\">\n<p>Tambi\u00e9n te puede interesar<\/p>\n<\/p><\/div>\n","protected":false},"excerpt":{"rendered":"<p>Como todos los a\u00f1os normales, l\u00e9ase pre pandemia y ahora casi post pandemia el Instituto Nacional del Teatro (INT) organiza la Fiesta Nacional del Teatro y cada edici\u00f3n se lleva a cabo en una provincia distinta. Ser\u00e1 la n\u00famero 36 inici\u00e1ndose el jueves 29 de septiembre hasta el 6 de octubre, con la particularidad de [&hellip;]<\/p>\n","protected":false},"author":1,"featured_media":39783,"comment_status":"closed","ping_status":"closed","sticky":false,"template":"","format":"standard","meta":[],"categories":[22],"tags":[],"_links":{"self":[{"href":"http:\/\/cordobateve.net\/index.php\/wp-json\/wp\/v2\/posts\/39782"}],"collection":[{"href":"http:\/\/cordobateve.net\/index.php\/wp-json\/wp\/v2\/posts"}],"about":[{"href":"http:\/\/cordobateve.net\/index.php\/wp-json\/wp\/v2\/types\/post"}],"author":[{"embeddable":true,"href":"http:\/\/cordobateve.net\/index.php\/wp-json\/wp\/v2\/users\/1"}],"replies":[{"embeddable":true,"href":"http:\/\/cordobateve.net\/index.php\/wp-json\/wp\/v2\/comments?post=39782"}],"version-history":[{"count":0,"href":"http:\/\/cordobateve.net\/index.php\/wp-json\/wp\/v2\/posts\/39782\/revisions"}],"wp:featuredmedia":[{"embeddable":true,"href":"http:\/\/cordobateve.net\/index.php\/wp-json\/wp\/v2\/media\/39783"}],"wp:attachment":[{"href":"http:\/\/cordobateve.net\/index.php\/wp-json\/wp\/v2\/media?parent=39782"}],"wp:term":[{"taxonomy":"category","embeddable":true,"href":"http:\/\/cordobateve.net\/index.php\/wp-json\/wp\/v2\/categories?post=39782"},{"taxonomy":"post_tag","embeddable":true,"href":"http:\/\/cordobateve.net\/index.php\/wp-json\/wp\/v2\/tags?post=39782"}],"curies":[{"name":"wp","href":"https:\/\/api.w.org\/{rel}","templated":true}]}}