{"id":41940,"date":"2022-10-27T12:28:04","date_gmt":"2022-10-27T12:28:04","guid":{"rendered":"http:\/\/cordobateve.net\/index.php\/2022\/10\/27\/la-frase-de-gianinna-maradona-tras-el-lanzamiento-de-jimena-baron\/"},"modified":"2022-10-27T12:28:04","modified_gmt":"2022-10-27T12:28:04","slug":"la-frase-de-gianinna-maradona-tras-el-lanzamiento-de-jimena-baron","status":"publish","type":"post","link":"http:\/\/cordobateve.net\/index.php\/2022\/10\/27\/la-frase-de-gianinna-maradona-tras-el-lanzamiento-de-jimena-baron\/","title":{"rendered":"La frase de Gianinna Maradona tras el lanzamiento de Jimena Bar\u00f3n"},"content":{"rendered":"<div class=\"media_block\"><\/div>\n<p><a target=\"_blank\" href=\"https:\/\/caras.perfil.com\/noticias\/celebridades\/como-empezo-la-historia-de-traicion-entre-gianinna-maradona-y-jimena-baron.phtml\" rel=\"noopener noreferrer\"><strong>Gianinna Maradona<\/strong><\/a> mantiene un bajo perfil y sus&nbsp; publicaciones en redes sociales suelen ser escasas.<\/p>\n<p>Pero desde hace unos d\u00edas, <strong>la hija de Diego Maradona<\/strong> se dedic\u00f3 a compartir diversos recuerdos de su pap\u00e1 cuando se acerca la fecha en la que cumplir\u00eda 62 a\u00f1os. Sin hacer menci\u00f3n a su separaci\u00f3n con Daniel Osvaldo, la morocha no pas\u00f3 desapercibido la canci\u00f3n que lanz\u00f3 <strong>Jimena Bar\u00f3n, La ara\u00f1a, <\/strong>que muchos asocian a la historia de amistad entre ellas que termin\u00f3 mal.<\/p>\n<p><strong>\u00abGrandes son aquellos que a pesar de ser juzgados por ser quienes son, no cambian para complacer a nadie\u00bb, <\/strong>dice la placa que<strong> Gianinna Maradona subi\u00f3 a su Insta Stories en la que aparece una foto de Diego.<\/strong><\/p>\n<figure class=\"image\"><img alt=\"El mensaje de Gianinna Maradona \" src=\"http:\/\/cordobateve.net\/wp-content\/uploads\/2022\/10\/la-frase-de-gianinna-maradona-tras-el-lanzamiento-de-jimena-baron.jpg\" loading=\"lazy\"><figcaption>El mensaje de Gianinna Maradona&nbsp;<\/figcaption><\/figure>\n<p><strong>\u00abElla siempre ah\u00ed, incondicional. Tanto me abraz\u00f3 y me consol\u00f3 cuando estaba mal.&nbsp;<\/strong>Me supo entender, me supo cuidar, vecina del dolor. Dijo en casa cuando la vio: \u201cEsto es una se\u00f1al, la ara\u00f1a, la traici\u00f3n\u201d. Y qui\u00e9n iba a pensar, qui\u00e9n iba a imaginar.&nbsp;<strong>Que fue al final mi amiga, la que tanto me quer\u00eda, me enga\u00f1aba\u00bb,&nbsp;<\/strong>dice parte de la letra del tema de <strong>Jimena Bar\u00f3n<\/strong> y que muchos asociaron como un fuerte palo a <strong>Gianinna.&nbsp;<\/strong><\/p>\n<p>Tras el lanzamiento de este tema, <strong>Jimena Bar\u00f3n <\/strong>habl\u00f3 en LAM sobre su historia y, aunque no mencion\u00f3 a Gianinna, asegur\u00f3 que fue sobre esa etapa de su vida que escribi\u00f3 el tema.<\/p>\n<p><strong>\u00abFue un tema muy dif\u00edcil para m\u00ed. Hubo un trabajo muy grande para m\u00ed, mucha terapia\u00bb,&nbsp;<\/strong>agreg\u00f3 la tambi\u00e9n actriz.Y asegur\u00f3:<strong>&nbsp;\u00abFui muy d\u00e9bil en alg\u00fan momento por&nbsp;todo esto\u00bb, dispar\u00f3.&nbsp;<\/strong><\/p>\n<h2><strong>El motivo por el que Gianinna Maradona y Jimena Bar\u00f3n dejaron de ser amigas&nbsp;<\/strong><\/h2>\n<p>La historia de&nbsp;<strong><a target=\"_blank\" href=\"http:\/\/https\/\/caras.perfil.com\/noticias\/celebridades\/jimena-baron-hablo-de-su-reencuentro-con-daniel-osvaldo-y-la-relacion-con-gianinna.phtml\" rel=\"noopener noreferrer\">Jimena Bar\u00f3n<\/a>&nbsp;y Gianinna Maradona&nbsp;<\/strong>comenz\u00f3 hace ya algunos a\u00f1os, cuando la cantante empez\u00f3 su escandalosa&nbsp;<strong>separaci\u00f3n con Daniel Osvaldo.<\/strong><\/p>\n<p>En ese momento, aparecieron im\u00e1genes de la<strong>&nbsp;hija de Diego Maradona<\/strong>&nbsp;y y el ex deportista abrazados en un boliche, hecho que provoc\u00f3 una serie de comentarios y rumores sobre este v\u00ednculo.&nbsp;<\/p>\n<figure class=\"image\"><img alt=\"C\u00f3mo empez\u00f3 la historia de traici\u00f3n entre Gianinna Maradona y Jimena Bar\u00f3n \" src=\"http:\/\/cordobateve.net\/wp-content\/uploads\/2022\/10\/la-frase-de-gianinna-maradona-tras-el-lanzamiento-de-jimena-baron-1.jpg\" loading=\"lazy\"><figcaption><strong>Gianinna Maradona y Jimena Bar\u00f3n<\/strong><\/figcaption><\/figure>\n<p>Tiempo despu\u00e9s de la aparici\u00f3n de esas im\u00e1genes,<strong>&nbsp;Jimena Bar\u00f3n sali\u00f3 a aclarar por qu\u00e9 termin\u00f3 su relaci\u00f3n con Gianinna en un programa de Mirtha Legrand.<\/strong>&nbsp;\u00abTuvimos un v\u00ednculo con Gianinna, la amistad grande, importante es con Dalma, que somos amigas desde que yo empec\u00e9 a trabajar, a los 11 a\u00f1os, y ella fue siempre su hermana.&nbsp;<strong>Despu\u00e9s viv\u00ed enfrente de la casa de Gianinna en el Tigre, la famosa casa del Tigre, maldecida, as\u00ed que compartimos y ella me ayud\u00f3 un mont\u00f3n\u00bb,&nbsp;<\/strong>dijo en 2017.&nbsp;<\/p>\n<figure class=\"image\"><img alt=\"C\u00f3mo empez\u00f3 la historia de traici\u00f3n entre Gianinna Maradona y Jimena Bar\u00f3n \" src=\"http:\/\/cordobateve.net\/wp-content\/uploads\/2022\/10\/la-frase-de-gianinna-maradona-tras-el-lanzamiento-de-jimena-baron-2.jpg\" loading=\"lazy\"><figcaption>C\u00f3mo empez\u00f3 la historia de traici\u00f3n entre Gianinna Maradona y Jimena Bar\u00f3n&nbsp;<\/figcaption><\/figure>\n<h2>&nbsp;<\/h2>\n<div class=\"galeria-fotos\">\n<p>Galer\u00eda de im\u00e1genes<\/p>\n<\/p><\/div>\n<div class=\"relacionadas\" readability=\"0.63265306122449\">\n<p>Tambi\u00e9n te puede interesar<\/p>\n<\/p><\/div>\n","protected":false},"excerpt":{"rendered":"<p>Gianinna Maradona mantiene un bajo perfil y sus&nbsp; publicaciones en redes sociales suelen ser escasas. Pero desde hace unos d\u00edas, la hija de Diego Maradona se dedic\u00f3 a compartir diversos recuerdos de su pap\u00e1 cuando se acerca la fecha en la que cumplir\u00eda 62 a\u00f1os. Sin hacer menci\u00f3n a su separaci\u00f3n con Daniel Osvaldo, la [&hellip;]<\/p>\n","protected":false},"author":1,"featured_media":41941,"comment_status":"closed","ping_status":"closed","sticky":false,"template":"","format":"standard","meta":[],"categories":[22],"tags":[],"_links":{"self":[{"href":"http:\/\/cordobateve.net\/index.php\/wp-json\/wp\/v2\/posts\/41940"}],"collection":[{"href":"http:\/\/cordobateve.net\/index.php\/wp-json\/wp\/v2\/posts"}],"about":[{"href":"http:\/\/cordobateve.net\/index.php\/wp-json\/wp\/v2\/types\/post"}],"author":[{"embeddable":true,"href":"http:\/\/cordobateve.net\/index.php\/wp-json\/wp\/v2\/users\/1"}],"replies":[{"embeddable":true,"href":"http:\/\/cordobateve.net\/index.php\/wp-json\/wp\/v2\/comments?post=41940"}],"version-history":[{"count":0,"href":"http:\/\/cordobateve.net\/index.php\/wp-json\/wp\/v2\/posts\/41940\/revisions"}],"wp:featuredmedia":[{"embeddable":true,"href":"http:\/\/cordobateve.net\/index.php\/wp-json\/wp\/v2\/media\/41941"}],"wp:attachment":[{"href":"http:\/\/cordobateve.net\/index.php\/wp-json\/wp\/v2\/media?parent=41940"}],"wp:term":[{"taxonomy":"category","embeddable":true,"href":"http:\/\/cordobateve.net\/index.php\/wp-json\/wp\/v2\/categories?post=41940"},{"taxonomy":"post_tag","embeddable":true,"href":"http:\/\/cordobateve.net\/index.php\/wp-json\/wp\/v2\/tags?post=41940"}],"curies":[{"name":"wp","href":"https:\/\/api.w.org\/{rel}","templated":true}]}}