{"id":43267,"date":"2022-11-16T09:13:53","date_gmt":"2022-11-16T09:13:53","guid":{"rendered":"http:\/\/cordobateve.net\/index.php\/2022\/11\/16\/netflix-convierte-en-pelicula-la-vida-del-anarquista-navarro-lucio-urtubia\/"},"modified":"2022-11-16T09:13:53","modified_gmt":"2022-11-16T09:13:53","slug":"netflix-convierte-en-pelicula-la-vida-del-anarquista-navarro-lucio-urtubia","status":"publish","type":"post","link":"http:\/\/cordobateve.net\/index.php\/2022\/11\/16\/netflix-convierte-en-pelicula-la-vida-del-anarquista-navarro-lucio-urtubia\/","title":{"rendered":"<b>Netflix<\/b> convierte en pel\u00edcula la vida del anarquista navarro Lucio Urtubia"},"content":{"rendered":"<p>All\u00ed tom\u00f3 contacto con las Juventudes Libertarias y con quien acab\u00f3 marcando su vida, el militante antifranquista Quico Sabat\u00e9, en cuya compa\u00f1\u00eda entr\u00f3&nbsp;&#8230; <\/p>\n","protected":false},"excerpt":{"rendered":"<p>All\u00ed tom\u00f3 contacto con las Juventudes Libertarias y con quien acab\u00f3 marcando su vida, el militante antifranquista Quico Sabat\u00e9, en cuya compa\u00f1\u00eda entr\u00f3&nbsp;&#8230;<\/p>\n","protected":false},"author":1,"featured_media":0,"comment_status":"closed","ping_status":"closed","sticky":false,"template":"","format":"standard","meta":[],"categories":[23],"tags":[],"_links":{"self":[{"href":"http:\/\/cordobateve.net\/index.php\/wp-json\/wp\/v2\/posts\/43267"}],"collection":[{"href":"http:\/\/cordobateve.net\/index.php\/wp-json\/wp\/v2\/posts"}],"about":[{"href":"http:\/\/cordobateve.net\/index.php\/wp-json\/wp\/v2\/types\/post"}],"author":[{"embeddable":true,"href":"http:\/\/cordobateve.net\/index.php\/wp-json\/wp\/v2\/users\/1"}],"replies":[{"embeddable":true,"href":"http:\/\/cordobateve.net\/index.php\/wp-json\/wp\/v2\/comments?post=43267"}],"version-history":[{"count":0,"href":"http:\/\/cordobateve.net\/index.php\/wp-json\/wp\/v2\/posts\/43267\/revisions"}],"wp:attachment":[{"href":"http:\/\/cordobateve.net\/index.php\/wp-json\/wp\/v2\/media?parent=43267"}],"wp:term":[{"taxonomy":"category","embeddable":true,"href":"http:\/\/cordobateve.net\/index.php\/wp-json\/wp\/v2\/categories?post=43267"},{"taxonomy":"post_tag","embeddable":true,"href":"http:\/\/cordobateve.net\/index.php\/wp-json\/wp\/v2\/tags?post=43267"}],"curies":[{"name":"wp","href":"https:\/\/api.w.org\/{rel}","templated":true}]}}