{"id":45005,"date":"2022-12-11T14:33:41","date_gmt":"2022-12-11T14:33:41","guid":{"rendered":"http:\/\/cordobateve.net\/index.php\/2022\/12\/11\/jamie-campbell-bower-la-gran-figura-de-la-comic-con\/"},"modified":"2022-12-11T14:33:41","modified_gmt":"2022-12-11T14:33:41","slug":"jamie-campbell-bower-la-gran-figura-de-la-comic-con","status":"publish","type":"post","link":"http:\/\/cordobateve.net\/index.php\/2022\/12\/11\/jamie-campbell-bower-la-gran-figura-de-la-comic-con\/","title":{"rendered":"Jamie Campbell Bower, la gran figura de la Comic Con"},"content":{"rendered":"<div class=\"media_block\"><\/div>\n<p>Ya te contamos que la <strong><em>Argentina Comic-Con<\/em><\/strong> es una fiesta desde el arranque del viernes pasado. Pero no se puede negar que la figura excluyente de los tres d\u00edas fue<strong> Jamie Campbell Bower,<\/strong> la principal figura internacional que participa del encuentro luego de que <strong>Vincent D\u2019Onofrio <\/strong>no pudiera llegar por tener Covid.<\/p>\n<figure class=\"wp-block-image size-large\"><img loading=\"lazy\" width=\"1024\" height=\"575\" src=\"http:\/\/cordobateve.net\/wp-content\/uploads\/2022\/12\/jamie-campbell-bower-la-gran-figura-de-la-comic-con.jpg\" alt class=\"wp-image-27170\" srcset=\"http:\/\/cordobateve.net\/wp-content\/uploads\/2022\/12\/jamie-campbell-bower-la-gran-figura-de-la-comic-con.jpg 1024w, http:\/\/cordobateve.net\/wp-content\/uploads\/2022\/12\/jamie-campbell-bower-la-gran-figura-de-la-comic-con-5.jpg 300w, http:\/\/cordobateve.net\/wp-content\/uploads\/2022\/12\/jamie-campbell-bower-la-gran-figura-de-la-comic-con-6.jpg 768w, http:\/\/cordobateve.net\/wp-content\/uploads\/2022\/12\/jamie-campbell-bower-la-gran-figura-de-la-comic-con-7.jpg 1300w\" sizes=\"(max-width: 1024px) 100vw, 1024px\"><\/figure>\n<p>Desde la primera jornada el Main Stage estall\u00f3 con la presencia de Jamie, encargado de darle vida al antagonista central de la \u00faltima temporada de <strong><em>Stranger Things<\/em><\/strong> de Netflix. Seg\u00fan cont\u00f3 en el panel, se le hizo muy dif\u00edcil comer y beber con el traje puesto para que no se le arruinara el maquillaje. Declarado fan de <strong>Messi <\/strong>y pos\u00f3 con una camiseta de la selecci\u00f3n. Tambi\u00e9n le encant\u00f3 Buenos Aires, \u201ces una ciudad incre\u00edblemente colorida y la gente es muy amable\u201d, y confes\u00f3 su amor por los alfajores.<\/p>\n<figure class=\"wp-block-image size-large\"><img loading=\"lazy\" width=\"1024\" height=\"575\" src=\"http:\/\/cordobateve.net\/wp-content\/uploads\/2022\/12\/jamie-campbell-bower-la-gran-figura-de-la-comic-con-1.jpg\" alt class=\"wp-image-27169\" srcset=\"http:\/\/cordobateve.net\/wp-content\/uploads\/2022\/12\/jamie-campbell-bower-la-gran-figura-de-la-comic-con-1.jpg 1024w, http:\/\/cordobateve.net\/wp-content\/uploads\/2022\/12\/jamie-campbell-bower-la-gran-figura-de-la-comic-con-8.jpg 300w, http:\/\/cordobateve.net\/wp-content\/uploads\/2022\/12\/jamie-campbell-bower-la-gran-figura-de-la-comic-con-9.jpg 768w, http:\/\/cordobateve.net\/wp-content\/uploads\/2022\/12\/jamie-campbell-bower-la-gran-figura-de-la-comic-con-10.jpg 1300w\" sizes=\"(max-width: 1024px) 100vw, 1024px\"><\/figure>\n<p>Al repasar su trayectoria previa, en los que fue el joven marinero Anthony Hope en el musical <strong><em>Sweeney Todd<\/em><\/strong> y el malvado vampiro Caius en la saga <strong><em>Crep\u00fasculo<\/em><\/strong>, entre otros t\u00edtulos, el actor de 34 a\u00f1os consider\u00f3 que \u201csiempre est\u00e1 bueno hacer del tipo malo, porque tiene otro sabor\u201d.<\/p>\n<figure class=\"wp-block-image size-large\"><img loading=\"lazy\" width=\"1024\" height=\"683\" src=\"http:\/\/cordobateve.net\/wp-content\/uploads\/2022\/12\/jamie-campbell-bower-la-gran-figura-de-la-comic-con-2.jpg\" alt class=\"wp-image-27171\" srcset=\"http:\/\/cordobateve.net\/wp-content\/uploads\/2022\/12\/jamie-campbell-bower-la-gran-figura-de-la-comic-con-2.jpg 1024w, http:\/\/cordobateve.net\/wp-content\/uploads\/2022\/12\/jamie-campbell-bower-la-gran-figura-de-la-comic-con-11.jpg 300w, http:\/\/cordobateve.net\/wp-content\/uploads\/2022\/12\/jamie-campbell-bower-la-gran-figura-de-la-comic-con-12.jpg 768w, http:\/\/cordobateve.net\/wp-content\/uploads\/2022\/12\/jamie-campbell-bower-la-gran-figura-de-la-comic-con-13.jpg 1300w\" sizes=\"(max-width: 1024px) 100vw, 1024px\"><\/figure>\n<p>\u201cTambi\u00e9n leo sobre personajes que tienen traumas, que son m\u00e1s complejos. Me gusta descubrir por qu\u00e9 se convirtieron en quienes son, quiero estudiar y saber por qu\u00e9 son as\u00ed. Me gusta entender el contexto, la actuaci\u00f3n se trata de ver lo que quiere decir ser humano, sin egolatr\u00edas, y eso es lo que hacen los buenos artistas\u201d, coment\u00f3 el adorable brit\u00e1nico.<\/p>\n<figure class=\"wp-block-image size-large\"><img loading=\"lazy\" width=\"1024\" height=\"575\" src=\"http:\/\/cordobateve.net\/wp-content\/uploads\/2022\/12\/jamie-campbell-bower-la-gran-figura-de-la-comic-con-3.jpg\" alt class=\"wp-image-27168\" srcset=\"http:\/\/cordobateve.net\/wp-content\/uploads\/2022\/12\/jamie-campbell-bower-la-gran-figura-de-la-comic-con-3.jpg 1024w, http:\/\/cordobateve.net\/wp-content\/uploads\/2022\/12\/jamie-campbell-bower-la-gran-figura-de-la-comic-con-14.jpg 300w, http:\/\/cordobateve.net\/wp-content\/uploads\/2022\/12\/jamie-campbell-bower-la-gran-figura-de-la-comic-con-15.jpg 768w, http:\/\/cordobateve.net\/wp-content\/uploads\/2022\/12\/jamie-campbell-bower-la-gran-figura-de-la-comic-con-16.jpg 1300w\" sizes=\"(max-width: 1024px) 100vw, 1024px\"><\/figure>\n<p>Todav\u00eda te queda hoy, pasado el mediod\u00eda, para disfrutar de la feria, escucharlo a Jamie en vivo (a las 18) y hacer tus compras navide\u00f1as. No te la pierdas.<\/p>\n<p><strong>Pato Daniele<\/strong><\/p>\n<p> <!-- e-planning v3 - Comienzo espacio _ articulo _ teads --> <noscript><a href=\"https:\/\/ads.us.e-planning.net\/ei\/3\/2bb5\/articulo\/teads?it=i&amp;rnd=$RANDOM\" target=\"_blank\" rel=\"noopener noreferrer\"><img loading=\"lazy\" width=\"1\" height=\"1\" alt=\"e-planning ad\" src=\"https:\/\/ads.us.e-planning.net\/eb\/3\/2bb5\/articulo\/teads?o=i&amp;rnd=$RANDOM\" border=\"0\"><\/a><\/noscript><br \/>\n<!-- e-planning v3 - Fin espacio _ articulo _ teads --> <\/p>\n","protected":false},"excerpt":{"rendered":"<p>Ya te contamos que la Argentina Comic-Con es una fiesta desde el arranque del viernes pasado. Pero no se puede negar que la figura excluyente de los tres d\u00edas fue Jamie Campbell Bower, la principal figura internacional que participa del encuentro luego de que Vincent D\u2019Onofrio no pudiera llegar por tener Covid. Desde la primera [&hellip;]<\/p>\n","protected":false},"author":1,"featured_media":45006,"comment_status":"closed","ping_status":"closed","sticky":false,"template":"","format":"standard","meta":[],"categories":[22],"tags":[],"_links":{"self":[{"href":"http:\/\/cordobateve.net\/index.php\/wp-json\/wp\/v2\/posts\/45005"}],"collection":[{"href":"http:\/\/cordobateve.net\/index.php\/wp-json\/wp\/v2\/posts"}],"about":[{"href":"http:\/\/cordobateve.net\/index.php\/wp-json\/wp\/v2\/types\/post"}],"author":[{"embeddable":true,"href":"http:\/\/cordobateve.net\/index.php\/wp-json\/wp\/v2\/users\/1"}],"replies":[{"embeddable":true,"href":"http:\/\/cordobateve.net\/index.php\/wp-json\/wp\/v2\/comments?post=45005"}],"version-history":[{"count":0,"href":"http:\/\/cordobateve.net\/index.php\/wp-json\/wp\/v2\/posts\/45005\/revisions"}],"wp:featuredmedia":[{"embeddable":true,"href":"http:\/\/cordobateve.net\/index.php\/wp-json\/wp\/v2\/media\/45006"}],"wp:attachment":[{"href":"http:\/\/cordobateve.net\/index.php\/wp-json\/wp\/v2\/media?parent=45005"}],"wp:term":[{"taxonomy":"category","embeddable":true,"href":"http:\/\/cordobateve.net\/index.php\/wp-json\/wp\/v2\/categories?post=45005"},{"taxonomy":"post_tag","embeddable":true,"href":"http:\/\/cordobateve.net\/index.php\/wp-json\/wp\/v2\/tags?post=45005"}],"curies":[{"name":"wp","href":"https:\/\/api.w.org\/{rel}","templated":true}]}}