{"id":465,"date":"2020-08-28T03:31:08","date_gmt":"2020-08-28T03:31:08","guid":{"rendered":"http:\/\/pablolayus.com.ar\/?p=57583"},"modified":"2020-08-28T03:31:08","modified_gmt":"2020-08-28T03:31:08","slug":"jey-mammon-emociono-en-el-cantando","status":"publish","type":"post","link":"http:\/\/cordobateve.net\/index.php\/2020\/08\/28\/jey-mammon-emociono-en-el-cantando\/","title":{"rendered":"Jey Mammon emociono en el Cantando"},"content":{"rendered":"<div><img src=\"http:\/\/cordobateve.net\/wp-content\/uploads\/2020\/08\/jey-mammon-emociono-en-el-cantando.jpg\" class=\"ff-og-image-inserted\"><\/div>\n<p>El jurado chicane\u00f3 al influencer y se hizo el que no lo conoc\u00eda pero despu\u00e9s lo desafi\u00f3 a jugar al Tutti Frutti, como Lizardo hace en sus vivos de Instagram.<\/p>\n<p>Oscar Mediavilla no es un novato en el Cantando, y su incorporaci\u00f3n al certamen por la salida de Pepito Cibri\u00e1n se not\u00f3 repartiendo los bajos puntajes y picantes devoluciones. Y as\u00ed fue como este mi\u00e9rcoles por la noche Lizardo Ponce se convirti\u00f3 en una de sus v\u00edctimas.<\/p>\n<p>Primero, el influencer sufri\u00f3 las palabras de Nacha Guevara, quien asegur\u00f3 que su performance \u00abfue el festival de la desafinaci\u00f3n\u00bb. \u00abVos sab\u00e9s Lizardo que te aprecio mucho, pero es un d\u00fao y tiene que sonar bien. Entre que cantan y dejan de cantar se muere todo, se muere la energ\u00eda. No es as\u00ed, hay que mantenerlo, sostenerlo. Eso le pasa a los dos. No me gust\u00f3, lo siento\u00bb, expres\u00f3 la actriz sobre el tema de Ataque 77 que interpretaron.<\/p>\n<p>Despu\u00e9s del 4 de Nacha y el 6 de Karina, que fue un poco m\u00e1s ben\u00e9vola, el participante se present\u00f3 ante Mediavilla y le coment\u00f3 que es periodista e influencer. \u00ab\u00bfEso lo hac\u00e9s bien? \u00bfPor qu\u00e9 no te anotaste en un concurso de influencers?\u00bb, sentenci\u00f3 el productor musical.<\/p>\n<p>Sin embargo, despu\u00e9s reconoci\u00f3 que Lizardo no estuvo tan mal, y asegur\u00f3: \u00abEstuviste cerca de la nota. Hay profesionales que cantan peor que vos. Si a esto que \u00e9l cant\u00f3 le pongo el autotune sale afinado. No fue algo dram\u00e1tico\u00bb.<\/p>\n<p>Pero luego volvi\u00f3 a la carga: \u00ab\u00bfVos pensaste que era divertido el desaf\u00edo de no cantar y anotarte en un concurso de canto?\u00bb. Y cerr\u00f3 con un 3, lo que le dio un total de 13 puntos, el m\u00e1s bajo hasta el momento.<\/p>\n","protected":false},"excerpt":{"rendered":"<p>El jurado chicane\u00f3 al influencer y se hizo el que no lo conoc\u00eda pero despu\u00e9s lo desafi\u00f3 a jugar al Tutti Frutti, como Lizardo hace en sus vivos de Instagram. Oscar Mediavilla no es un novato en el Cantando, y su incorporaci\u00f3n al certamen por la salida de Pepito Cibri\u00e1n se not\u00f3 repartiendo los bajos [&hellip;]<\/p>\n","protected":false},"author":1,"featured_media":466,"comment_status":"closed","ping_status":"closed","sticky":false,"template":"","format":"standard","meta":[],"categories":[21],"tags":[],"_links":{"self":[{"href":"http:\/\/cordobateve.net\/index.php\/wp-json\/wp\/v2\/posts\/465"}],"collection":[{"href":"http:\/\/cordobateve.net\/index.php\/wp-json\/wp\/v2\/posts"}],"about":[{"href":"http:\/\/cordobateve.net\/index.php\/wp-json\/wp\/v2\/types\/post"}],"author":[{"embeddable":true,"href":"http:\/\/cordobateve.net\/index.php\/wp-json\/wp\/v2\/users\/1"}],"replies":[{"embeddable":true,"href":"http:\/\/cordobateve.net\/index.php\/wp-json\/wp\/v2\/comments?post=465"}],"version-history":[{"count":0,"href":"http:\/\/cordobateve.net\/index.php\/wp-json\/wp\/v2\/posts\/465\/revisions"}],"wp:featuredmedia":[{"embeddable":true,"href":"http:\/\/cordobateve.net\/index.php\/wp-json\/wp\/v2\/media\/466"}],"wp:attachment":[{"href":"http:\/\/cordobateve.net\/index.php\/wp-json\/wp\/v2\/media?parent=465"}],"wp:term":[{"taxonomy":"category","embeddable":true,"href":"http:\/\/cordobateve.net\/index.php\/wp-json\/wp\/v2\/categories?post=465"},{"taxonomy":"post_tag","embeddable":true,"href":"http:\/\/cordobateve.net\/index.php\/wp-json\/wp\/v2\/tags?post=465"}],"curies":[{"name":"wp","href":"https:\/\/api.w.org\/{rel}","templated":true}]}}