{"id":47995,"date":"2023-01-22T07:33:50","date_gmt":"2023-01-22T07:33:50","guid":{"rendered":"http:\/\/cordobateve.net\/index.php\/2023\/01\/22\/somos-dos-actrices-de-mucho-caracter-y-diferentes\/"},"modified":"2023-01-22T07:33:50","modified_gmt":"2023-01-22T07:33:50","slug":"somos-dos-actrices-de-mucho-caracter-y-diferentes","status":"publish","type":"post","link":"http:\/\/cordobateve.net\/index.php\/2023\/01\/22\/somos-dos-actrices-de-mucho-caracter-y-diferentes\/","title":{"rendered":"\u201cSomos dos actrices de mucho car\u00e1cter y diferentes\u201d"},"content":{"rendered":"<div class=\"media_block\"><\/div>\n<div><img src=\"http:\/\/cordobateve.net\/wp-content\/uploads\/2023\/01\/somos-dos-actrices-de-mucho-caracter-y-diferentes.jpg\" class=\"ff-og-image-inserted\"><\/div>\n<p>Despu\u00e9s del estreno en 2021 cuando los teatros a\u00fan ten\u00edan aforo reducido y despu\u00e9s de giras por numerosas ciudades de la Argentina, <strong><em>Dos locas de remate<\/em><\/strong> volvi\u00f3 a los escenarios de Buenos Aires. La obra tiene lugar en el Teatro Astral desde el 6 de enero. La qu\u00edmica que lograron juntas <a target=\"_blank\" href=\"https:\/\/exitoina.perfil.com\/noticias\/destacada\/soledad-solveyra-y-veronica-llinas-hablaron-del-grave-accidente-en-el-teatro-estamos-destruidas.phtml\" rel=\"noopener noreferrer\"><strong>Soledad Silveyra<\/strong> y <strong>Ver\u00f3nica Llin\u00e1s<\/strong><\/a> en esta pieza constituye un evento en s\u00ed mismo, que se suma al \u00e1gil texto de Ram\u00f3n Paso, dirigido por Manuel Gonz\u00e1lez Gil. Estas dos actrices de gran trayectoria y estilos dis\u00edmiles se unen para una obra donde el humor no oculta sino que expone las debilidades humanas al interior de los v\u00ednculos familiares, en este caso, de dos hermanas.<\/p>\n<p><strong>\u2014\u00bfQu\u00e9 les significa hacer temporada de verano en Buenos Aires? \u00bfC\u00f3mo encaran ese modo de hacer y vivir el teatro?<\/strong><\/p>\n<p>Soledad Silveyra: Estamos acostumbradas. El verano pasado hicimos Mar del Plata y Buenos Aires. Hace m\u00e1s de dos meses que no hacemos la obra; tenemos que repasar; en toda esta gira nacional que hicimos fuimos cambiando cosas. Somos de improvisar un poco; a veces incorporamos al p\u00fablico. No s\u00e9 qu\u00e9 dir\u00e1 Manuel cuando lo vea, jeje.&nbsp;<\/p>\n<p>Ver\u00f3nica Llin\u00e1s: En la gira, nos fue muy bien; tambi\u00e9n, cuando estuvimos en Buenos Aires. Arrancamos justo con la vuelta de la pandemia. Tenemos ganas de que sigan los \u00e9xitos. No hay que perder la esperanza, como lo ha demostrado nuestro fabuloso seleccionado.&nbsp;<\/p>\n<p><strong>\u2014\u00bfC\u00f3mo es el personaje de cada una de ustedes?<\/strong><\/p>\n<p>S: Mi personaje es una mujer aparentemente muy d\u00e9bil, a quien le ha ido muy mal en la vida, perdi\u00f3 todo, se qued\u00f3 en la calle. Muy inteligente no es: es cortita. Tiene una necesidad enorme de que la hermana la cobije. Pero de esa debilidad que tiene, ella consigue que su hermana tambi\u00e9n se modifique. Nuestra obra es sobre la familia. Si bien trata sobre un v\u00ednculo de hermanas, aparece la madre, aparece la hija, aparece la asistente. La gente se para, grita, festeja, es muy emocionante. Yo lloro todas las noches, de emoci\u00f3n, por lo que pasa con la gente.<\/p>\n<p>L: Mi personaje es Julia, es la hermana menor. Es muy exitosa profesionalmente, porque es una violinista que tiene muy buen pasar. Pero tiene una gran cantidad de man\u00edas, tocs, tics y prejuicios sociales, raciales, es muy discriminadora, desvaloriza a su hermana, quien se qued\u00f3 bajo el ala de su madre, cuid\u00e1ndola. Catalina, que es el personaje de Solita, no desarroll\u00f3 ninguna actividad propia. A mi personaje, que se cree superior, de pronto esta otra la sacude; esas cosas de alg\u00fan modo la modifican. Es un encuentro dentro de desencuentros.&nbsp;<\/p>\n<p class=\"destacadoNota\">\u00abLa gente se va reflexionando sobre su familia\u00bb &#8211; Soledad Silveyra&nbsp;<\/p>\n<p><strong>\u2014En esta situaci\u00f3n dram\u00e1tica, \u00bfc\u00f3mo surge la risa?<\/strong><\/p>\n<p>S: Lo que genera risa son las barbaridades que hacen. El personaje de Vero tiene muchos tocs; la gente se r\u00ede mucho. Pero es el v\u00ednculo lo que genera risa, c\u00f3mo una joroba a la otra, c\u00f3mo se pelean. La gente se r\u00ede mucho durante una hora y veinte, pero se va reflexionando sobre su propia familia, porque la obra en el fondo es dura. Recibimos en el Instagram: \u201cme arregl\u00e9 con mi vieja\u201d, \u201cpude hablar con mi padre\u201d, \u201chicimos una reuni\u00f3n de hermanos\u201d.&nbsp;<\/p>\n<p>L: En la forma est\u00e1 todo. Nosotras interpretamos con la seriedad, como si estuvi\u00e9ramos haciendo Shakespeare, pero la situaci\u00f3n es absurda. Adem\u00e1s, es como un compendio de un mont\u00f3n de situaciones en las familias, que se pueden tornar un poco rid\u00edculas y por lo tanto hilarantes. Las peleas que tienen estas hermanas escalan a lugares tremendos: creo que la gente se identifica much\u00edsimo&nbsp;<\/p>\n<p><strong>\u2014\u00bfC\u00f3mo ha sido el proceso de trabajo de la una con la otra?<\/strong><\/p>\n<p>S: Nos hemos peleado, nos hemos insultado, hemos hecho cuatro sesiones de an\u00e1lisis. Nos cost\u00f3 much\u00edsimo. Somos dos actrices con mucho car\u00e1cter y muy diferentes, pero tenemos valores muy similares. Lo importante es dejar el ego de lado, construir para la obra. Eso lo hemos entendido. Es una obra que tiene que ver con la conciencia del otro, con no trabajar solo, sino trabajar con el otro.&nbsp;<\/p>\n<p>L: Con Solita, a pesar de venir de or\u00edgenes teatrales muy diferentes, de ser personas muy diferentes, y de haber tenido momentos dif\u00edciles tambi\u00e9n, estamos muy orgullosas de haber podido encontrar la forma de saber qu\u00e9 hacer con nuestras diferencias y de lidiar con ellas y de entender que tenemos que estar las dos juntas.<\/p>\n<p><strong>\u2014\u00bfTienen rituales para empezar cada funci\u00f3n?<\/strong><\/p>\n<p>L: Yo no hago nada. O sea, no soy de llegar mucho tiempo temprano. Eso me lo recrimino; no lo digo como \u201csoy b\u00e1rbara\u201d. Soy muy ansiosa. Entonces si tengo que esperar mucho para actuar, me rayo. Tengo que tener un tiempo que no sea tanto, porque si no, me agarra una ansiedad tremenda. Despu\u00e9s no soy de precalentar la voz, ni precalentar el cuerpo, soy todo lo que no hay que hacer. Y tengo, s\u00ed, algunas c\u00e1balas, pero ninguna que diga \u201cesto va a ser un \u00e9xito, qu\u00e9 bien que va a andar\u201d. La palabra \u201c\u00e9xito\u201d me parece tremenda. Entonces, me toco la teta, toco madera, hago rituales contra-mufa. Antes de entrar en escena con Solita, con Sarita, que es nuestra vestidora, m\u00e1s Juancito, stage manager, nos tocamos las manos, hacemos como una especie de peque\u00f1a concentraci\u00f3n antes de salir. Si no hay eso, me pongo mal. Sarita nos toca la cola a Solita y a m\u00ed, nos da un chirlito en la cola: eso tambi\u00e9n tiene que suceder siempre.<\/p>\n<p class=\"destacadoNota\">\u00abToda la cultura en general es una actividad cara\u00bb &#8211; Ver\u00f3nica Llin\u00e1s&nbsp;&nbsp;<\/p>\n<p><strong>\u2014Aunque est\u00e1n haciendo teatro, tienen un v\u00ednculo muy intenso con el cine. \u00bfC\u00f3mo han vivido la resoluci\u00f3n en torno al Incaa a fin de 2022?<\/strong><\/p>\n<p>S: Fue una feliz resoluci\u00f3n. Era un conflicto que se ven\u00eda manteniendo. De todas maneras, creo que el Instituto del Cine necesita, como todos los organismos estatales, una buena gesti\u00f3n, o sea, poner gestores, gente que sepa, y dejar el partidismo de lado, que los cr\u00e9ditos se den como corresponde a los mejores guiones y no, a los mejores amigos.&nbsp;<\/p>\n<p>L: Fue un alivio. Para m\u00ed, hubiera sido muy jodido que eso no se percibiera m\u00e1s. Es muy dif\u00edcil hacer cine: toda la cultura en general, pero particularmente el cine, es una actividad muy cara. Aunque ahora no existe el f\u00edlmico, es una actividad muy cara, y hay poca ayuda, fomento. Se hace muy cuesta arriba para la gente que empieza y tambi\u00e9n, para la gente que tiene cierto camino hecho. Ahora est\u00e1n copando mucho las plataformas, pero tambi\u00e9n eso hace entrar en una \u201cmodalidad plataforma\u201d que es particular, pero que tambi\u00e9n es restrictiva. Que el Incaa tenga plata para hacer otro tipo de pel\u00edculas me parece que es muy bueno.&nbsp;<\/p>\n<p><strong>\u2014Ver\u00f3nica, \u00bfqu\u00e9 repercusiones vas teniendo de tu participaci\u00f3n en la serie El fin del amor?<\/strong><\/p>\n<p>L: La serie, yo sab\u00eda que iba a tener una muy buena repercusi\u00f3n, primero, porque Lali Esp\u00f3sito es una estrella total y est\u00e1 en su momento de explosi\u00f3n. Adem\u00e1s, el producto es interesante, piola y toca un tema que no se aborda por lo general. Lo que me azor\u00f3 es el feedback de mi personaje, que no era llamativo. Estoy acostumbrada a desplegar histrionismo, pero este personaje es una mam\u00e1 com\u00fan, sin escenas de comedia. Sin embargo, lo que me devuelve la gente es realmente muy reconfortante.<\/p>\n<h2><strong>Miradas&nbsp;en espejo<\/strong><\/h2>\n<p><strong>\u2014Solita, \u00bfc\u00f3mo es Vero?<\/strong><\/p>\n<p>S: Vero es una actriz maravillosa, una gran humorista, una mujer que sabe delegar. Tiene un car\u00e1cter muy fuerte, muy fuerte, y al mismo tiempo es una nena. En el fondo, las dos somos unas nenas, pero yo soy m\u00e1s nena que Vero. Vero tiene energ\u00eda, fuerza. Los personajes nos acompa\u00f1an: la m\u00eda es una d\u00e9bil, una pobre desgraciada; la de Vero es una triunfadora a la que no le importa nada del otro. Vero tiene algunas cosas del personaje, pero, por sobre todas las cosas, es una actriz a la que respeto profundamente. Las dos, con mucha paciencia, hemos logrado trabajar juntas. No quiere decir que no volvamos a discutir, pero es discutir para construir.<\/p>\n<p><strong>\u2014Vero, \u00bfc\u00f3mo es Solita?<\/strong><\/p>\n<p>L: Solita es una actriz maravillosa. Despu\u00e9s, es una persona muy especial. Es la persona m\u00e1s distra\u00edda, m\u00e1s colgada que vi en el mundo. Por eso mismo, es muy cautivante, muy poco careta, muy transparente, lo que para m\u00ed es muy importante. Cuando tiene un exabrupto, despu\u00e9s pide perd\u00f3n. Las dos personas bastante fuertes y con egos sobre el escenario, pero a la vez las dos somos lo suficientemente vivas, para entender que nos necesitamos. Solita es muy emocional. Por ah\u00ed, para ella yo soy demasiado fr\u00eda. La cargo y le digo: Llorita Silveyra. Adem\u00e1s, es profundamente popular: la gente la quiere, la adora, y ella adora que la adoren y se relaciona con la gente y se preocupa y pregunta y quiere saber de cada pueblo que va. Tiene la intenci\u00f3n de abrazar a su pueblo. Con respecto a trabajar juntas, logramos domar nuestros egos para entender que&nbsp;la obra es un trabajo en com\u00fan. Es lo que nos demostr\u00f3 el seleccionado de f\u00fatbol que gan\u00f3 el Mundial, y lo que no est\u00e1 pasando en el \u00e1mbito pol\u00edtico y social en&nbsp;el pa\u00eds.<\/p>\n<div class=\"noticias-relacionadas\" readability=\"1.0294117647059\">\n<p>Tambi\u00e9n te puede interesar<\/p>\n<\/p><\/div>\n","protected":false},"excerpt":{"rendered":"<p>Despu\u00e9s del estreno en 2021 cuando los teatros a\u00fan ten\u00edan aforo reducido y despu\u00e9s de giras por numerosas ciudades de la Argentina, Dos locas de remate volvi\u00f3 a los escenarios de Buenos Aires. La obra tiene lugar en el Teatro Astral desde el 6 de enero. La qu\u00edmica que lograron juntas Soledad Silveyra y Ver\u00f3nica [&hellip;]<\/p>\n","protected":false},"author":1,"featured_media":47996,"comment_status":"closed","ping_status":"closed","sticky":false,"template":"","format":"standard","meta":[],"categories":[22],"tags":[],"_links":{"self":[{"href":"http:\/\/cordobateve.net\/index.php\/wp-json\/wp\/v2\/posts\/47995"}],"collection":[{"href":"http:\/\/cordobateve.net\/index.php\/wp-json\/wp\/v2\/posts"}],"about":[{"href":"http:\/\/cordobateve.net\/index.php\/wp-json\/wp\/v2\/types\/post"}],"author":[{"embeddable":true,"href":"http:\/\/cordobateve.net\/index.php\/wp-json\/wp\/v2\/users\/1"}],"replies":[{"embeddable":true,"href":"http:\/\/cordobateve.net\/index.php\/wp-json\/wp\/v2\/comments?post=47995"}],"version-history":[{"count":0,"href":"http:\/\/cordobateve.net\/index.php\/wp-json\/wp\/v2\/posts\/47995\/revisions"}],"wp:featuredmedia":[{"embeddable":true,"href":"http:\/\/cordobateve.net\/index.php\/wp-json\/wp\/v2\/media\/47996"}],"wp:attachment":[{"href":"http:\/\/cordobateve.net\/index.php\/wp-json\/wp\/v2\/media?parent=47995"}],"wp:term":[{"taxonomy":"category","embeddable":true,"href":"http:\/\/cordobateve.net\/index.php\/wp-json\/wp\/v2\/categories?post=47995"},{"taxonomy":"post_tag","embeddable":true,"href":"http:\/\/cordobateve.net\/index.php\/wp-json\/wp\/v2\/tags?post=47995"}],"curies":[{"name":"wp","href":"https:\/\/api.w.org\/{rel}","templated":true}]}}