{"id":48189,"date":"2023-01-25T08:01:29","date_gmt":"2023-01-25T08:01:29","guid":{"rendered":"https:\/\/www.clarin.com\/cultura\/mariela-ivanier-dicen-compradora-coleccionista-elijo-emociona-_0_PM1Bld2j9f.html"},"modified":"2023-01-25T08:01:29","modified_gmt":"2023-01-25T08:01:29","slug":"mariela-ivanier-dicen-que-soy-una-compradora-no-una-coleccionista-yo-elijo-lo-que-me-emociona","status":"publish","type":"post","link":"http:\/\/cordobateve.net\/index.php\/2023\/01\/25\/mariela-ivanier-dicen-que-soy-una-compradora-no-una-coleccionista-yo-elijo-lo-que-me-emociona\/","title":{"rendered":"Mariela Ivanier: \u00abDicen que soy una compradora, no una coleccionista, yo elijo lo que me emociona\u00bb"},"content":{"rendered":"<p><img src=\"http:\/\/cordobateve.net\/wp-content\/uploads\/2023\/01\/mariela-ivanier-dicen-que-soy-una-compradora-no-una-coleccionista-yo-elijo-lo-que-me-emociona.jpg\"><\/p>\n<p><strong>Mariela Ivanier y sus T\u00e9 de Colecci\u00f3n<\/strong> son leyendas vivas en el ambiente art\u00edstico porte\u00f1o. Abre su casa, llena de cuadros de artistas argentinos, para amigos y amigos de sus amigos que tienen alguna vinculaci\u00f3n o inter\u00e9s por las <strong>experiencias art\u00edsticas.<\/strong> En ese<strong> peque\u00f1o museo<\/strong> que en realidad es un hogar se tejen relaciones, redes, nuevas amistades y se aporta a formar el gusto por el arte.<\/p>\n<p><strong>Ivanier <\/strong>public\u00f3 el a\u00f1o pasado su segundo libro,<em> El arte est\u00e1 en casa,&nbsp;<\/em>donde<strong> re\u00fane el testimonio de 141 mujeres vinculadas al arte. <\/strong>Al igual que en sus m\u00edticos <em>meetings<\/em>, re\u00fane personalidades que ocupan distintos lugares dentro del mundo art\u00edstico.<\/p>\n<p> Desde una artista, hasta una imprentera, pasando por las curadoras, una cocinera, galeristas y periodistas especializadas,<strong> cada una hace una breve reflexi\u00f3n sobre su amor a los objetos de arte, <\/strong>c\u00f3mo se iniciaron en sus disciplinas y qu\u00e9 significa el arte para cada una de ellas.<\/p>\n<div class=\"sp__Normal embed-box embed-body-photo\" data-index=\"1\">\n<picture class=\"pointer\">\n<img class=\"img-expand\" width=\"100\" height=\"100\" loading=\"lazy\" src=\"http:\/\/cordobateve.net\/wp-content\/uploads\/2023\/01\/mariela-ivanier-dicen-que-soy-una-compradora-no-una-coleccionista-yo-elijo-lo-que-me-emociona-2.jpg\" alt=\"&quot;El arte est\u00e1 en casa&quot;, de Mariela Ivanier (Planeta, $7.900 papel; $2.000 ebook).\"><br \/>\n<span class=\"bt-expand\"><br \/>\n<svg class=\"ico white_mod\">\n<use class=\"use-expand\" xlink:href=\"#icon-expand\" \/>\n<\/svg><br \/>\n<\/span>\n<\/picture><figcaption>\u00abEl arte est\u00e1 en casa\u00bb, de Mariela Ivanier (Planeta, $7.900 papel; $2.000 ebook). <\/figcaption><\/div>\n<p>En la entrevista con <a href=\"https:\/\/www.clarin.com\/cultura\/\" target=\"_blank\" rel=\"noopener noreferrer\"><strong>Clar\u00edn Cultura<\/strong><\/a> no habr\u00e1 t\u00e9 sino un caf\u00e9 de media ma\u00f1ana. En Congreso, a donde <strong>Ivanier<\/strong> se mud\u00f3 hace menos de dos a\u00f1os, las calles todav\u00eda se sacuden la modorra despu\u00e9s de celebrar la Copa Mundial obtenida apenas horas antes en Qatar.<\/p>\n<p>Pero en la casa de esta relacionista p\u00fablica que dirige su propia consultora Verbo&nbsp;no hay rastros de f\u00fatbol. Solo se respira arte combinado con <strong>una impecable decoraci\u00f3n no apta para minimalistas ni fan\u00e1ticos de la ausencia de color.<\/strong><\/p>\n<p>Apenas comienza el di\u00e1logo,<strong> Ivanier<\/strong> aborda una de las pol\u00e9micas de corte filos\u00f3fico-mercantilista que siempre rodean a quienes destinan dinero para hacerse de una obra de arte.<\/p>\n<p> <strong>\u201cDe m\u00ed,&nbsp;dicen que soy una compradora, no una coleccionista<\/strong>. Yo siempre pregunto: \u00bfvos con qu\u00e9 quer\u00e9s vivir? \u00bfCon lo que vale m\u00e1s, con lo que est\u00e1 en l\u00ednea curatorial o con lo que vos quer\u00e9s tener cerca de ti?\u201d, lanza.<\/p>\n<div class=\"sp__Normal embed-box embed-body-photo\" data-index=\"2\">\n<picture class=\"pointer\">\n<img class=\"img-expand\" width=\"100\" height=\"100\" loading=\"lazy\" src=\"http:\/\/cordobateve.net\/wp-content\/uploads\/2023\/01\/mariela-ivanier-dicen-que-soy-una-compradora-no-una-coleccionista-yo-elijo-lo-que-me-emociona-3.jpg\" alt=\"Mariela Ivanier en su casa, que es como un museo. Foto Guillermo Rodr\u00edguez Adami\"><br \/>\n<span class=\"bt-expand\"><br \/>\n<svg class=\"ico white_mod\">\n<use class=\"use-expand\" xlink:href=\"#icon-expand\" \/>\n<\/svg><br \/>\n<\/span>\n<\/picture><figcaption>Mariela Ivanier en su casa, que es como un museo. Foto Guillermo Rodr\u00edguez Adami <\/figcaption><\/div>\n<p> Y contin\u00faa: <strong>\u201cYo elijo lo que me emociona.<\/strong> No se si soy coleccionista, es un tema que no me quita el sue\u00f1o. S\u00ed me quita el sue\u00f1o motivar a la gente a que coleccione o que compre m\u00ednimamente\u201d.<\/p>\n<p> <em>El arte est\u00e1 en casa <\/em>naci\u00f3 como un proyecto durante la cuarentena. Durante meses reuni\u00f3 el testimonio de un centenar de profesionales del arte para conseguir un libro que emana sentimientos, historias personales, intimidad y una amplia mirada sobre las posibilidades profesionales que da el arte. M\u00e1s extensos o apenas unas breves l\u00edneas, <strong>cada mujer seleccionada por Ivanier tiene una historia para revelar.<\/strong><\/p>\n<p> A su vez, alienta a posibles nuevos compradores que a\u00fan no descifran c\u00f3mo ingresar al circuito art\u00edstico. \u201cHay much\u00edsima gente que viene a mi casa y se da cuenta que las cosas no son tan costosas como imagina. Con los T\u00e9 de Colecci\u00f3n el inter\u00e9s es mostrarle a la gente que puede tener obra en su casa y es muy grato convivir con eso\u201d, cuenta <strong>Ivanier.<\/strong><\/p>\n<p> Rastreando las experiencias de cada mujer que particip\u00f3 del libro se <strong>vislumbran distintas maneras de encontrase con el arte en la vida.<\/strong> Est\u00e1n las mujeres que proven\u00edan de familias vinculadas a la cultura, otras que se enamoraron de hombres que las incorporaron a ese mundo, quienes ten\u00edan una vocaci\u00f3n interior y quienes se toparon casualmente con alguna disciplina y nunca pudieron dejarla. Desde una mirada pr\u00e1ctica,<strong> el libro resulta una gu\u00eda de las m\u00faltiples salidas laborales que puede tener el arte.<\/strong><\/p>\n<div class=\"sp__Normal embed-box embed-body-photo\" data-index=\"3\">\n<picture class=\"pointer\">\n<img class=\"img-expand\" width=\"100\" height=\"100\" loading=\"lazy\" src=\"http:\/\/cordobateve.net\/wp-content\/uploads\/2023\/01\/mariela-ivanier-dicen-que-soy-una-compradora-no-una-coleccionista-yo-elijo-lo-que-me-emociona-4.jpg\" alt=\"Mariela Ivanier comenz\u00f3 a coleccionar arte en 1997. Foto Guillermo Rodr\u00edguez Adami\"><br \/>\n<span class=\"bt-expand\"><br \/>\n<svg class=\"ico white_mod\">\n<use class=\"use-expand\" xlink:href=\"#icon-expand\" \/>\n<\/svg><br \/>\n<\/span>\n<\/picture><figcaption>Mariela Ivanier comenz\u00f3 a coleccionar arte en 1997. Foto Guillermo Rodr\u00edguez Adami <\/figcaption><\/div>\n<p> La historia de<strong> Ivanier <\/strong>pertenece a la de la herencia familiar. Aunque comenz\u00f3 a coleccionar arte en 1997 cuando compr\u00f3 su primer departamento \u2013\u201cDecid\u00ed que no iba a tener l\u00e1minas, sino solo originales\u201d\u2013 sus padres ya ten\u00edan una historia personal con el arte.<\/p>\n<p> Cuando los <strong>Ivanier<\/strong> contrajeron matrimonio tomaron todos los sobrecitos que recibieron con dinero de sus familiares, y que de acuerdo a la tradici\u00f3n deber\u00eda destinarse a iniciar su hogar, y, en cambio, compraron una obra de arte. Seis d\u00e9cadas y 16 mudanzas despu\u00e9s los padres de la relacionista p\u00fablica a\u00fan <strong>preservan la obra.<\/strong><\/p>\n<p> \u201cEllos se han ido mudando con lo imprescindible. Y esa obra es imprescindible. Para m\u00ed el arte es imprescindible.<strong> Mi familia se fund\u00f3 con una obra de arte\u201d, <\/strong>reflexiona ahora desde su propio hogar que estren\u00f3 en pandemia.<\/p>\n<p> Pero volvamos a 1997, cuando decidi\u00f3 que no quer\u00eda l\u00e1minas en sus paredes. En su rol de relacionista comenz\u00f3 a trabajar para algunos artistas que buscaban difundir su trabajo. Ivanier cumpli\u00f3 con su objetivo y, a la par, ingresaba a un nuevo mundo. Luego llegar\u00eda el momento de comprar.<\/p>\n<div class=\"sp__Normal embed-box embed-body-photo\" data-index=\"4\">\n<picture class=\"pointer\">\n<img class=\"img-expand\" width=\"100\" height=\"100\" loading=\"lazy\" src=\"http:\/\/cordobateve.net\/wp-content\/uploads\/2023\/01\/mariela-ivanier-dicen-que-soy-una-compradora-no-una-coleccionista-yo-elijo-lo-que-me-emociona-5.jpg\" alt=\"&quot;El arte es como el agua para m\u00ed. Es as\u00ed de necesario&quot;, dice Mariela Ivanier. Foto Guillermo Rodr\u00edguez Adami\"><br \/>\n<span class=\"bt-expand\"><br \/>\n<svg class=\"ico white_mod\">\n<use class=\"use-expand\" xlink:href=\"#icon-expand\" \/>\n<\/svg><br \/>\n<\/span>\n<\/picture><figcaption>\u00abEl arte es como el agua para m\u00ed. Es as\u00ed de necesario\u00bb, dice Mariela Ivanier. Foto Guillermo Rodr\u00edguez Adami <\/figcaption><\/div>\n<p> <strong>Hoy posee 300 obras todas colgadas en su casa. <\/strong>Su hija la asesor\u00f3 en el montaje dentro del <strong>departamento que sin buscarlo podr\u00eda pasar por un museo. <\/strong>Sucede que<strong> Ivanier <\/strong>puso especial esmero en cada ambiente, distinguido por un color, donde en algunos casos hizo tambi\u00e9n combinar las paletas que predominan en cada obra.<\/p>\n<p> <strong>Recorrer su departamento se asemeja a visitar un museo,<\/strong> con sus salas bien diferenciadas, con un esmero cuidado en el orden, pero sin perder la calidez de un hogar. Al fin y al cabo, <strong>Ivanier <\/strong>habita ese espacio, convive las 24 horas rodeada de sus obras, aunque la abra a sus invitados porque, afirma, \u201ccuando uno comparte los chiches es m\u00e1s feliz jugando\u201d.<\/p>\n<p> En <em>El arte est\u00e1 en casa<\/em> <strong>la l\u00f3gica de distinguir por color se repite. <\/strong>Hay un testimonio por p\u00e1gina a la que se le asigna un color o estampa propia. Cada mujer es \u00fanica \u2013como una obra de arte\u2013&nbsp;e <strong>Ivanier<\/strong> les brinda su propio espacio.<\/p>\n<p> Hay otro elemento que caracteriza a nuestra anfitriona, at\u00edpico en el mundo del arte:<strong> Ivanier no teme en sostener que el arte puede ser un negocio<\/strong> para todos los que se involucren y que las reglas del marketing tambi\u00e9n pueden aplic\u00e1rsele.<\/p>\n<p> \u201cEl t\u00edtulo del libro tuvo mucho que ver con mi estilo de vida, con que tengo arte en casa y me interesa motivar a otros para que tengan arte en casa. Si hay arte en casa, hay de alg\u00fan modo trabajo para los artistas, para los galeristas, se genera una cadena de valor muy interesa. Eso depende de que mucha gente se sume\u201d, explica.<\/p>\n<p> Y prosigue: \u201cEl arte es un circuito, una cadena de valor como puede ser cualquier otra desde el punto de vista comercial\u201d. En ese sentido, confiesa que motiva a las empresas a las que asesora con sus relaciones p\u00fablicas para que utilicen el arte como una manera de llegar a sus clientes.<\/p>\n<p> <strong>\u2013Por \u00faltimo, \u00bfqu\u00e9 es el arte para Mariela Ivanier?<\/strong><\/p>\n<p>\u2013El arte es como el agua para m\u00ed. Es as\u00ed de necesario.<\/p>\n<h2>Ivanier B\u00e1sico<\/h2>\n<ul>\n<li>Fundadora y directora de la agencia de comunicaci\u00f3n Verbo, tejedora de redes, coleccionista y apasionada amante del arte, mam\u00e1 de Mora, hija de Hugo y Raquel.<\/li>\n<\/ul>\n<ul>\n<li>Anfitriona de sus c\u00e9lebres <strong>T\u00e9 de Colecci\u00f3n<\/strong> \u2013donde recibe referentes del mundo del arte, la cultura, la pol\u00edtica, los negocios, amigos y clientes\u2013, amiga que siempre est\u00e1 y curiosa incansable.<\/li>\n<\/ul>\n<ul>\n<li> Como profesional de la comunicaci\u00f3n, se especializa en prensa, asuntos p\u00fablicos y manejo de crisis. Edit\u00f3 previamente el libro T\u00e9 de colecci\u00f3n, presentado en el marco de <a data-cke-saved-href=\"https:\/\/www.clarin.com\/tema\/arteba.html\" target=\"_blank\" href=\"https:\/\/www.clarin.com\/tema\/arteba.html\" rel=\"noopener noreferrer\">arteba<\/a>, en el <a data-cke-saved-href=\"https:\/\/www.clarin.com\/tema\/malba.html\" target=\"_blank\" href=\"https:\/\/www.clarin.com\/tema\/malba.html\" rel=\"noopener noreferrer\">Malba<\/a>&nbsp;en 2013.<\/li>\n<\/ul>\n<p><em>PC<\/em><\/p>\n<p> <span class=\"title-related\">Mir\u00e1 tambi\u00e9n<\/span> <\/p>\n","protected":false},"excerpt":{"rendered":"<p>Mariela Ivanier y sus T\u00e9 de Colecci\u00f3n son leyendas vivas en el ambiente art\u00edstico porte\u00f1o. Abre su casa, llena de cuadros de artistas argentinos, para amigos y amigos de sus amigos que tienen alguna vinculaci\u00f3n o inter\u00e9s por las experiencias art\u00edsticas. En ese peque\u00f1o museo que en realidad es un hogar se tejen relaciones, redes, [&hellip;]<\/p>\n","protected":false},"author":1,"featured_media":48190,"comment_status":"closed","ping_status":"closed","sticky":false,"template":"","format":"standard","meta":[],"categories":[22],"tags":[],"_links":{"self":[{"href":"http:\/\/cordobateve.net\/index.php\/wp-json\/wp\/v2\/posts\/48189"}],"collection":[{"href":"http:\/\/cordobateve.net\/index.php\/wp-json\/wp\/v2\/posts"}],"about":[{"href":"http:\/\/cordobateve.net\/index.php\/wp-json\/wp\/v2\/types\/post"}],"author":[{"embeddable":true,"href":"http:\/\/cordobateve.net\/index.php\/wp-json\/wp\/v2\/users\/1"}],"replies":[{"embeddable":true,"href":"http:\/\/cordobateve.net\/index.php\/wp-json\/wp\/v2\/comments?post=48189"}],"version-history":[{"count":0,"href":"http:\/\/cordobateve.net\/index.php\/wp-json\/wp\/v2\/posts\/48189\/revisions"}],"wp:featuredmedia":[{"embeddable":true,"href":"http:\/\/cordobateve.net\/index.php\/wp-json\/wp\/v2\/media\/48190"}],"wp:attachment":[{"href":"http:\/\/cordobateve.net\/index.php\/wp-json\/wp\/v2\/media?parent=48189"}],"wp:term":[{"taxonomy":"category","embeddable":true,"href":"http:\/\/cordobateve.net\/index.php\/wp-json\/wp\/v2\/categories?post=48189"},{"taxonomy":"post_tag","embeddable":true,"href":"http:\/\/cordobateve.net\/index.php\/wp-json\/wp\/v2\/tags?post=48189"}],"curies":[{"name":"wp","href":"https:\/\/api.w.org\/{rel}","templated":true}]}}