{"id":48558,"date":"2023-01-29T23:24:00","date_gmt":"2023-01-29T23:24:00","guid":{"rendered":"https:\/\/lapampanuestra.com\/2023\/01\/29\/a-los-45-anos-murio-annie-wersching-actriz-de-la-serie-24-y-voz-de-the-last-of-us\/"},"modified":"2023-01-29T23:24:00","modified_gmt":"2023-01-29T23:24:00","slug":"a-los-45-anos-murio-annie-wersching-actriz-de-la-serie-24-y-voz-de-the-last-of-us","status":"publish","type":"post","link":"http:\/\/cordobateve.net\/index.php\/2023\/01\/29\/a-los-45-anos-murio-annie-wersching-actriz-de-la-serie-24-y-voz-de-the-last-of-us\/","title":{"rendered":"A los 45 a\u00f1os, muri\u00f3 Annie Wersching, actriz de la serie \u201c24\u201d y voz de \u201cThe Last of Us\u201d"},"content":{"rendered":"<p><img width=\"600\" height=\"338\" src=\"http:\/\/cordobateve.net\/wp-content\/uploads\/2023\/01\/a-los-45-anos-murio-annie-wersching-actriz-de-la-serie-24-y-voz-de-the-last-of-us.jpg\" class=\"attachment-post-thumbnail size-post-thumbnail wp-post-image\" alt=\"a-los-45-anos,-murio-annie-wersching,-actriz-de-la-serie-&#8220;24&#8221;-y-voz-de-&#8220;the-last-of-us&#8221;\" loading=\"lazy\" \/><\/p>\n<div>\n<div data-color=\"style='background-color:'\">\n<p><h2>Luchaba contra el c\u00e1ncer desde hacia dos a\u00f1os. Particip\u00f3 de numerosas series y programas de televisi\u00f3n. <\/h2>\n<\/p>\n<\/div>\n<\/div>\n<div>\n<p><span class=\"\">29\/01\/2023 20:24<\/span><\/p>\n<ul itemscope=\"\" itemtype=\"http:\/\/schema.org\/BreadcrumbList\">\n<li itemprop=\"itemListElement\" itemscope=\"\" itemtype=\"http:\/\/schema.org\/ListItem\">\n<a href=\"https:\/\/www.clarin.com\" itemprop=\"item\"><br \/>\n<span itemprop=\"name\"><strong>Clar\u00edn.com<\/strong><\/span><\/a><br \/>\n<meta content=\"1\" itemprop=\"position\"><\/meta>\n<\/li>\n<li itemprop=\"itemListElement\" itemscope=\"\" itemtype=\"http:\/\/schema.org\/ListItem\">\n<a href=\"http:\/\/www.clarin.com\/espectaculos\/\" itemprop=\"item\"><br \/>\n<span itemprop=\"name\">Espect\u00e1culos<\/span><br \/>\n<meta content=\"2\" itemprop=\"position\"><\/meta><\/a>\n<\/li>\n<\/ul>\n<p><span>Actualizado al<br \/>\n29\/01\/2023 20:24<br \/>\n<\/span>\n<\/p>\n<\/div>\n<article>\n<p>La actriz estadounidense Annie Wersching, conocida por su papel en la serie &#8220;24&#8221; y por ser la voz de uno de los personajes del videojuego &#8220;The Last of Us&#8221;,<strong> muri\u00f3 este domingo a los 45 a\u00f1os<\/strong> tras batallar durante dos a\u00f1os contra un c\u00e1ncer.<\/p>\n<p>&#8220;(Wersching) Era una persona reservada por naturaleza y el diagn\u00f3stico la hizo a\u00fan m\u00e1s reservada. Quer\u00eda proteger a sus hijos, <strong>quer\u00eda mejorar para poder seguir trabajando y sinceramente<\/strong>, no quer\u00eda hablar de ello. Quer\u00eda vivir su vida a su manera y estar con su familia&#8221;, se lee en la descripci\u00f3n de la p\u00e1gina GoFundme.<\/p>\n<p>Sus familiares hab\u00edan lanzado en esa plataforma una campa\u00f1a para <strong>recaudar\u00a0fondo<\/strong>s, inform\u00f3 el portal de Variety.<\/p>\n<div data-index=\"1\">\n<picture>\n<\/img><br \/>\n<span><br \/>\n<svg>\n<use xlink:href=\"http:\/\/www.clarin.com\/#icon-expand\"><\/use>\n<\/svg><br \/>\n<\/span>\n<\/picture><figcaption>Annie Wersching en la proyecci\u00f3n de estreno de la octava temporada del drama televisivo &#8220;24&#8221;. Foto de archivo AP. <\/figcaption><\/div>\n<p>&#8220;Me convert\u00ed en fan de &#8217;24&#8217; y tuve la suerte de poder tener a Annie como mam\u00e1 de dos de los vampiros m\u00e1s populares de la ciudad&#8230; Descansa en paz Annie, alma maravillosa&#8221;, escribi\u00f3 Julie Plec, showrunner de &#8220;The Vampire Diaries&#8221;.<\/p>\n<p>Wersching hizo una larga carrera en televisi\u00f3n, encarnando a diversos personajes en series como &#8220;Supernatural&#8221;, &#8220;General Hospital&#8221;, &#8220;Timeless&#8221;, &#8220;Runaways&#8221;, &#8220;The Rookie&#8221;, entre otros.<\/p>\n<p>Despu\u00e9s de que le diagnosticaran c\u00e1ncer en 2020, Wersching continu\u00f3 actuando durante los siguientes dos a\u00f1os.<\/p>\n<p>Form\u00f3 parte de programas como <strong>&#8220;The Rookie&#8221;, &#8220;Star Treck: Picard&#8221; <\/strong>en la que dio vida a la reina Borg, o de la reci\u00e9n estrenada serie &#8220;The Last of Us&#8221; basada en el videojuego hom\u00f3nimo.<\/p>\n<div data-index=\"2\">\n<picture>\n<\/img><br \/>\n<span><br \/>\n<svg>\n<use xlink:href=\"http:\/\/www.clarin.com\/#icon-expand\"><\/use>\n<\/svg><br \/>\n<\/span>\n<\/picture><figcaption>Annie Wersching llega a la fiesta FOX Winter All-Star en Pasadena, California, el 11 de enero de 2010. Foto de archivo AP. <\/figcaption><\/div>\n<p>En un comunicado recogido por medios locales el actor Stephen Full, esposo de Wersching, expres\u00f3 sus sentimientos en torno a la p\u00e9rdida: <strong>&#8220;Hoy hay un agujero cavernoso en el alma de esta familia. <\/strong>Pero ella nos dej\u00f3 las herramientas para llenarlo&#8221;, apunt\u00f3.<\/p>\n<p>Full tambi\u00e9n asegur\u00f3 que Wersching le ense\u00f1\u00f3 a buscar &#8220;la aventura&#8221; en la vida y que la perseguir\u00eda junto a sus hijos, &#8220;los dos verdaderos amores de su vida&#8221;.<\/p>\n<\/article>\n","protected":false},"excerpt":{"rendered":"<p>Luchaba contra el c\u00e1ncer desde hacia dos a\u00f1os. Particip\u00f3 de numerosas series y programas de televisi\u00f3n. 29\/01\/2023 20:24 Clar\u00edn.com Espect\u00e1culos Actualizado al 29\/01\/2023 20:24 La actriz estadounidense Annie Wersching, conocida por su papel en la serie &#8220;24&#8221; y por ser la voz de uno de los personajes del videojuego &#8220;The Last of Us&#8221;, muri\u00f3 este [&hellip;]<\/p>\n","protected":false},"author":1,"featured_media":0,"comment_status":"open","ping_status":"closed","sticky":false,"template":"","format":"standard","meta":[],"categories":[21],"tags":[],"_links":{"self":[{"href":"http:\/\/cordobateve.net\/index.php\/wp-json\/wp\/v2\/posts\/48558"}],"collection":[{"href":"http:\/\/cordobateve.net\/index.php\/wp-json\/wp\/v2\/posts"}],"about":[{"href":"http:\/\/cordobateve.net\/index.php\/wp-json\/wp\/v2\/types\/post"}],"author":[{"embeddable":true,"href":"http:\/\/cordobateve.net\/index.php\/wp-json\/wp\/v2\/users\/1"}],"replies":[{"embeddable":true,"href":"http:\/\/cordobateve.net\/index.php\/wp-json\/wp\/v2\/comments?post=48558"}],"version-history":[{"count":0,"href":"http:\/\/cordobateve.net\/index.php\/wp-json\/wp\/v2\/posts\/48558\/revisions"}],"wp:attachment":[{"href":"http:\/\/cordobateve.net\/index.php\/wp-json\/wp\/v2\/media?parent=48558"}],"wp:term":[{"taxonomy":"category","embeddable":true,"href":"http:\/\/cordobateve.net\/index.php\/wp-json\/wp\/v2\/categories?post=48558"},{"taxonomy":"post_tag","embeddable":true,"href":"http:\/\/cordobateve.net\/index.php\/wp-json\/wp\/v2\/tags?post=48558"}],"curies":[{"name":"wp","href":"https:\/\/api.w.org\/{rel}","templated":true}]}}