{"id":49740,"date":"2023-02-23T22:27:04","date_gmt":"2023-02-23T22:27:04","guid":{"rendered":"http:\/\/cordobateve.net\/index.php\/2023\/02\/23\/mirtha-legrand-categorica-con-el-atraso-de-su-regreso-a-la-tv-los-gerentes-de-los-canales-son-tan-complicados\/"},"modified":"2023-02-23T22:27:04","modified_gmt":"2023-02-23T22:27:04","slug":"mirtha-legrand-categorica-con-el-atraso-de-su-regreso-a-la-tv-los-gerentes-de-los-canales-son-tan-complicados","status":"publish","type":"post","link":"http:\/\/cordobateve.net\/index.php\/2023\/02\/23\/mirtha-legrand-categorica-con-el-atraso-de-su-regreso-a-la-tv-los-gerentes-de-los-canales-son-tan-complicados\/","title":{"rendered":"Mirtha Legrand, categ\u00f3rica con el atraso de su regreso a la TV: \u00abLos gerentes de los canales son tan complicados\u00bb"},"content":{"rendered":"<div class=\"media_block\"><\/div>\n<p><a target=\"_blank\" href=\"https:\/\/caras.perfil.com\/noticias\/celebridades\/mirtha-legrand-cumple-anos-asi-sera-la-fiesta-de-la-gran-diva-con-famosos-invitados.phtml\" rel=\"noopener noreferrer\"><strong>Mirtha Legrand<\/strong><\/a> quiere y desea volver pronto a la pantalla chica para llenar de alegr\u00eda, informaci\u00f3n y entretenimiento a sus fieles televidentes que esepran con mucha alegr\u00eda verla en este 2023 en la TV.<\/p>\n<p>En una entrevista con Intrusos de Am\u00e9rica TV,&nbsp; <strong>Mirtha Legrand<\/strong> fue consultada por su regreso a la TV y las negociaciones con las productoras y canales para que se pueda dar pronto, a lo que la presentadora fue muy directa y categ\u00f3rica con su opini\u00f3n.<\/p>\n<p><strong>\u00abNo est\u00e1 arreglado todav\u00eda&#8230; Los gerentes de los canales son tan complicados y se pasa el tiempo. Yo no quiero que se pase el tiempo\u00bb<\/strong>, se sincer\u00f3 la presentadora.&nbsp;<\/p>\n<div>\n<figure class=\"image\"><img alt=\"Adri\u00e1n Suar revel\u00f3 cu\u00e1ndo volver\u00e1 Mirtha Legrand a la TV: \" src=\"http:\/\/cordobateve.net\/wp-content\/uploads\/2023\/02\/mirtha-legrand-categorica-con-el-atraso-de-su-regreso-a-la-tv-los-gerentes-de-los-canales-son-tan-complicados.jpg\" loading=\"lazy\"><figcaption>Mirtha Legrand, categ\u00f3rica con su regreso a la TV: \u00abLos gerentes de los canales son tan complicados\u00bb.<\/figcaption><\/figure>\n<\/div>\n<p><strong>Mirtha Legrand<\/strong> manifest\u00f3 su deseo de volver, ya mismo, a la TV. En conversaci\u00f3n con Intrusos, <strong>Pampito<\/strong> le sugiri\u00f3&nbsp;potencialmente la posibilidad de irse para Am\u00e9rica TV, y le pregunt\u00f3 c\u00f3mo ve\u00eda esa posibilidad, a lo que la respetada presentadora eligi\u00f3 mantenerse al margen<strong>. \u00abMe pon\u00e9s en un apuro\u00bb.<\/strong><\/p>\n<p><a target=\"_blank\" href=\"https:\/\/www.instagram.com\/lamesazarg\/\" rel=\"noopener noreferrer\">La presentadora fue clara en afirmar que no se ocupa&nbsp;del proceso de las negociaciones ante su regreso a la TV<\/a>, por lo que ella no termina de tener en claro, en qu\u00e9 no se ponen de acuerdo entre el canal y la productora de su nieto <strong>Nacho Viale<\/strong>, para que sus programas salgan al aire pronto.&nbsp;<\/p>\n<div>\n<figure class=\"image\"><img alt=\"Juana Viale y Mirtha Legrand\" src=\"http:\/\/cordobateve.net\/wp-content\/uploads\/2023\/02\/mirtha-legrand-categorica-con-el-atraso-de-su-regreso-a-la-tv-los-gerentes-de-los-canales-son-tan-complicados-1.jpg\" loading=\"lazy\"><figcaption>Mirtha Legrand, categ\u00f3rica con su regreso a la TV: \u00abLos gerentes de los canales son tan complicados\u00bb<\/figcaption><\/figure>\n<\/div>\n<p><strong>\u00abA m\u00ed me encanta, yo necesito trabajar\u00bb<\/strong>, remarc\u00f3 la presentadora y record\u00f3 c\u00f3mo fue su regreso luego de la pandemia.&nbsp;<strong>&nbsp;\u00abSal\u00ed de la pandemia, no con depresi\u00f3n porque no soy depresiva, pero s\u00ed con una tristeza, una angustia\u00bb<\/strong>, confes\u00f3 <strong>Mirtha<\/strong>, haciendo referencia a que su \u00fanico que la sac\u00f3 de este estado fue el poder volver a trabajar.&nbsp;<\/p>\n<h2>Mirtha Legrand quiere volver a las mesazas pol\u00edticas<\/h2>\n<p>Este es un a\u00f1o de elecciones y se espera que la presentadora, muy cr\u00edtica sobre la pol\u00edtica argentina, pueda volver a tener ese espacio en la TV para hablar de los temas coyunturales que hacen a la pol\u00edtica en el pa\u00eds.&nbsp;<\/p>\n<p><strong>Mirtha Legrand<\/strong> remarc\u00f3 que, en efecto, es un a\u00f1o de pol\u00edtica, por lo que se esperar\u00eda que su regreso a la TV tenga en la mesaza, a los referentes en el tema pol\u00edtico para&nbsp; abordar esos temas en la mesa.&nbsp;<\/p>\n<p>S.A.<\/p>\n<div class=\"relacionadas\" readability=\"0.47902869757174\">\n<p>Tambi\u00e9n te puede interesar<\/p>\n<\/p><\/div>\n","protected":false},"excerpt":{"rendered":"<p>Mirtha Legrand quiere y desea volver pronto a la pantalla chica para llenar de alegr\u00eda, informaci\u00f3n y entretenimiento a sus fieles televidentes que esepran con mucha alegr\u00eda verla en este 2023 en la TV. En una entrevista con Intrusos de Am\u00e9rica TV,&nbsp; Mirtha Legrand fue consultada por su regreso a la TV y las negociaciones [&hellip;]<\/p>\n","protected":false},"author":1,"featured_media":49741,"comment_status":"closed","ping_status":"closed","sticky":false,"template":"","format":"standard","meta":[],"categories":[22],"tags":[],"_links":{"self":[{"href":"http:\/\/cordobateve.net\/index.php\/wp-json\/wp\/v2\/posts\/49740"}],"collection":[{"href":"http:\/\/cordobateve.net\/index.php\/wp-json\/wp\/v2\/posts"}],"about":[{"href":"http:\/\/cordobateve.net\/index.php\/wp-json\/wp\/v2\/types\/post"}],"author":[{"embeddable":true,"href":"http:\/\/cordobateve.net\/index.php\/wp-json\/wp\/v2\/users\/1"}],"replies":[{"embeddable":true,"href":"http:\/\/cordobateve.net\/index.php\/wp-json\/wp\/v2\/comments?post=49740"}],"version-history":[{"count":0,"href":"http:\/\/cordobateve.net\/index.php\/wp-json\/wp\/v2\/posts\/49740\/revisions"}],"wp:featuredmedia":[{"embeddable":true,"href":"http:\/\/cordobateve.net\/index.php\/wp-json\/wp\/v2\/media\/49741"}],"wp:attachment":[{"href":"http:\/\/cordobateve.net\/index.php\/wp-json\/wp\/v2\/media?parent=49740"}],"wp:term":[{"taxonomy":"category","embeddable":true,"href":"http:\/\/cordobateve.net\/index.php\/wp-json\/wp\/v2\/categories?post=49740"},{"taxonomy":"post_tag","embeddable":true,"href":"http:\/\/cordobateve.net\/index.php\/wp-json\/wp\/v2\/tags?post=49740"}],"curies":[{"name":"wp","href":"https:\/\/api.w.org\/{rel}","templated":true}]}}