{"id":50038,"date":"2023-03-01T12:46:53","date_gmt":"2023-03-01T12:46:53","guid":{"rendered":"https:\/\/www.clarin.com\/espectaculos\/tv\/estreno-the-mandalorian-temporada-3-credito-abierto_0_c5oAqT22Fz.html"},"modified":"2023-03-01T12:46:53","modified_gmt":"2023-03-01T12:46:53","slug":"estreno-the-mandalorian-temporada-3-con-el-credito-abierto-y-mas","status":"publish","type":"post","link":"http:\/\/cordobateve.net\/index.php\/2023\/03\/01\/estreno-the-mandalorian-temporada-3-con-el-credito-abierto-y-mas\/","title":{"rendered":"Estren\u00f3 The Mandalorian, Temporada 3: con el cr\u00e9dito abierto, y m\u00e1s"},"content":{"rendered":"<p><img src=\"http:\/\/cordobateve.net\/wp-content\/uploads\/2023\/03\/estreno-the-mandalorian-temporada-3-con-el-credito-abierto-y-mas.jpg\"><\/p>\n<p>Mando y Grogu, el Baby Yoda, se hicieron esperar. El \u00faltimo episodio de la Temporada 2 de<strong> <a data-cke-saved-href=\"https:\/\/www.clarin.com\/espectaculos\/tv\/the-mandalorian-tercera-temporada-empieza_0_JuoOI1CliL.html\" target=\"_blank\" href=\"https:\/\/www.clarin.com\/espectaculos\/tv\/the-mandalorian-tercera-temporada-empieza_0_JuoOI1CliL.html\" rel=\"noopener noreferrer\"><em>The Mandalorian<\/em><\/a><\/strong> se hab\u00eda visto en diciembre de 2020. Y hab\u00eda muchas expectativas en torno a la mejor serie spin-off de <em>Star Wars<\/em> que haya hecho Lucasfilm.<\/p>\n<p>La espera termin\u00f3 hoy, con la emisi\u00f3n del primer episodio de la Temporada 3, o el Cap\u00edtulo 17, como prefieran llamarlo.<\/p>\n<p>El cr\u00e9dito sigue abierto. Y m\u00e1s.<\/p>\n<div class=\"sp__Normal embed-box embed-body-photo\" data-index=\"0\">\n<picture class=\"pointer\">\n<img class=\"img-expand\" width=\"100\" height=\"100\" loading=\"lazy\" src=\"http:\/\/cordobateve.net\/wp-content\/uploads\/2023\/03\/estreno-the-mandalorian-temporada-3-con-el-credito-abierto-y-mas-2.jpg\" alt=\"Grogu regres\u00f3 con Mando (Pedro Pascal, de &quot;The Last of Us&quot;). Fotos Disney+\"><br \/>\n<span class=\"bt-expand\"><br \/>\n<svg class=\"ico white_mod\">\n<use class=\"use-expand\" xlink:href=\"#icon-expand\" \/>\n<\/svg><br \/>\n<\/span>\n<\/picture><figcaption>Grogu regres\u00f3 con Mando (Pedro Pascal, de \u00abThe Last of Us\u00bb). Fotos Disney+ <\/figcaption><\/div>\n<p>El resumen de <strong><em>The Mandalorian <\/em><\/strong>con el que se abre esta temporada (<em>El exp\u00f3sito<\/em>) indica un desaf\u00edo -otro m\u00e1s- para Din Djarin (Mando, para los amigos, interpretado por el chileno nacionalizado estadounidense <a target=\"_blank\" href=\"https:\/\/www.clarin.com\/espectaculos\/cine\/pedro-pascal-chileno-famoso-exitoso-streaming_0_B8v2g4zK9y.html\" rel=\"noopener noreferrer\"><strong>Pedro Pascal<\/strong><\/a>, el de <a target=\"_blank\" href=\"https:\/\/www.clarin.com\/espectaculos\/tv\/razones-ver-the-last-of-us-serie-apocaliptica-pinta-fenomeno_0_XptBY6mHPJ.html\" rel=\"noopener noreferrer\"><strong><em>The Last of Us<\/em><\/strong><\/a>). Ya no es un mandaloriano, luego de haberse quitado el casco. \u00bfC\u00f3mo redimirse, alcanzar la redenci\u00f3n?<\/p>\n<p>La presentaci\u00f3n ya es auspiciosa. A un joven est\u00e1n por colocarle por primera vez su casco mandaloriano, pero no llega a terminar su juramento de \u00abNunca me quietar\u00e9 mi casco&#8230;\u00bb, cuando una extra\u00f1a criatura emerge del mar y ataca a todos. \u00bfQui\u00e9n llega a salvarlos? Mando y Grogu, en su nave espacial.<\/p>\n<p>La primera temporada de <strong><em>The Mandalorian<\/em><\/strong> transcurr\u00eda apenas unos pocos a\u00f1os despu\u00e9s del final de <em>Star Wars Episodio VI: El regreso del Jedi<\/em>.<\/p>\n<div class=\"sp__Normal embed-box embed-body-photo\" data-index=\"2\">\n<picture class=\"pointer\">\n<img class=\"img-expand\" width=\"100\" height=\"100\" loading=\"lazy\" src=\"http:\/\/cordobateve.net\/wp-content\/uploads\/2023\/03\/estreno-the-mandalorian-temporada-3-con-el-credito-abierto-y-mas-3.jpg\" alt=\"Mando se reencuentra con Greef Karga (Carl Weathers, Apollo Creed en la saga de &quot;Rocky&quot;) en su rumbo a la redenci\u00f3n.\"><br \/>\n<span class=\"bt-expand\"><br \/>\n<svg class=\"ico white_mod\">\n<use class=\"use-expand\" xlink:href=\"#icon-expand\" \/>\n<\/svg><br \/>\n<\/span>\n<\/picture><figcaption>Mando se reencuentra con Greef Karga (Carl Weathers, Apollo Creed en la saga de \u00abRocky\u00bb) en su rumbo a la redenci\u00f3n. <\/figcaption><\/div>\n<p>Y para los que se quedaron con el final de la segunda temporada, algo falta si no vieron<em> El libro de Boba Fett<\/em>.<\/p>\n<p>Es que Mando complet\u00f3 su misi\u00f3n (entreg\u00f3 a Grogu a Luke Skywalker, o sea a los Jedis, en el \u00faltimo cap\u00edtulo de la temporada 2), pero Grogu volvi\u00f3 con \u00e9l. Por qu\u00e9 regresa y si termin\u00f3 su adoctrinamiento o entrenamiento con los Jedi, bueno, eso hay que verlo en la serie <em>El libro de Boba Fett<\/em>\u2026<\/p>\n<p>En el presente, si Mando viaja al planeta Mandalore, donde todo hab\u00eda sido destruido en la Purga, y que est\u00e1 previsiblemente envenenando, y consigue pruebas de que pudo ba\u00f1arse en las aguas vivientes bajo las minas de Mandalore, bueno, seg\u00fan el Credo, el decreto de exilio se levantar\u00e1 y Mando ser\u00e1 redimido.<\/p>\n<div class=\"sp__Normal embed-box embed-body-photo\" data-index=\"3\">\n<picture class=\"pointer\">\n<img class=\"img-expand\" width=\"100\" height=\"100\" loading=\"lazy\" src=\"http:\/\/cordobateve.net\/wp-content\/uploads\/2023\/03\/estreno-the-mandalorian-temporada-3-con-el-credito-abierto-y-mas-4.jpg\" alt=\"El primer episodio de esta temporada empieza con revelaciones y mucha acci\u00f3n.\"><br \/>\n<span class=\"bt-expand\"><br \/>\n<svg class=\"ico white_mod\">\n<use class=\"use-expand\" xlink:href=\"#icon-expand\" \/>\n<\/svg><br \/>\n<\/span>\n<\/picture><figcaption>El primer episodio de esta temporada empieza con revelaciones y mucha acci\u00f3n. <\/figcaption><\/div>\n<p>Y como \u00abEl camino as\u00ed es\u00bb&#8230;<\/p>\n<p>Con la mira puesta en regresar a Mandalore, Mando pone rumbo a Puerto de Nevarro, donde se reencuentra con Greef Karga (Carl Weathers, Apollo Creed en la saga de <em>Rocky<\/em>), convertido en el Magistrado Karga. \u201cNecesito un comisario\u201d, le dice al reci\u00e9n llegado. Y ah\u00ed llega la explicaci\u00f3n de por qu\u00e9 no sigue en la serie la comisaria Dune (Gina Carano, despedida por algunos comentarios que realiz\u00f3 en sus redes sociales), quien captur\u00f3 a Moff Gideon, y la reclutaron las Fuerzas Especiales.<\/p>\n<div class=\"sp__Normal embed-box embed-body-photo\" data-index=\"4\">\n<picture class=\"pointer\">\n<img class=\"img-expand\" width=\"100\" height=\"100\" loading=\"lazy\" src=\"http:\/\/cordobateve.net\/wp-content\/uploads\/2023\/03\/estreno-the-mandalorian-temporada-3-con-el-credito-abierto-y-mas-5.jpg\" alt=\"Al haberse quitado el casco, nada ser\u00e1 lo mismo para Din Djarin (Mando, para los amigos).\"><br \/>\n<span class=\"bt-expand\"><br \/>\n<svg class=\"ico white_mod\">\n<use class=\"use-expand\" xlink:href=\"#icon-expand\" \/>\n<\/svg><br \/>\n<\/span>\n<\/picture><figcaption>Al haberse quitado el casco, nada ser\u00e1 lo mismo para Din Djarin (Mando, para los amigos). <\/figcaption><\/div>\n<p>Necesita el IG-11 (el droide que se hab\u00eda destruido, inmolado, \u00bfrecuerdan?): precisa un droide de confianza que lo ayude a explorar Mandalore. Pero&#8230;<\/p>\n<h2>Relaci\u00f3n fortalecida<\/h2>\n<p>La relaci\u00f3n padre hijo adoptivo se fortalece. Mando y Grogu ya han vivido todo tipo de aventuras y superado amenazas, de monstruos y otros espec\u00edmenes, y han sobrevivido. Grogu contin\u00faa expres\u00e1ndose bajando las orejitas, y Mando es parco, pero emp\u00e1tico.<\/p>\n<p>En los 37 minutos que dura el episodio hay duelos a pistola blaster, persecuciones, personajes diminutos, viajes por el hiper espacio, y tambi\u00e9n est\u00e1 la m\u00fasica de Ludwig G\u00f6ransson.<\/p>\n<div class=\"sp__Normal embed-box embed-body-photo\" data-index=\"5\">\n<picture class=\"pointer\">\n<img class=\"img-expand\" width=\"100\" height=\"100\" loading=\"lazy\" src=\"http:\/\/cordobateve.net\/wp-content\/uploads\/2023\/03\/estreno-the-mandalorian-temporada-3-con-el-credito-abierto-y-mas-6.jpg\" alt=\"Mando y Grogu deben realizar varios viajes en el hiperespacio para volver a verse con varios personajes que regresan en esta Temporada 3.\"><br \/>\n<span class=\"bt-expand\"><br \/>\n<svg class=\"ico white_mod\">\n<use class=\"use-expand\" xlink:href=\"#icon-expand\" \/>\n<\/svg><br \/>\n<\/span>\n<\/picture><figcaption>Mando y Grogu deben realizar varios viajes en el hiperespacio para volver a verse con varios personajes que regresan en esta Temporada 3. <\/figcaption><\/div>\n<p>Son 8 cap\u00edtulos, la misma cantidad que las otras temporadas anteriores, y se estrenar\u00e1, uno por semana, cada mi\u00e9rcoles, por lo que el final de esta tercera temporada (ya se avis\u00f3 que habr\u00e1 una cuarta) ser\u00e1 el mi\u00e9rcoles 19 de abril.<\/p>\n<p>Mucho queda por descubrir, y disfrutar, hasta entonces.<\/p>\n<p><strong>\u00abThe Mandalorian\u00bb Episodio 1 de la Temporada 3<\/strong><\/p>\n<p><em>Muy buena<\/em><\/p>\n<p>Acci\u00f3n\/Aventuras EE.UU., 2023. <strong>Creada por: <\/strong>Jon Favreau.&nbsp;<strong>Dirigida por:<\/strong> Rick Famuyiwa.<strong> Con:<\/strong> Pedro Pascal, Carl Weathers, Emily Swallow, Katee Sackhoff.<strong> Disponible en:<\/strong> Disney+.<\/p>\n<p> <span class=\"title-related\">Mir\u00e1 tambi\u00e9n<\/span> <\/p>\n","protected":false},"excerpt":{"rendered":"<p>Mando y Grogu, el Baby Yoda, se hicieron esperar. El \u00faltimo episodio de la Temporada 2 de The Mandalorian se hab\u00eda visto en diciembre de 2020. Y hab\u00eda muchas expectativas en torno a la mejor serie spin-off de Star Wars que haya hecho Lucasfilm. La espera termin\u00f3 hoy, con la emisi\u00f3n del primer episodio de [&hellip;]<\/p>\n","protected":false},"author":1,"featured_media":50039,"comment_status":"closed","ping_status":"closed","sticky":false,"template":"","format":"standard","meta":[],"categories":[2],"tags":[],"_links":{"self":[{"href":"http:\/\/cordobateve.net\/index.php\/wp-json\/wp\/v2\/posts\/50038"}],"collection":[{"href":"http:\/\/cordobateve.net\/index.php\/wp-json\/wp\/v2\/posts"}],"about":[{"href":"http:\/\/cordobateve.net\/index.php\/wp-json\/wp\/v2\/types\/post"}],"author":[{"embeddable":true,"href":"http:\/\/cordobateve.net\/index.php\/wp-json\/wp\/v2\/users\/1"}],"replies":[{"embeddable":true,"href":"http:\/\/cordobateve.net\/index.php\/wp-json\/wp\/v2\/comments?post=50038"}],"version-history":[{"count":0,"href":"http:\/\/cordobateve.net\/index.php\/wp-json\/wp\/v2\/posts\/50038\/revisions"}],"wp:featuredmedia":[{"embeddable":true,"href":"http:\/\/cordobateve.net\/index.php\/wp-json\/wp\/v2\/media\/50039"}],"wp:attachment":[{"href":"http:\/\/cordobateve.net\/index.php\/wp-json\/wp\/v2\/media?parent=50038"}],"wp:term":[{"taxonomy":"category","embeddable":true,"href":"http:\/\/cordobateve.net\/index.php\/wp-json\/wp\/v2\/categories?post=50038"},{"taxonomy":"post_tag","embeddable":true,"href":"http:\/\/cordobateve.net\/index.php\/wp-json\/wp\/v2\/tags?post=50038"}],"curies":[{"name":"wp","href":"https:\/\/api.w.org\/{rel}","templated":true}]}}