{"id":50858,"date":"2023-03-16T13:29:00","date_gmt":"2023-03-16T13:29:00","guid":{"rendered":"https:\/\/womantime.com.ar\/?p=34866"},"modified":"2023-03-16T13:29:00","modified_gmt":"2023-03-16T13:29:00","slug":"wanda-nara-marco-tendencia-y-lucio-el-pantalon-canchero-de-la-temporada","status":"publish","type":"post","link":"http:\/\/cordobateve.net\/index.php\/2023\/03\/16\/wanda-nara-marco-tendencia-y-lucio-el-pantalon-canchero-de-la-temporada\/","title":{"rendered":"Wanda Nara marc\u00f3 tendencia y luci\u00f3 el pantal\u00f3n canchero de la temporada"},"content":{"rendered":"<p><strong>Con nuevo look y un color de cabello completamente distinto al que nos ten\u00eda acostumbrados, la empresaria Wanda Nara se encuentra instalada en Buenos Aires desde hace ya varias semanas, debido a que comenzaron las grabaciones del programa Masterchef, que la tiene como conductora. Y en redes sociales dej\u00f3 ver algunos looks que opta para ir a trabajar, luciendo una de las prendas m\u00e1s cancheras, <em>trendy <\/em>y elegida como la <em>estrella de la temporada.<\/em><\/strong><\/p>\n<p>Wanda Nara luci\u00f3 un pantal\u00f3n negro cargo que combin\u00f3 con una musculosa de color gris crop, zuecos con plataforma de la marca Gucci y para completar el outfit, opt\u00f3 por una cartera Birkin de Hermes rosa pastel. <\/p>\n<p>Por lo visto en las im\u00e1genes publicadas en su propio<em> Instagram,<\/em> Nara llevaba el pelo suelto y casi sin maquillaje sobre su rostro, un estilo muy casual pero que marca tendencia con la prenda m\u00e1s trendy de este verano 23. Nos referimos a los pantalones cargo que son furor.<\/p>\n<figure class=\"wp-block-image size-full\"><img data-attachment-id=\"34868\" data-permalink=\"https:\/\/womantime.com.ar\/wanda-nara-marco-tendencia-y-lucio-el-pantalon-canchero-de-la-temporada\/wanda-nara-look2\/\" data-orig-file=\"http:\/\/cordobateve.net\/wp-content\/uploads\/2023\/03\/wanda-nara-marco-tendencia-y-lucio-el-pantalon-canchero-de-la-temporada.jpg\" data-orig-size=\"407,651\" data-comments-opened=\"1\" data-image-meta=\"{&quot;aperture&quot;:&quot;0&quot;,&quot;credit&quot;:&quot;&quot;,&quot;camera&quot;:&quot;&quot;,&quot;caption&quot;:&quot;&quot;,&quot;created_timestamp&quot;:&quot;0&quot;,&quot;copyright&quot;:&quot;&quot;,&quot;focal_length&quot;:&quot;0&quot;,&quot;iso&quot;:&quot;0&quot;,&quot;shutter_speed&quot;:&quot;0&quot;,&quot;title&quot;:&quot;&quot;,&quot;orientation&quot;:&quot;0&quot;}\" data-image-title=\"wanda-nara-look2\" data-image-description data-image-caption data-medium-file=\"http:\/\/cordobateve.net\/wp-content\/uploads\/2023\/03\/wanda-nara-marco-tendencia-y-lucio-el-pantalon-canchero-de-la-temporada-1.jpg\" data-large-file=\"http:\/\/cordobateve.net\/wp-content\/uploads\/2023\/03\/wanda-nara-marco-tendencia-y-lucio-el-pantalon-canchero-de-la-temporada.jpg\" decoding=\"async\" loading=\"lazy\" width=\"407\" height=\"651\" src=\"http:\/\/cordobateve.net\/wp-content\/uploads\/2023\/03\/wanda-nara-marco-tendencia-y-lucio-el-pantalon-canchero-de-la-temporada.jpg\" alt class=\"wp-image-34868\" srcset=\"http:\/\/cordobateve.net\/wp-content\/uploads\/2023\/03\/wanda-nara-marco-tendencia-y-lucio-el-pantalon-canchero-de-la-temporada.jpg 407w, http:\/\/cordobateve.net\/wp-content\/uploads\/2023\/03\/wanda-nara-marco-tendencia-y-lucio-el-pantalon-canchero-de-la-temporada-1.jpg 188w\" sizes=\"(max-width: 407px) 100vw, 407px\"><\/figure>\n<p>Se trata de los <strong>pantalones cargo, que tambi\u00e9n se los llama parachute, por la cantidad de bolsillos que tiene.<\/strong>&nbsp;En lo que va del a\u00f1o, esta prenda es tendencia absoluta y muchos optan por la ropa utilitaria en s\u00ed, porque es ropa c\u00f3moda, canchera y vers\u00e1til.<\/p>\n<p>Tanto de d\u00eda como de noche, con zapatillas o con tacos, as\u00ed de vers\u00e1tiles son estos pantalones que nos remontan a los a\u00f1os noventa o principios del 2000.<\/p>\n<p>Para los expertos en moda, se trata de tendencias que vuelven cada 30 a\u00f1os y estos pantalones y otras prendas fueron un verdadero furor en los 90 y el nuevo milenio.<\/p>\n<div class=\"sharedaddy sd-sharing-enabled\">\n<div class=\"robots-nocontent sd-block sd-social sd-social-icon sd-sharing\">\n<h3 class=\"sd-title\">Comparte esto:<\/h3>\n<\/div>\n<\/div>\n<div class=\"herald-da\">\n<!-- A2 --><br \/>\n<ins class=\"adsbygoogle\" data-ad-client=\"ca-pub-7765853155711265\" data-ad-slot=\"4031281682\" data-ad-format=\"auto\"><\/ins>\n<\/div>\n","protected":false},"excerpt":{"rendered":"<p>Con nuevo look y un color de cabello completamente distinto al que nos ten\u00eda acostumbrados, la empresaria Wanda Nara se encuentra instalada en Buenos Aires desde hace ya varias semanas, debido a que comenzaron las grabaciones del programa Masterchef, que la tiene como conductora. Y en redes sociales dej\u00f3 ver algunos looks que opta para [&hellip;]<\/p>\n","protected":false},"author":1,"featured_media":50859,"comment_status":"closed","ping_status":"closed","sticky":false,"template":"","format":"standard","meta":[],"categories":[2],"tags":[],"_links":{"self":[{"href":"http:\/\/cordobateve.net\/index.php\/wp-json\/wp\/v2\/posts\/50858"}],"collection":[{"href":"http:\/\/cordobateve.net\/index.php\/wp-json\/wp\/v2\/posts"}],"about":[{"href":"http:\/\/cordobateve.net\/index.php\/wp-json\/wp\/v2\/types\/post"}],"author":[{"embeddable":true,"href":"http:\/\/cordobateve.net\/index.php\/wp-json\/wp\/v2\/users\/1"}],"replies":[{"embeddable":true,"href":"http:\/\/cordobateve.net\/index.php\/wp-json\/wp\/v2\/comments?post=50858"}],"version-history":[{"count":0,"href":"http:\/\/cordobateve.net\/index.php\/wp-json\/wp\/v2\/posts\/50858\/revisions"}],"wp:featuredmedia":[{"embeddable":true,"href":"http:\/\/cordobateve.net\/index.php\/wp-json\/wp\/v2\/media\/50859"}],"wp:attachment":[{"href":"http:\/\/cordobateve.net\/index.php\/wp-json\/wp\/v2\/media?parent=50858"}],"wp:term":[{"taxonomy":"category","embeddable":true,"href":"http:\/\/cordobateve.net\/index.php\/wp-json\/wp\/v2\/categories?post=50858"},{"taxonomy":"post_tag","embeddable":true,"href":"http:\/\/cordobateve.net\/index.php\/wp-json\/wp\/v2\/tags?post=50858"}],"curies":[{"name":"wp","href":"https:\/\/api.w.org\/{rel}","templated":true}]}}