{"id":50896,"date":"2023-03-20T02:21:12","date_gmt":"2023-03-20T02:21:12","guid":{"rendered":"http:\/\/cordobateve.net\/index.php\/2023\/03\/20\/santiago-del-moro-oficializo-la-fecha-de-la-final-de-gran-hermano-5-meses-de-convivencia\/"},"modified":"2023-03-20T02:21:12","modified_gmt":"2023-03-20T02:21:12","slug":"santiago-del-moro-oficializo-la-fecha-de-la-final-de-gran-hermano-5-meses-de-convivencia","status":"publish","type":"post","link":"http:\/\/cordobateve.net\/index.php\/2023\/03\/20\/santiago-del-moro-oficializo-la-fecha-de-la-final-de-gran-hermano-5-meses-de-convivencia\/","title":{"rendered":"Santiago del Moro oficializ\u00f3 la fecha de la final de Gran Hermano: \u00ab5 meses de convivencia\u00bb"},"content":{"rendered":"<div class=\"media_block\"><\/div>\n<p>Si hay algo que caracteriza a<strong> <a target=\"_blank\" href=\"https:\/\/caras.perfil.com\/noticias\/television\/gran-hermano-el-video-de-nacho-con-su-mama-que-se-convirtio-en-viral.phtml\" rel=\"noopener noreferrer\">Gran Hermano<\/a><\/strong>, es por el misterio que le pone a cada uno de los cambios que se dan dentro de la casa y los que se ejecutan afuera y que afectan a los jugadores dentro de la casa.&nbsp;<\/p>\n<p>Pero ese misterio se termin\u00f3 hoy.<strong> Santiago del Moro<\/strong> oficializ\u00f3 la fecha de la final de <strong>Gran Hermano<\/strong>. Ser\u00e1 el pr\u00f3ximo lunes 27 de marzo a las 22.30 hs.<\/p>\n<p>Esta noche y por primera vez en 5 meses, Julieta, Nacho, Romina y Marcos, se vieron en pantalla tal cual y c\u00f3mo salen al aire. La producci\u00f3n les mostr\u00f3 el video de la promoci\u00f3n de la final.&nbsp;<\/p>\n<p><strong>\u00ab5 meses de convivencia, 133 d\u00edas.&nbsp;Enfrentamientos, amores, risas, llantos. El pr\u00f3ximo lunes 27 a las 22:30hs llega la gran final de Gran Hermano<\/strong>\u00ab, revel\u00f3 la producci\u00f3n de Telefe.<\/p>\n<p>Esta semana se conoci\u00f3 en el m\u00f3vil de LAM que la tan esperada<strong> final de Gran Hermano ser\u00eda en la calle, con el p\u00fablico afuera sobre la Av. Fleming al 1100 en Mart\u00ednez<\/strong>, muy cerca del <a target=\"_blank\" href=\"https:\/\/www.instagram.com\/granhermanoar\/\" rel=\"noopener noreferrer\">estudio de la casa de Gran Hermano<\/a> y de Telefe.<\/p>\n<p><strong>\u00abVa a haber una alfombra azul que va a recorrer todo este camino y directamente va a ingresar al estudio para festejar el gran premio\u00bb<\/strong>, dijo Santiago, periodista y productor de LAM.&nbsp;&nbsp;<\/p>\n<div>\n<figure class=\"image\"><img alt=\"Gran Hermano\" src=\"http:\/\/cordobateve.net\/wp-content\/uploads\/2023\/03\/santiago-del-moro-oficializo-la-fecha-de-la-final-de-gran-hermano-5-meses-de-convivencia.jpg\" loading=\"lazy\"><figcaption>Gran Hermano: filtraron cu\u00e1ndo y d\u00f3nde ser\u00e1 la final.<\/figcaption><\/figure>\n<\/div>\n<p>A esta informaci\u00f3n, la personalidad de los medios, Adriana Bravista le sum\u00f3: \u00ab<strong>Cambi\u00f3 el lugar donde se har\u00e1 la final d Gran Hermano.No ser\u00e1 en el Teatro Gran Rex porque el ganador ten\u00eda que llegar en helic\u00f3ptero desde la casa al teatro y se har\u00e1 en la calle, con p\u00fablico y alfombra azul cerca de la casa\u00bb.<\/strong><\/p>\n<div>\n<figure class=\"image\"><img alt=\"Gran Hermano: filtraron cu\u00e1ndo y d\u00f3nde ser\u00e1 la final\" src=\"http:\/\/cordobateve.net\/wp-content\/uploads\/2023\/03\/santiago-del-moro-oficializo-la-fecha-de-la-final-de-gran-hermano-5-meses-de-convivencia-1.jpg\" loading=\"lazy\"><figcaption>Gran Hermano: filtraron cu\u00e1ndo y d\u00f3nde ser\u00e1 la final.<\/figcaption><\/figure>\n<\/div>\n<h2>Qu\u00e9 contiene la valija que entr\u00f3 Alfa a Gran Hermano<\/h2>\n<p>Una vez m\u00e1s las redes sociales y el periodismo le gana al misterio que le imprime <strong>Santiago del Moro<\/strong> cuando sale al aire. \u00a1Ya sabemos que son p\u00fablicos diferentes! Pero en este caso, se supo qu\u00e9 dentro de la valija de que llev\u00f3 Alfa a la casa, est\u00e1 la fecha de la final.<\/p>\n<div>\n<figure class=\"image\"><img alt=\"Gran Hermano: filtraron cu\u00e1ndo y d\u00f3nde ser\u00e1 la final\" src=\"http:\/\/cordobateve.net\/wp-content\/uploads\/2023\/03\/santiago-del-moro-oficializo-la-fecha-de-la-final-de-gran-hermano-5-meses-de-convivencia-2.jpg\" loading=\"lazy\"><figcaption>Gran Hermano: filtraron cu\u00e1ndo y d\u00f3nde ser\u00e1 la final.<\/figcaption><\/figure>\n<\/div>\n<p>As\u00ed lo revel\u00f3, una vez m\u00e1s, Adriana Bravista. <strong>\u00abNada nuevo para Adriana Bravista, es la fecha de la final de Gran Hermano, el lunes 27 de marzo\u00bb.<\/strong><\/p>\n<p>A lo largo de los 6 meses que lleva <strong>Gran Hermano<\/strong> al aire, se ha dicho que <strong>Romina y Julieta <\/strong>est\u00e1n por acomodo, as\u00ed lo expresan los seguidores del programa que sigue cada movimiento del juego. Esto, sumado a la forma de ser de <strong>Nacho y Marcos<\/strong>, los ha convertido en los favoritos para ser los dos finalistas del juego.<strong> <\/strong><\/p>\n<p>S.A.<\/p>\n<div class=\"galeria-fotos\">\n<p>Galer\u00eda de im\u00e1genes<\/p>\n<\/p><\/div>\n<div class=\"relacionadas\" readability=\"0.64011799410029\">\n<p>Tambi\u00e9n te puede interesar<\/p>\n<\/p><\/div>\n","protected":false},"excerpt":{"rendered":"<p>Si hay algo que caracteriza a Gran Hermano, es por el misterio que le pone a cada uno de los cambios que se dan dentro de la casa y los que se ejecutan afuera y que afectan a los jugadores dentro de la casa.&nbsp; Pero ese misterio se termin\u00f3 hoy. Santiago del Moro oficializ\u00f3 la [&hellip;]<\/p>\n","protected":false},"author":1,"featured_media":50897,"comment_status":"closed","ping_status":"closed","sticky":false,"template":"","format":"standard","meta":[],"categories":[22],"tags":[],"_links":{"self":[{"href":"http:\/\/cordobateve.net\/index.php\/wp-json\/wp\/v2\/posts\/50896"}],"collection":[{"href":"http:\/\/cordobateve.net\/index.php\/wp-json\/wp\/v2\/posts"}],"about":[{"href":"http:\/\/cordobateve.net\/index.php\/wp-json\/wp\/v2\/types\/post"}],"author":[{"embeddable":true,"href":"http:\/\/cordobateve.net\/index.php\/wp-json\/wp\/v2\/users\/1"}],"replies":[{"embeddable":true,"href":"http:\/\/cordobateve.net\/index.php\/wp-json\/wp\/v2\/comments?post=50896"}],"version-history":[{"count":0,"href":"http:\/\/cordobateve.net\/index.php\/wp-json\/wp\/v2\/posts\/50896\/revisions"}],"wp:featuredmedia":[{"embeddable":true,"href":"http:\/\/cordobateve.net\/index.php\/wp-json\/wp\/v2\/media\/50897"}],"wp:attachment":[{"href":"http:\/\/cordobateve.net\/index.php\/wp-json\/wp\/v2\/media?parent=50896"}],"wp:term":[{"taxonomy":"category","embeddable":true,"href":"http:\/\/cordobateve.net\/index.php\/wp-json\/wp\/v2\/categories?post=50896"},{"taxonomy":"post_tag","embeddable":true,"href":"http:\/\/cordobateve.net\/index.php\/wp-json\/wp\/v2\/tags?post=50896"}],"curies":[{"name":"wp","href":"https:\/\/api.w.org\/{rel}","templated":true}]}}