{"id":51295,"date":"2023-03-30T11:59:40","date_gmt":"2023-03-30T11:59:40","guid":{"rendered":"https:\/\/www.clarin.com\/espectaculos\/cine\/jeremy-renner-aparecera-persona-estreno-mundial-rennervations_0_HMwrC1d8gu.html"},"modified":"2023-03-30T11:59:40","modified_gmt":"2023-03-30T11:59:40","slug":"jeremy-renner-aparecera-en-persona-en-el-estreno-mundial-de-rennervations","status":"publish","type":"post","link":"http:\/\/cordobateve.net\/index.php\/2023\/03\/30\/jeremy-renner-aparecera-en-persona-en-el-estreno-mundial-de-rennervations\/","title":{"rendered":"Jeremy Renner aparecer\u00e1 en persona en el estreno mundial de Rennervations"},"content":{"rendered":"<p><img src=\"http:\/\/cordobateve.net\/wp-content\/uploads\/2023\/03\/jeremy-renner-aparecera-en-persona-en-el-estreno-mundial-de-rennervations.jpg\"><\/p>\n<div readability=\"33\">\n<div class=\"title check-space\" data-color=\"style='background-color:'\" readability=\"11\">\n<p><h2>Tras el grave accidente con una m\u00e1quina quitanieves, el actor estar\u00e1 presente en un evento, el pr\u00f3ximo 11 de abril en Los Angeles.<\/h2>\n<\/p>\n<\/div><\/div>\n<div id=\"entry-body\">\n<p><a data-cke-saved-href=\"https:\/\/www.clarin.com\/espectaculos\/tv\/jeremy-renner-recupera-accidente-nieve-empezo-caminar_0_kJO4LmVDY8.html\" target=\"_blank\" href=\"https:\/\/www.clarin.com\/espectaculos\/tv\/jeremy-renner-recupera-accidente-nieve-empezo-caminar_0_kJO4LmVDY8.html\" rel=\"noopener noreferrer\">Jeremy Renner <\/a>aparecer\u00e1 en persona en el estreno mundial de <a data-cke-saved-href=\"https:\/\/www.clarin.com\/espectaculos\/tv\/jeremy-renner-recupera-accidente-nieve-empezo-caminar_0_kJO4LmVDY8.html\" target=\"_blank\" href=\"https:\/\/www.clarin.com\/espectaculos\/tv\/jeremy-renner-recupera-accidente-nieve-empezo-caminar_0_kJO4LmVDY8.html\" rel=\"noopener noreferrer\"><em>Rennervations<\/em><\/a>, que tendr\u00e1 lugar el pr\u00f3ximo 11 de abril en el Regency Village Theatre de Los \u00c1ngeles.<\/p>\n<p>Este ser\u00e1 el primer evento de prensa de Renner desde <a data-cke-saved-href=\"https:\/\/www.clarin.com\/espectaculos\/tv\/jeremy-renner-recupera-accidente-nieve-empezo-caminar_0_kJO4LmVDY8.html\" target=\"_blank\" href=\"https:\/\/www.clarin.com\/espectaculos\/tv\/jeremy-renner-recupera-accidente-nieve-empezo-caminar_0_kJO4LmVDY8.html\" rel=\"noopener noreferrer\">el accidente que el actor tuvo con una m\u00e1quina quitanieves el 1 de enero.<\/a><\/p>\n<p> Renner debi\u00f3 ser<strong> hospitalizado&nbsp;por traumatismo tor\u00e1cico cerrado y lesiones ortop\u00e9dicas. <\/strong>Al tratar de ayudar a su sobrino a salir de la nieve cerca de su casa en Lake Tahoe, Renner fue atropellado por su Sno-Cat.<\/p>\n<div class=\"sp__Normal embed-box embed-body-photo\" data-index=\"1\">\n<picture class=\"pointer\">\n<img class=\"img-expand\" width=\"100\" height=\"100\" loading=\"lazy\" src=\"http:\/\/cordobateve.net\/wp-content\/uploads\/2023\/03\/jeremy-renner-aparecera-en-persona-en-el-estreno-mundial-de-rennervations-2.jpg\" alt=\"Jeremy Renner, haciendo rehabilitaci\u00f3n. El actor comparti\u00f3 la imagen en sus redes sociales.\"><br \/>\n<span class=\"bt-expand\"><br \/>\n<svg class=\"ico white_mod\">\n<use class=\"use-expand\" xlink:href=\"#icon-expand\" \/>\n<\/svg><br \/>\n<\/span>\n<\/picture><figcaption>Jeremy Renner, haciendo rehabilitaci\u00f3n. El actor comparti\u00f3 la imagen en sus redes sociales. <\/figcaption><\/div>\n<p>Los cuatro episodios de <em>Rennervations<\/em>, el nuevo programa de renovaci\u00f3n de veh\u00edculos del actor, <strong>comenzar\u00e1 a emitirse&nbsp;el 12 de abril en Disney+.<\/strong><\/p>\n<h2>M\u00e1s de 30 huesos rotos<\/h2>\n<p>\u201cHe estado en este viaje durante muchos a\u00f1os y comenc\u00e9 en mi comunidad construyendo veh\u00edculos para personas necesitadas\u201d, dijo Renner sobre la serie.<\/p>\n<p> \u201cPero hace algunos a\u00f1os, pens\u00e9, &#8216;\u00bfC\u00f3mo puedo agregar esto y crear un mayor impacto en toda una comunidad?&#8217; Y eso es lo que hace este programa. <strong>Esta es una de mis mayores pasiones y es una fuerza impulsora en mi recuperaci\u00f3n, y no puedo esperar a que el mundo lo vea\u201d.<\/strong><\/p>\n<p><strong>Renner se rompi\u00f3 m\u00e1s de 30 huesos como resultado de su accidente<\/strong>, escribiendo en Instagram en ese momento: \u201cEstos m\u00e1s de 30 huesos rotos se reparar\u00e1n, se fortalecer\u00e1n, al igual que se profundiza el amor y el v\u00ednculo con la familia y los amigos. Amor y bendiciones para todos ustedes\u201d.<\/p>\n<p>Desde la lesi\u00f3n, Renner ha compartido actualizaciones con sus fan\u00e1ticos en las redes sociales. Esta semana, la estrella de <em>Ojo de Halc\u00f3n <\/em><strong>public\u00f3 un video en el que camina con la ayuda de una caminadora antigravedad.<\/strong><\/p>\n<p>Renner confirm\u00f3 en el video que \u00e9l mismo est\u00e1 haciendo todo el \u201cmovimiento de caminar\u201d, con la \u00abcaminadora\u00bb antigravedad quitando un porcentaje de su peso corporal a medida que sus piernas se recuperan lentamente.<strong> \u201cAhora es el momento de que mi cuerpo descanse y se recupere de mi voluntad<\/strong>\u201d, escribi\u00f3 Renner en el pie de foto.<\/p>\n<h2>La recuperaci\u00f3n<\/h2>\n<p>La estrella de <em>Ojo de halc\u00f3n<\/em>&nbsp;public\u00f3 una historia de Instagram donde se ve que camina con la ayuda de una caminadora antigravedad. All\u00ed Renner confirm\u00f3 que est\u00e1 haciendo todo el \u00abmovimiento de caminar\u00bb junto a un aparato que le quita \u00abun porcentaje de su peso corporal\u00bb, un procedimiento que sirve mientras sus piernas se recuperan lentamente.<\/p>\n<p>El actor subtitul\u00f3 la publicaci\u00f3n: \u201cAhora es el momento de que mi cuerpo descanse y se recupere de mi voluntad\u201d.<\/p>\n<p>El actor estaba tratando de ayudar a un familiar a salir de la nieve cerca de su casa en Lake Tahoe cuando su Sno-Cat lo aplast\u00f3. Renner luego revel\u00f3 que se rompi\u00f3 m\u00e1s de 30 huesos en el accidente, a trav\u00e9s de su cuenta de Instagram:<\/p>\n<p>\u201cEstos m\u00e1s de 30 huesos rotos se reparar\u00e1n, se fortalecer\u00e1n, al igual que se profundiza el amor y el v\u00ednculo con la familia y los amigos. Amor y bendiciones para todos ustedes\u201d, escribi\u00f3.<\/p>\n<p> <span class=\"title-related\">Mir\u00e1 tambi\u00e9n<\/span> <\/div>\n","protected":false},"excerpt":{"rendered":"<p>Tras el grave accidente con una m\u00e1quina quitanieves, el actor estar\u00e1 presente en un evento, el pr\u00f3ximo 11 de abril en Los Angeles. Jeremy Renner aparecer\u00e1 en persona en el estreno mundial de Rennervations, que tendr\u00e1 lugar el pr\u00f3ximo 11 de abril en el Regency Village Theatre de Los \u00c1ngeles. Este ser\u00e1 el primer evento [&hellip;]<\/p>\n","protected":false},"author":1,"featured_media":51296,"comment_status":"closed","ping_status":"closed","sticky":false,"template":"","format":"standard","meta":[],"categories":[18],"tags":[],"_links":{"self":[{"href":"http:\/\/cordobateve.net\/index.php\/wp-json\/wp\/v2\/posts\/51295"}],"collection":[{"href":"http:\/\/cordobateve.net\/index.php\/wp-json\/wp\/v2\/posts"}],"about":[{"href":"http:\/\/cordobateve.net\/index.php\/wp-json\/wp\/v2\/types\/post"}],"author":[{"embeddable":true,"href":"http:\/\/cordobateve.net\/index.php\/wp-json\/wp\/v2\/users\/1"}],"replies":[{"embeddable":true,"href":"http:\/\/cordobateve.net\/index.php\/wp-json\/wp\/v2\/comments?post=51295"}],"version-history":[{"count":0,"href":"http:\/\/cordobateve.net\/index.php\/wp-json\/wp\/v2\/posts\/51295\/revisions"}],"wp:featuredmedia":[{"embeddable":true,"href":"http:\/\/cordobateve.net\/index.php\/wp-json\/wp\/v2\/media\/51296"}],"wp:attachment":[{"href":"http:\/\/cordobateve.net\/index.php\/wp-json\/wp\/v2\/media?parent=51295"}],"wp:term":[{"taxonomy":"category","embeddable":true,"href":"http:\/\/cordobateve.net\/index.php\/wp-json\/wp\/v2\/categories?post=51295"},{"taxonomy":"post_tag","embeddable":true,"href":"http:\/\/cordobateve.net\/index.php\/wp-json\/wp\/v2\/tags?post=51295"}],"curies":[{"name":"wp","href":"https:\/\/api.w.org\/{rel}","templated":true}]}}