{"id":51601,"date":"2023-04-06T02:42:19","date_gmt":"2023-04-06T02:42:19","guid":{"rendered":"http:\/\/cordobateve.net\/index.php\/2023\/04\/06\/el-microbikini-de-neon-de-mariah-carey-con-el-que-festejo-su-cumpleanos\/"},"modified":"2023-04-06T02:42:19","modified_gmt":"2023-04-06T02:42:19","slug":"el-microbikini-de-neon-de-mariah-carey-con-el-que-festejo-su-cumpleanos","status":"publish","type":"post","link":"http:\/\/cordobateve.net\/index.php\/2023\/04\/06\/el-microbikini-de-neon-de-mariah-carey-con-el-que-festejo-su-cumpleanos\/","title":{"rendered":"El microbikini de ne\u00f3n de Mariah Carey con el que festej\u00f3 su cumplea\u00f1os"},"content":{"rendered":"<div class=\"media_block\"><\/div>\n<p>La cantante <strong>Mariah Carey <\/strong>se mostr\u00f3 vacacionando con su familia y celebrando su cumplea\u00f1os. La ariana, quien interpreta el exitoso tema <strong>\u201cAll I want for Christmas is you\u201d<\/strong>, subi\u00f3 foto y un video a su cuenta oficial de<strong> <a target=\"_blank\" href=\"https:\/\/caras.perfil.com\/noticias\/espectaculos\/microbikini-de-joyas-como-es-esta-tendencia-que-impone-marta-fort.phtml\" rel=\"noopener noreferrer\">Instagram <\/a><\/strong><a target=\"_blank\" href=\"https:\/\/caras.perfil.com\/noticias\/espectaculos\/microbikini-de-joyas-como-es-esta-tendencia-que-impone-marta-fort.phtml\" rel=\"noopener noreferrer\">con un traje de ba\u00f1o de dos piezas<\/a> ne\u00f3n, una tendencia que usan muchas de las celebridades en todo el mundo.<\/p>\n<p>Al ritmo de su tema <strong>\u201cCruise Control\u201d<\/strong>, desde un crucero y en otras con un inflable en forma de cisne, <strong>Mariah <\/strong>est\u00e1 luciendo la parte superior de su microbikini<strong> verde ne\u00f3n de formato triangular con tiritas que se atan atr\u00e1s del cuello y por la espalda.<\/strong><\/p>\n<p>Diva como siempre y con mucho glamour, le sumo catsuit negro de neoprene ajustado, bordado y con cierre ne\u00f3n, que llev\u00f3 abierto en la parte delantera donde se luc\u00eda el escote.<\/p>\n<figure class=\"image\"><img alt=\"Mariah Carey\" src=\"http:\/\/cordobateve.net\/wp-content\/uploads\/2023\/04\/el-microbikini-de-neon-de-mariah-carey-con-el-que-festejo-su-cumpleanos.jpg\" loading=\"lazy\"><figcaption>Mariah Carey celebrando sus 54 a\u00f1os junto a sus hijos<\/figcaption><\/figure>\n<p>Le sum\u00f3 anteojos de sol negro de la firma <strong>Prada<\/strong>, aros de argolla y un anillo con forma de mariposa. El maquillaje natural, con rubor y un brillo gloss en los labios. Para el peinado, una cola de caballo tirante.<\/p>\n<h2>La tendencia ne\u00f3n a la que se subieron varias famosas<\/h2>\n<p>Desde <strong>Soledad Fandi\u00f1o <\/strong>hasta <strong>Kendall Jenner,<\/strong><a target=\"_blank\" href=\"https:\/\/caras.perfil.com\/noticias\/moda\/5-estilos-de-microbikini-con-los-que-karol-g-enciende-el-verano.phtml\" rel=\"noopener noreferrer\"> son quienes se lucen con prendas<\/a> en color ne\u00f3n, en este caso, <strong>microbikinis<\/strong>, una tendencia que lleg\u00f3 para quedarse.<\/p>\n<figure class=\"image\"><img alt=\"Soledad Fandi\u00f1o\" src=\"http:\/\/cordobateve.net\/wp-content\/uploads\/2023\/04\/el-microbikini-de-neon-de-mariah-carey-con-el-que-festejo-su-cumpleanos-1.jpg\" loading=\"lazy\"><figcaption>Soledad Fandi\u00f1o desde Miami con us microbikini ne\u00f3n<\/figcaption><\/figure>\n<p>Instalada desde <strong>Miami, Florida,<\/strong> y acompa\u00f1ada de su familia, la influencer no se pierde un d\u00eda de sol y le gusta mostrarlo en su cuenta de Instagram para sus fans. Anteriormente pos\u00f3 con una<strong> microbikini color fosforescente que para la parte de arriba un corpi\u00f1o strapples<\/strong> y la de abajo una bombacha tipo taparrabo, dise\u00f1o que es muy visto el \u00faltimo tiempo.<\/p>\n<figure class=\"image\"><img alt=\"Kendall Jenner\" src=\"http:\/\/cordobateve.net\/wp-content\/uploads\/2023\/04\/el-microbikini-de-neon-de-mariah-carey-con-el-que-festejo-su-cumpleanos-2.jpg\" loading=\"lazy\"><figcaption>Kendall Jenner con su microbikini verde ne\u00f3n<\/figcaption><\/figure>\n<p>Quien tambi\u00e9n es un referente femenino es <strong>Kendall Jenner<\/strong> quien se mostr\u00f3 reposando sobre una reposera con una microbikini color verde ne\u00f3n, con el corpi\u00f1o tipo triangulito y la bombacha, un cl\u00e1sico de todos los tiempo, estilo culotte.<\/p>\n<p>J.M<\/p>\n<div class=\"galeria-fotos\">\n<p>Galer\u00eda de im\u00e1genes<\/p>\n<\/p><\/div>\n<div class=\"relacionadas\" readability=\"2.4810126582278\">\n<p>Tambi\u00e9n te puede interesar<\/p>\n<\/p><\/div>\n","protected":false},"excerpt":{"rendered":"<p>La cantante Mariah Carey se mostr\u00f3 vacacionando con su familia y celebrando su cumplea\u00f1os. La ariana, quien interpreta el exitoso tema \u201cAll I want for Christmas is you\u201d, subi\u00f3 foto y un video a su cuenta oficial de Instagram con un traje de ba\u00f1o de dos piezas ne\u00f3n, una tendencia que usan muchas de las [&hellip;]<\/p>\n","protected":false},"author":1,"featured_media":51602,"comment_status":"closed","ping_status":"closed","sticky":false,"template":"","format":"standard","meta":[],"categories":[22],"tags":[],"_links":{"self":[{"href":"http:\/\/cordobateve.net\/index.php\/wp-json\/wp\/v2\/posts\/51601"}],"collection":[{"href":"http:\/\/cordobateve.net\/index.php\/wp-json\/wp\/v2\/posts"}],"about":[{"href":"http:\/\/cordobateve.net\/index.php\/wp-json\/wp\/v2\/types\/post"}],"author":[{"embeddable":true,"href":"http:\/\/cordobateve.net\/index.php\/wp-json\/wp\/v2\/users\/1"}],"replies":[{"embeddable":true,"href":"http:\/\/cordobateve.net\/index.php\/wp-json\/wp\/v2\/comments?post=51601"}],"version-history":[{"count":0,"href":"http:\/\/cordobateve.net\/index.php\/wp-json\/wp\/v2\/posts\/51601\/revisions"}],"wp:featuredmedia":[{"embeddable":true,"href":"http:\/\/cordobateve.net\/index.php\/wp-json\/wp\/v2\/media\/51602"}],"wp:attachment":[{"href":"http:\/\/cordobateve.net\/index.php\/wp-json\/wp\/v2\/media?parent=51601"}],"wp:term":[{"taxonomy":"category","embeddable":true,"href":"http:\/\/cordobateve.net\/index.php\/wp-json\/wp\/v2\/categories?post=51601"},{"taxonomy":"post_tag","embeddable":true,"href":"http:\/\/cordobateve.net\/index.php\/wp-json\/wp\/v2\/tags?post=51601"}],"curies":[{"name":"wp","href":"https:\/\/api.w.org\/{rel}","templated":true}]}}