{"id":51741,"date":"2023-04-08T12:00:03","date_gmt":"2023-04-08T12:00:03","guid":{"rendered":"https:\/\/www.clarin.com\/espectaculos\/tv\/estrena-atav-2-sida-desaparecidos-recuperacion-democracia-eje_0_koFFVoDwIs.html"},"modified":"2023-04-08T12:00:03","modified_gmt":"2023-04-08T12:00:03","slug":"estrena-atav-2-con-el-sida-los-desaparecidos-y-la-recuperacion-de-la-democracia-como-eje","status":"publish","type":"post","link":"http:\/\/cordobateve.net\/index.php\/2023\/04\/08\/estrena-atav-2-con-el-sida-los-desaparecidos-y-la-recuperacion-de-la-democracia-como-eje\/","title":{"rendered":"Estrena ATAV 2, con el sida, los desaparecidos y la recuperaci\u00f3n de la democracia como eje"},"content":{"rendered":"<p><img src=\"http:\/\/cordobateve.net\/wp-content\/uploads\/2023\/04\/estrena-atav-2-con-el-sida-los-desaparecidos-y-la-recuperacion-de-la-democracia-como-eje.jpg\"><\/p>\n<p>Como una rareza en una televisi\u00f3n&nbsp;en la que escasea la ficci\u00f3n&nbsp;y, mucho m\u00e1s la local,<em><\/em><a data-cke-saved-href=\"https:\/\/www.clarin.com\/tema\/argentina-tierra-de-amor-y-venganza.html\" target=\"_blank\" href=\"https:\/\/www.clarin.com\/tema\/argentina-tierra-de-amor-y-venganza.html\" rel=\"noopener noreferrer\"> Argentina, tierra de amor y venganza 2<\/a><em> (ATAV<\/em>), debutar\u00e1 en la pantalla de eltrece, este lunes 10 de abril a las 22.15. Se trata de<strong> la segunda temporada de la tira de \u00e9poca<\/strong> que produce Polka, con personajes e historias nuevas, pero conectados&nbsp;a los de la primera temporada, que se emiti\u00f3&nbsp;en 2019.<\/p>\n<p>Mientras que la primera parte estuvo ambientada en la d\u00e9cada de 1930, con el foco en la oleada de inmigraci\u00f3n europea llegando a la Argentina en busca de un futuro mejor, esta segunda temporada pega un salto hist\u00f3rico. As\u00ed, <strong>la trama&nbsp;se instala durante el final de la \u00faltima dictadura militar y los primeros a\u00f1os de la democracia<\/strong>, a fines de la d\u00e9cada de 1970 y principios de la de 1980.<\/p>\n<p>Esta vez, <strong>apuntando a temas como&nbsp;el exilio, los desaparecidos, el surgimiento del virus del sida<\/strong> y el fen\u00f3meno del teatro de revistas, entre otros t\u00f3picos. El elenco es coral, ya que habr\u00e1 muchas historias paralelas y conectadas entre s\u00ed.<\/p>\n<div class=\"sp__Normal embed-box embed-body-photo\" data-index=\"1\">\n<picture class=\"pointer\">\n<img class=\"img-expand\" width=\"100\" height=\"100\" loading=\"lazy\" src=\"http:\/\/cordobateve.net\/wp-content\/uploads\/2023\/04\/estrena-atav-2-con-el-sida-los-desaparecidos-y-la-recuperacion-de-la-democracia-como-eje-2.jpg\" alt=\"Federico Amador, Justina Bustos, y Federico D'El\u00eda esperando el estreno de ATAV 2 por Eltrece. Foto: Prensa\/Agustina Rodriguez.\"><br \/>\n<span class=\"bt-expand\"><br \/>\n<svg class=\"ico white_mod\">\n<use class=\"use-expand\" xlink:href=\"#icon-expand\" \/>\n<\/svg><br \/>\n<\/span>\n<\/picture><figcaption>Federico Amador, Justina Bustos, y Federico D&#8217;El\u00eda esperando el estreno de ATAV 2 por Eltrece. Foto: Prensa\/Agustina Rodriguez. <\/figcaption><\/div>\n<h2>El elenco<\/h2>\n<p>Los protagonistas son <a target=\"_blank\" href=\"https:\/\/www.clarin.com\/tema\/federico-delia.html\" rel=\"noopener noreferrer\">Federico D&#8217;El\u00eda<\/a>, <a target=\"_blank\" href=\"https:\/\/www.clarin.com\/tema\/federico-amador.html\" rel=\"noopener noreferrer\">Federico Amador<\/a>, <a target=\"_blank\" href=\"https:\/\/www.clarin.com\/tema\/justina-bustos.html\" rel=\"noopener noreferrer\">Justina Bustos<\/a>, Juan Gil Navarro, Gloria Carr\u00e1, Malena Solda, Tato Quattordio, Toni Gelabert, Andrea Rinc\u00f3n, Bel\u00e9n Chavanne, Nacho Di Marco, Dar\u00edo Barassi, Alan Daicz y Virginia Lago, entre otros.<\/p>\n<p>Los nuevos personajes&nbsp;son&nbsp;los descendientes de las familias Moretti (Aldo Moretti y la Polaca, interpretados por Gonzalo Heredia y la <a target=\"_blank\" href=\"https:\/\/www.clarin.com\/tema\/eugenia-china-suarez.html\" rel=\"noopener noreferrer\">Eugenia \u00abChina\u00bb Su\u00e1rez<\/a>&nbsp;en <em>ATAV 1<\/em>) y Salvat (Bruno Salvat y Lucia Morel, interpretados por Albert Bar\u00f3 y Delfina Ch\u00e1vez), quienes hab\u00edan protagonizado la primera temporada.<\/p>\n<p>Con el antecedente de la exitosa pel\u00edcula de Santiago Mitre, <em>Argentina, 1985<\/em>, esa \u00e9poca de la Argentina estar\u00e1 nuevamente retratada en esta ficci\u00f3n con libros de Lily Ann Martin y&nbsp;Claudio Lacelli, direcci\u00f3n de&nbsp;Sebasti\u00e1n Pivotto y&nbsp;Alejandro Ib\u00e1\u00f1ez y producci\u00f3n general de&nbsp;<strong>Adri\u00e1n Suar<\/strong>. Todos los cap\u00edtulos ya fueron grabados el a\u00f1o pasado.<\/p>\n<p>Federico D&#8217;El\u00eda, que interpreta al m\u00e9dico Rafael Machado, es <strong>uno de los villanos de la historia<\/strong>, con una ideolog\u00eda forjada en el Hospital Militar. \u00abRafael tiene una familia supuestamente perfecta, pero le pasan cosas que le suelen suceder a estos tipos, que atentan contra esa \u00abperfecci\u00f3n\u00bb: <strong>\u00e9l&nbsp;odia a los homosexuales y tiene un hijo gay<\/strong>, por ejemplo\u00bb, cuenta el actor.<\/p>\n<div class=\"sp__Normal embed-box embed-body-photo\" data-index=\"2\">\n<picture class=\"pointer\">\n<img class=\"img-expand\" width=\"100\" height=\"100\" loading=\"lazy\" src=\"http:\/\/cordobateve.net\/wp-content\/uploads\/2023\/04\/estrena-atav-2-con-el-sida-los-desaparecidos-y-la-recuperacion-de-la-democracia-como-eje-3.jpg\" alt=\"Julieta D\u00edaz y Federico D'El\u00eda, en la segunda temporada de &quot;Argentina, tierra de amor y venganza&quot;, por Eltrece.\"><br \/>\n<span class=\"bt-expand\"><br \/>\n<svg class=\"ico white_mod\">\n<use class=\"use-expand\" xlink:href=\"#icon-expand\" \/>\n<\/svg><br \/>\n<\/span>\n<\/picture><figcaption>Julieta D\u00edaz y Federico D&#8217;El\u00eda, en la segunda temporada de \u00abArgentina, tierra de amor y venganza\u00bb, por Eltrece. <\/figcaption><\/div>\n<p>Adem\u00e1s, a trav\u00e9s de otro de sus hijos, habr\u00e1 una referencia a la <strong>Guerra de Malvinas<\/strong>. \u00abY su hija, Luj\u00e1n, que es la luz de sus ojos, tendr\u00e1 muchos problemas, entre otros, ser v\u00edctima de la violencia de g\u00e9nero por parte de su marido\u00bb, relata. \u00abEl gran desaf\u00edo fue encontrarle el punto d\u00e9bil al personaje. En los &#8217;70 y &#8217;80, nada era pol\u00edticamente correcto y desde entonces hasta ahora, todo cambi\u00f3 mucho\u00bb.<\/p>\n<p>Seg\u00fan D&#8217;El\u00eda, la nueva telenovela es una lupa sobre un momento hist\u00f3rico, como contexto del cl\u00e1sico culebr\u00f3n que, respondiendo al g\u00e9nero, desarrolla varias historias de amor. \u00ab<strong>Las referencias hist\u00f3ricas reales est\u00e1n mezcladas, como pinceladas, con las historias de ficci\u00f3n<\/strong>\u00ab, explica. \u00abEs un riesgo, pero est\u00e1 muy bueno que se esto se cuente\u00bb.<\/p>\n<h2>El regreso a la democracia<\/h2>\n<p><em>ATAV 2<\/em> mostrar\u00e1 a la sociedad despu\u00e9s del regreso a la democracia en la Argentina, con las consecuencias de lo sucedido durante la dictadura y con muchos cambios que, para algunos personajes, ser\u00e1n dif\u00edciles de asimilar.<\/p>\n<p>Antonio (el espa\u00f1ol Toni Gelabert) interpreta a un periodista, nieto de Luc\u00eda (Delfina Ch\u00e1vez en <em>ATAV1<\/em>) que regresa al pa\u00eds, luego de varios a\u00f1os de exilio junto a su padre y hermano. En su vuelta, enfrentar\u00e1 la desaparici\u00f3n de su madre, Silvia (Julieta D\u00edaz), que estaba embarazada y, por otra parte, vivir\u00e1 <strong>una historia de amor con Segundo (Tato Quattordio<\/strong>), su amigo de la adolescencia.<\/p>\n<div class=\"sp__Normal embed-box embed-body-photo\" data-index=\"3\">\n<picture class=\"pointer\">\n<img class=\"img-expand\" width=\"100\" height=\"100\" loading=\"lazy\" src=\"http:\/\/cordobateve.net\/wp-content\/uploads\/2023\/04\/estrena-atav-2-con-el-sida-los-desaparecidos-y-la-recuperacion-de-la-democracia-como-eje-4.jpg\" alt=\"Justina Bustos interpreta a la nieta de La Polaca, personaje de la primera temporada, en ATAV 2, por ElTrece.\"><br \/>\n<span class=\"bt-expand\"><br \/>\n<svg class=\"ico white_mod\">\n<use class=\"use-expand\" xlink:href=\"#icon-expand\" \/>\n<\/svg><br \/>\n<\/span>\n<\/picture><figcaption>Justina Bustos interpreta a la nieta de La Polaca, personaje de la primera temporada, en ATAV 2, por ElTrece. <\/figcaption><\/div>\n<p>Pero ese romance tendr\u00e1 el veto del padre de Segundo, el personaje a cargo de D&#8217;El\u00eda, de toda su familia&nbsp;y deber\u00e1 enfrentar todos los prejuicios por entonces vigentes. \u00abTrabajar en un elenco coral est\u00e1 buen\u00edsimo, porque te da ox\u00edgeno, el hecho de que haya muchas historias a la par permite un poco de aire dentro del drama\u00bb, dice D&#8217;El\u00eda.<\/p>\n<h2>Un m\u00e9dico adelantado a su tiempo<\/h2>\n<p>Por su parte, Federico Amador (que con <em>ATAV2<\/em> vuelve a la ficci\u00f3n luego de cuatro a\u00f1os dedicado a los documentales ambientalistas), interpreta a otro m\u00e9dico, Francisco Alarc\u00f3n. Pero este caso, es un hombre bastante adelantado a su tiempo que comienza a armar en su hospital un sector especial de cuidados para personas con HIV.<\/p>\n<p>En ese momento<strong> se desconoc\u00eda casi todo&nbsp;sobre la enfermedad y quienes lo padec\u00edan eran discriminados.<\/strong> El proyecto de Alarc\u00f3n tiene que hacerse&nbsp;a escondidas del director del hospital, el villano que encarna D&#8217;El\u00eda. Pero eso no es todo: en el mismo lugar de trabajo, Francisco conoce una m\u00e9dica radi\u00f3loga, Luj\u00e1n (Bel\u00e9n Chavanne) hija de Rafael.<\/p>\n<p>La de Francisco y Luj\u00e1n ser\u00e1 una de las historias de amor de la telenovela, complicada y a escondidas de todos, porque ella&nbsp;est\u00e1 casada y sufre violencia por parte de su pareja.&nbsp;Para Amador, \u00abda gusto formar parte de estas producciones y poner estos temas sobre la mesa. Por suerte, pude salir del encasillamiento y ahora<strong> me toca estar del lado de los buenos<\/strong>\u00ab.<\/p>\n<div class=\"sp__Normal embed-box embed-body-photo\" data-index=\"4\">\n<picture class=\"pointer\">\n<img class=\"img-expand\" width=\"100\" height=\"100\" loading=\"lazy\" src=\"http:\/\/cordobateve.net\/wp-content\/uploads\/2023\/04\/estrena-atav-2-con-el-sida-los-desaparecidos-y-la-recuperacion-de-la-democracia-como-eje-5.jpg\" alt=\"Bel\u00e9n Chavanne y Federico Amador, una de las historia de amor de la segunda temporada de ATAV.\"><br \/>\n<span class=\"bt-expand\"><br \/>\n<svg class=\"ico white_mod\">\n<use class=\"use-expand\" xlink:href=\"#icon-expand\" \/>\n<\/svg><br \/>\n<\/span>\n<\/picture><figcaption>Bel\u00e9n Chavanne y Federico Amador, una de las historia de amor de la segunda temporada de ATAV. <\/figcaption><\/div>\n<p>\u00abLa trama y sobre todo, mi personaje, toca varios temas interesantes, como el de la violencia de g\u00e9nero o el de sida, por entonces asociado con la homosexualidad\u00bb, cuenta Amador. \u00abPasaron 40 a\u00f1os desde entonces y<strong> todo cambi\u00f3 tanto que nos parece inconcebible tener que esconder tu gusto sexual<\/strong>. Sin embargo, hay mucha gente hoy que relata que por entonces, le toc\u00f3 atravesar esa situaci\u00f3n\u00bb.<\/p>\n<p>Tanto el sida como la violencia de g\u00e9nero eran tem\u00e1ticas tab\u00faes por entonces, algo de lo que no se hablaba p\u00fablicamente, se escond\u00eda. \u00abMi personaje tiene otra cabeza para el com\u00fan de la \u00e9poca, acepta a cada uno como es\u00bb, detalla el actor. \u00abMe parece importante poder mostrar eso, porque todav\u00eda queda mucho por hacer, por ejemplo con respecto al machismo y la violencia de g\u00e9nero\u00bb.<\/p>\n<h2>El reto&nbsp;de hacer una tira de \u00e9poca<\/h2>\n<p>Uno de los desaf\u00edos de hacer una telenovela de \u00e9poca (cualquiera sea) es la ambientaci\u00f3n en todos los rubros. No s\u00f3lo desde el vestuario y&nbsp;la escenograf\u00eda, sino tambi\u00e9n desde el lenguaje y los h\u00e1bitos cotidianos que forman parte de la historia. \u00abEs todo un tema situarte en otro mundo, implica un gran trabajo por parte de todos. Pero tambi\u00e9n es muy divertido\u00bb, dice Amador.<\/p>\n<p>Y agrega: \u00abAdem\u00e1s, hay otros <strong>temas r\u00edspidos y dolorosos de nuestra historia que aparecen en la trama<\/strong>, como el de los desaparecidos. Es interesante saber que se pueden tratar temas dif\u00edciles, aunque hoy sean otros, que se puede salir de la oscuridad. Ya pensamos de otra manera pero a\u00fan hay mucho por crecer. Creo que es una mirada de esperanza la que ofrece la novela\u00bb.<\/p>\n<div class=\"sp__Normal embed-box embed-body-photo\" data-index=\"5\">\n<picture class=\"pointer\">\n<img class=\"img-expand\" width=\"100\" height=\"100\" loading=\"lazy\" src=\"http:\/\/cordobateve.net\/wp-content\/uploads\/2023\/04\/estrena-atav-2-con-el-sida-los-desaparecidos-y-la-recuperacion-de-la-democracia-como-eje-6.jpg\" alt=\"Dar\u00edo Barassi y Andrea Rinc\u00f3n, con personajes que transitan los '80 en ATAV 2 por ElTrece.\"><br \/>\n<span class=\"bt-expand\"><br \/>\n<svg class=\"ico white_mod\">\n<use class=\"use-expand\" xlink:href=\"#icon-expand\" \/>\n<\/svg><br \/>\n<\/span>\n<\/picture><figcaption>Dar\u00edo Barassi y Andrea Rinc\u00f3n, con personajes que transitan los &#8217;80 en ATAV 2 por ElTrece. <\/figcaption><\/div>\n<p><strong>Un personaje clave es el que interpreta Justina Bustos<\/strong> quien encarna a&nbsp;Ana P\u00e9rez Moretti, la nieta de Raquel \u201cLa Polaca\u201d (China Su\u00e1rez en la primera temporada de <em>ATAV<\/em>). Ana es madre soltera y conoce casualmente a los hermanos Hills, Ricardo (Dar\u00edo Barassi) y Horacio (Juan Gil Navarro), que le ofrecen trabajo en un teatro de revista como vedette, a pesar de no tener experiencia.<\/p>\n<p>En su nuevo \u00e1mbito, Ana conoce por casualidad a Charly Lombardo (Nacho Di Marco) con quien vivir\u00e1 una intensa historia de amor. Por otra parte, descubrir\u00e1 que Horacio Hills es nada menos que el sobrino de Samuel Trauman (el personaje de Fern\u00e1n Mir\u00e1s en la primera temporada), el antiguo <em>cafisho<\/em> que explot\u00f3 a su abuela Raquel muchos a\u00f1os atr\u00e1s.<\/p>\n<h2>Deseo y casualidad<\/h2>\n<p>\u00abEl proyecto apareci\u00f3 mediante amigos. En el 2021 estaba viviendo en Par\u00eds y en un viaje de visita a Madrid, me cruc\u00e9 con Agust\u00edn Sullivan que hab\u00eda hecho el casting para <em>ATAV2<\/em>. Cuando me coment\u00f3 de qu\u00e9 se trataba, me despert\u00f3 el inter\u00e9s y coment\u00e9 que me interesar\u00eda hacer una participaci\u00f3n\u00bb, dice Justina.<\/p>\n<p>A los cuatro&nbsp;meses, ya en Buenos Aires, un productor ejecutivo de Polka le propon\u00eda ser la protagonista. \u00abNo lo ve\u00eda posible, ya que mi objetivo era seguir haciendo castings en el exterior.&nbsp;Hasta que <strong>me cuenta la historia de Anita P\u00e9rez Moretti, y no hubo vuelta atr\u00e1s<\/strong>\u00ab, describe. \u00abAl mes y medio estaba tomando clases de baile en Buenos Aires con Valerita Narv\u00e1ez\u00bb.<\/p>\n<p>La ambientaci\u00f3n en los &#8217;80, fue otro de los atractivos que terminaron de decidir a la actriz a embarcarse en el proyecto. \u00abEs una \u00e9poca muy importante en nuestro pa\u00eds, marca un antes y despu\u00e9s, Me hab\u00eda tocado en otras ocasiones actuar en el contexto hist\u00f3rico de los &#8217;80. Le tengo tanto respeto que me genera demasiada responsabilidad y me pongo muy exigente, cosa que me puede jugar en contra\u00bb, admite.<\/p>\n<p>Sin embargo, asegura: <strong>\u00abEs&nbsp;un momento delicado, de vulnerabilidad y lucha; de un renacer y de heridas abiertas<\/strong>. Y Anita Moretti representa el espect\u00e1culo, el entretenimiento, lo cual me gener\u00f3&nbsp;m\u00e1s confianza a la hora de interpretar\u00bb.<\/p>\n<p>En cuanto al regreso de una ficci\u00f3n nacional a la pantalla de eltrece, D&#8217;El\u00eda dice: \u00abDejamos de hacer telenovela y con esta producci\u00f3n volvemos un poco al g\u00e9nero. Creo que hay un p\u00fablico para todo y Polka es la \u00fanica productora, por ahora, a pesar de que resulta costoso, que decide apostar. Me parece que<strong> hace falta una&nbsp;ficci\u00f3n que muestre nuestra cultura<\/strong>, que hable de nosotros, de nuestra identidad\u00bb.<\/p>\n<div class=\"sp__Normal embed-box embed-body-photo\" data-index=\"6\">\n<picture class=\"pointer\">\n<img class=\"img-expand\" width=\"100\" height=\"100\" loading=\"lazy\" src=\"http:\/\/cordobateve.net\/wp-content\/uploads\/2023\/04\/estrena-atav-2-con-el-sida-los-desaparecidos-y-la-recuperacion-de-la-democracia-como-eje-7.jpg\" alt=\"Federico D'El\u00eda, Justina Bustos, y Federico Amador, parte del nuevo elenco de ATAV. Foto: Prensa\/Agustina Rodr\u00edguez.\"><br \/>\n<span class=\"bt-expand\"><br \/>\n<svg class=\"ico white_mod\">\n<use class=\"use-expand\" xlink:href=\"#icon-expand\" \/>\n<\/svg><br \/>\n<\/span>\n<\/picture><figcaption>Federico D&#8217;El\u00eda, Justina Bustos, y Federico Amador, parte del nuevo elenco de ATAV. Foto: Prensa\/Agustina Rodr\u00edguez. <\/figcaption><\/div>\n<p>Las expectativas son muchas para todo el equipo: \u00abEstoy deseoso de que funcione bien, que la gente sienta que todo se hizo con conciencia, sobre todo porque se tratan temas muy delicados. Pero estamos contentos con el resultado. <strong>Es ficci\u00f3n de calidad, que entretiene<\/strong>\u00ab, asegura.<\/p>\n<p>Bustos opina lo mismo: \u00abEs muy importante, los tiempos cambian, algunas costumbres tambi\u00e9n, pero creo fuertemente en la ficci\u00f3n, en la novela, en la rutina que genera, en el encuentro. Elijo creer en el formato y apostar por \u00e9l\u00bb.<\/p>\n<p>Como parte de la apuesta, la actriz cree que \u00abArgentina necesita entretenimiento del bueno, del que te hace reflexionar, re\u00edr, enamorar, rememorar\u00bb. Y recuerda: \u00abEl a\u00f1o pasado me iba a dormir viendo entrevistas de los &#8217;80&nbsp;de <a target=\"_blank\" href=\"https:\/\/www.clarin.com\/tema\/china-zorrilla.html\" rel=\"noopener noreferrer\">China Zorrilla<\/a>, viendo escenas de <em>Esperando la carroza<\/em>. Hay algo tan aut\u00e9ntico que creo que es muy convocante. <strong>Espero que<em> ATAV2<\/em>&nbsp; llegue a los corazones como lleg\u00f3 al m\u00edo<\/strong>\u00ab.<\/p>\n<p>El fen\u00f3meno de las plataformas de <em>streaming <\/em>afect\u00f3 directamente a las producciones televisivas tradicionales. \u00abTodo cambi\u00f3 mucho, pero creo que hay que adaptarse\u00bb, dice Amador. \u00abEs adaptarse o morir. Yo estoy agradecido de tener laburo y siempre doy lo mejor de m\u00ed. Creo que siempre hay que estar abierto a lo que viene\u00bb.<\/p>\n<p>A su vez, D&#8217;El\u00eda asegura: \u00abEl regreso a la pantalla chica de una ficci\u00f3n de producci\u00f3n nacional es muy importante, porque genera trabajo, no s\u00f3lo para los actores y actrices que somos los menos, si no para toda la cantidad de gente que labura detr\u00e1s de c\u00e1mara, t\u00e9cnicos, del equipo de producci\u00f3n\u00bb. Y sostiene: \u00abDe ellos hablamos cuando hablamos de ficci\u00f3n nacional\u00bb.<\/p>\n<p><em>WD<\/em><\/p>\n<p> <span class=\"title-related\">Mir\u00e1 tambi\u00e9n<\/span> <\/p>\n","protected":false},"excerpt":{"rendered":"<p>Como una rareza en una televisi\u00f3n&nbsp;en la que escasea la ficci\u00f3n&nbsp;y, mucho m\u00e1s la local, Argentina, tierra de amor y venganza 2 (ATAV), debutar\u00e1 en la pantalla de eltrece, este lunes 10 de abril a las 22.15. Se trata de la segunda temporada de la tira de \u00e9poca que produce Polka, con personajes e historias [&hellip;]<\/p>\n","protected":false},"author":1,"featured_media":51742,"comment_status":"closed","ping_status":"closed","sticky":false,"template":"","format":"standard","meta":[],"categories":[2],"tags":[],"_links":{"self":[{"href":"http:\/\/cordobateve.net\/index.php\/wp-json\/wp\/v2\/posts\/51741"}],"collection":[{"href":"http:\/\/cordobateve.net\/index.php\/wp-json\/wp\/v2\/posts"}],"about":[{"href":"http:\/\/cordobateve.net\/index.php\/wp-json\/wp\/v2\/types\/post"}],"author":[{"embeddable":true,"href":"http:\/\/cordobateve.net\/index.php\/wp-json\/wp\/v2\/users\/1"}],"replies":[{"embeddable":true,"href":"http:\/\/cordobateve.net\/index.php\/wp-json\/wp\/v2\/comments?post=51741"}],"version-history":[{"count":0,"href":"http:\/\/cordobateve.net\/index.php\/wp-json\/wp\/v2\/posts\/51741\/revisions"}],"wp:featuredmedia":[{"embeddable":true,"href":"http:\/\/cordobateve.net\/index.php\/wp-json\/wp\/v2\/media\/51742"}],"wp:attachment":[{"href":"http:\/\/cordobateve.net\/index.php\/wp-json\/wp\/v2\/media?parent=51741"}],"wp:term":[{"taxonomy":"category","embeddable":true,"href":"http:\/\/cordobateve.net\/index.php\/wp-json\/wp\/v2\/categories?post=51741"},{"taxonomy":"post_tag","embeddable":true,"href":"http:\/\/cordobateve.net\/index.php\/wp-json\/wp\/v2\/tags?post=51741"}],"curies":[{"name":"wp","href":"https:\/\/api.w.org\/{rel}","templated":true}]}}