{"id":53011,"date":"2023-05-04T07:05:37","date_gmt":"2023-05-04T07:05:37","guid":{"rendered":"https:\/\/www.espinof.com\/actores-y-actrices\/chi-vaca-mono-humanoide-arturito-aquella-vez-que-star-wars-se-proyecto-festival-san-sebastian"},"modified":"2023-05-04T07:05:37","modified_gmt":"2023-05-04T07:05:37","slug":"chi-vaca-un-mono-humanoide-y-arturito-aquella-vez-que-star-wars-se-proyecto-en-el-festival-de-san-sebastian","status":"publish","type":"post","link":"http:\/\/cordobateve.net\/index.php\/2023\/05\/04\/chi-vaca-un-mono-humanoide-y-arturito-aquella-vez-que-star-wars-se-proyecto-en-el-festival-de-san-sebastian\/","title":{"rendered":"Ch\u00ed Vaca, un mono humanoide y Arturito: aquella vez que &#8216;Star Wars&#8217; se proyect\u00f3 en el Festival de San Sebasti\u00e1n"},"content":{"rendered":"<p>Hoy por hoy, cada estreno relacionado con <a href=\"https:\/\/www.espinof.com\/listas\/star-wars-que-orden-conviene-ver-todas-peliculas-series-saga\">&#8216;Star wars&#8217;<\/a> es <strong>todo un fen\u00f3meno medi\u00e1tico<\/strong>. De hecho, cuando llegamos al estreno de la pel\u00edcula o la serie de turno, es posible que ya sepamos el nombre de todos los personajes, la trama, c\u00f3mo prepara el futuro y alguna que otra sorpresa. Sin embargo, <strong>en 1977, Espa\u00f1a asist\u00eda at\u00f3nita a la llegada de robots, monstruos y espadas l\u00e1ser<\/strong> paseando por La Concha en su m\u00e1s que pol\u00e9mico estreno&#8230; \u00a1En el <a href=\"https:\/\/www.espinof.com\/listas\/festival-san-sebastian-2022-mejores-peliculas\">Festival de San Sebasti\u00e1n<\/a>!<\/p>\n<p><!-- BREAK 1 --><\/p>\n<div class=\"article-asset article-asset-normal article-asset-center\">\n<div class=\"desvio-container\">\n<div class=\"desvio\">\n<div class=\"desvio-figure js-desvio-figure\"> <a href=\"https:\/\/www.espinof.com\/listas\/star-wars-todas-peliculas-saga-ordenadas-peor-mejor\"> <img alt=\"Star Wars: todas las pel\u00edculas de la saga ordenadas de peor a mejor\" src=\"http:\/\/cordobateve.net\/wp-content\/uploads\/2023\/05\/chi-vaca-un-mono-humanoide-y-arturito-aquella-vez-que-star-wars-se-proyecto-en-el-festival-de-san-sebastian.jpg\"> <\/a> <\/div><\/div><\/div>\n<\/div>\n<h2>Star Wards<\/h2>\n<p>Luis Gasca formaba parte de la comisi\u00f3n de selecci\u00f3n de pel\u00edculas del <a href=\"https:\/\/www.espinof.com\/criticas\/festival-san-sebastian-2022-reyes-mundo-ganadora-concha-oro-fabulosa-epopeya-fin-inocencia-margenes-sociedad\">Zinemaldia<\/a> cuando, de la noche a la ma\u00f1ana y en junio, solo a unos meses de poner la alfombra roja, <strong>recibi\u00f3 la noticia de que era el nuevo director.<\/strong> Miguel Echarri, el director de entonces, se hab\u00eda puesto malo, y algo hab\u00eda que hacer. Cuando el 10 de septiembre se abri\u00f3 el festival, <strong>hab\u00eda unas cuantas sorpresas para los asistentes<\/strong>: <a href=\"https:\/\/www.espinof.com\/criticas\/novecento-ambicioso-lienzo-inacabado-bernardo-bertolucci-proporciona-experiencia-unica\">&#8216;Novecento&#8217;<\/a>, &#8216;Tama\u00f1o natural&#8217;, <a href=\"https:\/\/www.espinof.com\/cine-europeo\/cine-y-polemica-salo-o-los-120-dias-de-sodoma\">&#8216;Sal\u00f3 o los 120 d\u00edas de Sodoma&#8217;<\/a> (prohibida hasta ese momento en Espa\u00f1a), &#8216;Ese oscuro objeto del deseo&#8217; y&#8230; &#8216;La guerra de las galaxias&#8217;.<\/p>\n<p><!-- BREAK 2 --> <\/p>\n<p>Fue una operaci\u00f3n imposible en el \u00faltimo momento que contra todo pron\u00f3stico sali\u00f3 bien e instaur\u00f3 una mirada distinta sobre el Festival: <strong>un lugar en el que todo tipo de cine ten\u00eda cabida, y no solo el m\u00e1s intelectual.<\/strong> Con el entusiasmo propio de los nuevos proyectos, Gasca y su equipo acabaron invitando a <a href=\"https:\/\/www.espinof.com\/tag\/harrison-ford\">Harrison Ford<\/a> y <a href=\"https:\/\/www.espinof.com\/tag\/carrie-fisher\">Carrie Fisher<\/a>, que, <strong>en un momento de fantas\u00eda que ya quisiera George Lucas<\/strong>, coincidieron en la misma ciudad con <a href=\"https:\/\/www.espinof.com\/directores-y-guionistas\/luis-bunuel-el-mas-universal-cineasta-espanol\">Luis Bu\u00f1uel<\/a>.<\/p>\n<p><!-- BREAK 3 --><\/p>\n<div class=\"article-asset-image article-asset-normal article-asset-center\">\n<div class=\"asset-content\">\n<div class=\"base-wrapper-image\"> <img class=\"sf-lazy centro_sinmarco\" src=\"http:\/\/cordobateve.net\/wp-content\/uploads\/2023\/05\/chi-vaca-un-mono-humanoide-y-arturito-aquella-vez-que-star-wars-se-proyecto-en-el-festival-de-san-sebastian.gif\" data-sf-srcset=\"http:\/\/cordobateve.net\/wp-content\/uploads\/2023\/05\/chi-vaca-un-mono-humanoide-y-arturito-aquella-vez-que-star-wars-se-proyecto-en-el-festival-de-san-sebastian-1.jpg 450w, http:\/\/cordobateve.net\/wp-content\/uploads\/2023\/05\/chi-vaca-un-mono-humanoide-y-arturito-aquella-vez-que-star-wars-se-proyecto-en-el-festival-de-san-sebastian-3.jpg 681w,http:\/\/cordobateve.net\/wp-content\/uploads\/2023\/05\/chi-vaca-un-mono-humanoide-y-arturito-aquella-vez-que-star-wars-se-proyecto-en-el-festival-de-san-sebastian-4.jpg 1024w, http:\/\/cordobateve.net\/wp-content\/uploads\/2023\/05\/chi-vaca-un-mono-humanoide-y-arturito-aquella-vez-que-star-wars-se-proyecto-en-el-festival-de-san-sebastian-5.jpg 1366w,\" data-sf-src=\"http:\/\/cordobateve.net\/wp-content\/uploads\/2023\/05\/chi-vaca-un-mono-humanoide-y-arturito-aquella-vez-que-star-wars-se-proyecto-en-el-festival-de-san-sebastian-1.jpg\" alt=\"Harrison Ford\"> <noscript><img alt=\"Harrison Ford\" class=\"centro_sinmarco\" src=\"http:\/\/cordobateve.net\/wp-content\/uploads\/2023\/05\/chi-vaca-un-mono-humanoide-y-arturito-aquella-vez-que-star-wars-se-proyecto-en-el-festival-de-san-sebastian-1.jpg\"><\/noscript> <\/div><\/div>\n<\/div>\n<p>El camino no fue f\u00e1cil: Gasca tuvo que ir hasta Los Angeles para hablar con George Lucas y Gary Kurtz y pedirles que la pel\u00edcula representara a Estados Unidos. <strong>Ambos le dejaron bien claro que &#8216;La guerra de las galaxias&#8217; no pertenec\u00eda a un festival como el de Donosti. Ni hablar.<\/strong> Era una locura. Y lo fue: parte del p\u00fablico lo acogi\u00f3 con recelo (\u00abEra un crimen de lesa majestad para la cr\u00edtica biempensante de la \u00e9poca\u00bb, comentaba el exdirector en <a href=\"https:\/\/www.deia.eus\/cultura\/2019\/12\/23\/luis-gasca-escandalo-mediatico-star-4735119.html\">Deia<\/a>) y algunos medios ni siquiera se preocuparon en escribir bien su nombre, <strong>llam\u00e1ndola &#8216;Star Wards&#8217;<\/strong>, o confund\u00edan a Harrison Ford con Mark Hamill. Total, \u00bfqui\u00e9n se acordar\u00eda de esta pel\u00edcula unos a\u00f1os despu\u00e9s?<\/p>\n<p><!-- BREAK 4 --><\/p>\n<h2>Arturito y sus cosas<\/h2>\n<p>Se dice que en el estreno del Festival, <strong>el 17 de septiembre a las 9 de la ma\u00f1ana<\/strong>, el p\u00fablico estuvo totalmente en silencio&#8230; hasta que al final se levant\u00f3 para aplaudir. Un alivio general que sirvi\u00f3 para abrirse a nuevas propuestas como las que hoy disfrutamos (no hace tanto que pudimos ver <a href=\"https:\/\/www.espinof.com\/criticas\/joker-arrollador-descenso-a-infiernos-mente-catapultado-a-gloria-joaquin-phoenix\">&#8216;Joker&#8217;<\/a>, por ejemplo). <strong>El runr\u00fan lleg\u00f3 a los cines y, de hecho, se llegaron a realizar psicotr\u00f3picas presentaciones<\/strong> como esta en TVE de manos de Alfonso Eduardo, que les dedic\u00f3 un especial:<\/p>\n<p><!-- BREAK 5 --><\/p>\n<blockquote><p>Esta es la m\u00e1scara de Ch\u00ed Vaca, un mono humanoide, la m\u00e1scara de Lord Darth Vader, la m\u00e1scara de Ci Zri Pi Ou&#8230; Este es el que a partir de ahora ser\u00e1 conocido en Espa\u00f1a como Arturito. Su nombre original es El Do Ci Ou.<\/p><\/blockquote>\n<p>Cierto es que <strong>en Latinoam\u00e9rica los robots son conocidos com\u00fanmente como Citripio, Arturito y Bebocho <\/strong>(lo hab\u00e9is adivinado, BB-8), pero en Espa\u00f1a la cosa no cuaj\u00f3. Por suerte. De aquel festival de Donosti, por cierto, se cuenta que Harrison Ford y Carrie Fisher tuvieron algo m\u00e1s que presentaciones de pel\u00edculas y el equipo de la cinta qued\u00f3 tan a gusto que el estreno mundial de <a href=\"https:\/\/www.espinof.com\/criticas\/star-wars-ascenso-skywalker-gran-traca-final-obsesionada-responder-todas-dudas-fans\">&#8216;El ascenso de Skywalker&#8217;<\/a> tuvo lugar en el mismo Teatro Victoria Eugenia. <strong>\u00bfQui\u00e9n iba a decir que una galaxia muy, muy lejana tendr\u00eda ra\u00edces vascas?<\/strong><\/p>\n<p><!-- BREAK 6 --><\/p>\n<p>En Espinof | <a href=\"https:\/\/www.espinof.com\/otros\/heroe-guerra-payaso-e-inutil-bonachon-historia-jar-jar-binks-personaje-odiado-star-wars-su-digno-final\">H\u00e9roe de guerra, payaso e in\u00fatil bonach\u00f3n: la historia de Jar Jar Binks, el personaje m\u00e1s odiado de &#8216;Star Wars&#8217;, y su digno final<\/a><\/p>\n<p><!-- BREAK 7 --> <\/p>\n","protected":false},"excerpt":{"rendered":"<p>Hoy por hoy, cada estreno relacionado con &#8216;Star wars&#8217; es todo un fen\u00f3meno medi\u00e1tico. De hecho, cuando llegamos al estreno de la pel\u00edcula o la serie de turno, es posible que ya sepamos el nombre de todos los personajes, la trama, c\u00f3mo prepara el futuro y alguna que otra sorpresa. Sin embargo, en 1977, Espa\u00f1a [&hellip;]<\/p>\n","protected":false},"author":1,"featured_media":53012,"comment_status":"closed","ping_status":"closed","sticky":false,"template":"","format":"standard","meta":[],"categories":[24],"tags":[],"_links":{"self":[{"href":"http:\/\/cordobateve.net\/index.php\/wp-json\/wp\/v2\/posts\/53011"}],"collection":[{"href":"http:\/\/cordobateve.net\/index.php\/wp-json\/wp\/v2\/posts"}],"about":[{"href":"http:\/\/cordobateve.net\/index.php\/wp-json\/wp\/v2\/types\/post"}],"author":[{"embeddable":true,"href":"http:\/\/cordobateve.net\/index.php\/wp-json\/wp\/v2\/users\/1"}],"replies":[{"embeddable":true,"href":"http:\/\/cordobateve.net\/index.php\/wp-json\/wp\/v2\/comments?post=53011"}],"version-history":[{"count":0,"href":"http:\/\/cordobateve.net\/index.php\/wp-json\/wp\/v2\/posts\/53011\/revisions"}],"wp:featuredmedia":[{"embeddable":true,"href":"http:\/\/cordobateve.net\/index.php\/wp-json\/wp\/v2\/media\/53012"}],"wp:attachment":[{"href":"http:\/\/cordobateve.net\/index.php\/wp-json\/wp\/v2\/media?parent=53011"}],"wp:term":[{"taxonomy":"category","embeddable":true,"href":"http:\/\/cordobateve.net\/index.php\/wp-json\/wp\/v2\/categories?post=53011"},{"taxonomy":"post_tag","embeddable":true,"href":"http:\/\/cordobateve.net\/index.php\/wp-json\/wp\/v2\/tags?post=53011"}],"curies":[{"name":"wp","href":"https:\/\/api.w.org\/{rel}","templated":true}]}}