{"id":53522,"date":"2023-05-12T15:15:45","date_gmt":"2023-05-12T15:15:45","guid":{"rendered":"https:\/\/www.clarin.com\/espectaculos\/tv\/eternauta-netflix-increible-trailer-elenco-serie-protagonizara-ricardo-darin_0_GlJetyo8ct.html"},"modified":"2023-05-12T15:15:45","modified_gmt":"2023-05-12T15:15:45","slug":"el-eternauta-de-netflix-asi-es-el-increible-trailer-y-el-elenco-de-la-serie-que-protagonizara-ricardo-darin","status":"publish","type":"post","link":"http:\/\/cordobateve.net\/index.php\/2023\/05\/12\/el-eternauta-de-netflix-asi-es-el-increible-trailer-y-el-elenco-de-la-serie-que-protagonizara-ricardo-darin\/","title":{"rendered":"El Eternauta, de Netflix: as\u00ed es el incre\u00edble tr\u00e1iler y el elenco de la serie que protagonizar\u00e1 Ricardo Dar\u00edn"},"content":{"rendered":"<p><img src=\"http:\/\/cordobateve.net\/wp-content\/uploads\/2023\/05\/el-eternauta-de-netflix-asi-es-el-increible-trailer-y-el-elenco-de-la-serie-que-protagonizara-ricardo-darin.jpg\"><\/p>\n<p>La serie de<em> <\/em><a data-cke-saved-href=\"https:\/\/www.clarin.com\/espectaculos\/tv\/eternauta-historieta-ricardo-darin-hara-serie-netflix_0_XeZEUGABm7.html\" target=\"_blank\" href=\"https:\/\/www.clarin.com\/espectaculos\/tv\/eternauta-historieta-ricardo-darin-hara-serie-netflix_0_XeZEUGABm7.html\" rel=\"noopener noreferrer\">El Eternauta<\/a><em> <\/em>empieza a hacerse realidad: comenz\u00f3 su rodaje en Buenos Aires de la primera adaptaci\u00f3n audiovisual de la ic\u00f3nica historieta de <strong>H\u00e9ctor Germ\u00e1n Oesterheld<\/strong>, ilustrada por <strong>Francisco Solano L\u00f3pez<\/strong>. Ser\u00e1 una versi\u00f3n contempor\u00e1nea realizada por<a data-cke-saved-href=\"https:\/\/www.clarin.com\/espectaculos\/cine\/10-mejores-peliculas-netflix-2022_0_FWveLPbwtn.html\" target=\"_blank\" href=\"https:\/\/www.clarin.com\/espectaculos\/cine\/10-mejores-peliculas-netflix-2022_0_FWveLPbwtn.html\" rel=\"noopener noreferrer\"> Netflix<\/a> junto a K&amp;S Films, con <a data-cke-saved-href=\"https:\/\/www.clarin.com\/espectaculos\/cine\/oscar-2023-ricardo-darin-pregunta-merezco-_0_AfL9Qqul9c.html\" target=\"_blank\" href=\"https:\/\/www.clarin.com\/espectaculos\/cine\/oscar-2023-ricardo-darin-pregunta-merezco-_0_AfL9Qqul9c.html\" rel=\"noopener noreferrer\">Ricardo Dar\u00edn<\/a> en el rol protag\u00f3nico y bajo la direcci\u00f3n de <strong>Bruno Stagnaro<\/strong>.<\/p>\n<p><strong>Ricardo Dar\u00edn<\/strong> est\u00e1 en un momento en que convierte en oro todo lo que toca. Todos quieren&nbsp;trabajar&nbsp;con \u00e9l, as\u00ed que&nbsp;luego del \u00e9xito de<em> Argentina, 1985<\/em>, el actor protagonizar\u00e1 la serie y&nbsp;estar\u00e1 envuelto en el&nbsp;futuro dist\u00f3pico de&nbsp;una Buenos Aires cubierta de nieve radioactiva.<\/p>\n<p>Despu\u00e9s de una nevada mortal que mata a millones,<strong> Juan Salvo <\/strong>junto a un grupo de sobrevivientes, lucha contra una amenaza alien\u00edgena, controlada por una fuerza invisible.<\/p>\n<div class=\"sp__Normal embed-box embed-body-photo\" data-index=\"1\">\n<picture class=\"pointer\">\n<img class=\"img-expand\" width=\"100\" height=\"100\" loading=\"lazy\" src=\"http:\/\/cordobateve.net\/wp-content\/uploads\/2023\/05\/el-eternauta-de-netflix-asi-es-el-increible-trailer-y-el-elenco-de-la-serie-que-protagonizara-ricardo-darin-2.jpg\" alt=\"El elenco de &quot;El Eternauta&quot;, con Ricardo Dar\u00edn en el centro. Foto Alan Roskyn\/Netflix\"><br \/>\n<span class=\"bt-expand\"><br \/>\n<svg class=\"ico white_mod\">\n<use class=\"use-expand\" xlink:href=\"#icon-expand\" \/>\n<\/svg><br \/>\n<\/span>\n<\/picture><figcaption>El elenco de \u00abEl Eternauta\u00bb, con Ricardo Dar\u00edn en el centro. Foto Alan Roskyn\/Netflix <\/figcaption><\/div>\n<h2>El Eternauta, de Netflix: uno por uno, qui\u00e9nes son los actores que participar\u00e1n de&nbsp;la serie<\/h2>\n<p> <strong>Ricardo Dar\u00edn interpretar\u00e1 a Juan Salvo<\/strong>, siendo \u00e9ste su debut en una producci\u00f3n original de Netflix. Adem\u00e1s se suman al elenco: <strong>Carla Peterson<\/strong>, C\u00e9sar Troncoso, Andrea Pietra, Ariel Staltari, <strong>Marcelo Subiotto<\/strong>, Claudio Mart\u00ednez Bel, Orianna C\u00e1rdenas y Mora Fisz, entre otros actores y actrices.<\/p>\n<p>Se inform\u00f3 que la serie contar\u00e1 con<strong> seis&nbsp;episodios<\/strong> y fue coescrita por&nbsp;Stagnaro y <strong>Ariel Staltari<\/strong>.&nbsp;Su rodaje se llevar\u00e1 a cabo en locaciones y sets de Buenos Aires.<\/p>\n<p>\u00abEs <strong>un proyecto enorme y muy complejo<\/strong>, es una versi\u00f3n aggiornada que pretende tener un alcance m\u00e1s all\u00e1 de las fronteras de nuestro pa\u00eds. Est\u00e1 basada en el c\u00f3mic real, pero hay una nueva versi\u00f3n y estamos todos muy entusiasmados y movilizados\u00bb, confirm\u00f3 Dar\u00edn en una entrevista reciente.<\/p>\n<div class=\"sp__Normal embed-box embed-body-photo\" data-index=\"2\">\n<picture class=\"pointer\">\n<img class=\"img-expand\" width=\"100\" height=\"100\" loading=\"lazy\" src=\"http:\/\/cordobateve.net\/wp-content\/uploads\/2023\/05\/el-eternauta-de-netflix-asi-es-el-increible-trailer-y-el-elenco-de-la-serie-que-protagonizara-ricardo-darin-3.jpg\" alt=\"Ricardo Dar\u00edn, como Juan Salvo en &quot; El Eternauta&quot;. Foto Netflix\"><br \/>\n<span class=\"bt-expand\"><br \/>\n<svg class=\"ico white_mod\">\n<use class=\"use-expand\" xlink:href=\"#icon-expand\" \/>\n<\/svg><br \/>\n<\/span>\n<\/picture><figcaption>Ricardo Dar\u00edn, como Juan Salvo en \u00bb El Eternauta\u00bb. Foto Netflix <\/figcaption><\/div>\n<p>Bruno Stagnaro, director y responsable del gui\u00f3n, dijo: \u00abPara m\u00ed El Eternauta <strong>representa a mi viejo<\/strong> tray\u00e9ndome los fasc\u00edculos semanales de los c\u00f3mics. Creo que fue de las primeras cosas que le\u00ed completas en mi vida, a los 10 a\u00f1os y tuvo una profunda influencia en mi manera de entender la ficci\u00f3n hecha en mi pa\u00eds\u00bb.<\/p>\n<p>Y agreg\u00f3: \u00abLa sensaci\u00f3n que me dej\u00f3 esa primera lectura me acompa\u00f1\u00f3 toda la vida y, de alguna manera, tuvo una gran influencia en lo que hice despu\u00e9s\u2026 en donde<strong> la ciudad es una presencia viva<\/strong>, casi como un personaje m\u00e1s\u00bb.<\/p>\n<p><strong>Mart\u00edn M. Oesterheld<\/strong>, nieto del autor y guionista de la obra original, quien participa como consultor creativo, se sum\u00f3: \u00abHace algunos a\u00f1os que estamos trabajando con Bruno en el desarrollo de los guiones de su adaptaci\u00f3n. La historia de la resistencia de Juan Salvo y su valiente grupo de combatientes es un desaf\u00edo para todo el medio audiovisual argentino: ciencia ficci\u00f3n con mirada local, &#8216;desde este Hemisferio Austral que tambi\u00e9n forma parte del planeta, dir\u00eda mi querid\u00edsimo abuelo\u00bb.<\/p>\n<div class=\"sp__Normal embed-box embed-body-photo\" data-index=\"3\">\n<picture class=\"pointer\">\n<img class=\"img-expand\" width=\"100\" height=\"100\" loading=\"lazy\" src=\"http:\/\/cordobateve.net\/wp-content\/uploads\/2023\/05\/el-eternauta-de-netflix-asi-es-el-increible-trailer-y-el-elenco-de-la-serie-que-protagonizara-ricardo-darin-4.jpg\" alt=\"Ricardo Dar\u00edn y el Eternauta. La serie de Netflix tendr\u00e1 seis episodios.\"> <span class=\"bt-expand\"><br \/>\n<svg class=\"ico white_mod\">\n<use class=\"use-expand\" xlink:href=\"#icon-expand\" \/>\n<\/svg><br \/>\n<\/span>\n<\/picture><figcaption>Ricardo Dar\u00edn y el Eternauta. La serie de Netflix tendr\u00e1 seis episodios. <\/figcaption><\/div>\n<p>A su vez,<em> <\/em><strong>Mat\u00edas Mosteirin<\/strong>, productor ejecutivo de <em>K&amp;S Films<\/em>, sostiene que producir <em>El Eternauta <\/em>\u00abes un enorme <strong>desaf\u00edo, t\u00e9cnico y art\u00edstico<\/strong>, y conlleva una gran responsabilidad, por eso estamos trabajando con los mejores, con profesionales argentinos de enorme talento y con un gran autor y director como lo es Bruno. Hace a\u00f1os trabajamos en el desarrollo de este proyecto para asegurarnos que estuviera a la altura de la calidad de la obra. <strong>Comenzar el rodaje es la materializaci\u00f3n de un sue\u00f1o<\/strong>\u00ab.<\/p>\n<h2>C\u00f3mo es el Eternauta, el c\u00f3mic que adaptar\u00e1 Netflix<br \/><\/h2>\n<p><em>El Eternauta <\/em>comienza con un juego metaficcional. Un guionista, alter ego de Oesterheld, ve corporizarse a un viajero en el tiempo: El Eternauta, Juan Salvo, quien le cuenta<strong> una historia apocal\u00edptica <\/strong>de la que fue\/es protagonista y que ocurri\u00f3\/va a ocurrir en una Buenos Aires devastada por alien\u00edgenas.<\/p>\n<p> El relato de Salvo empieza con \u00e9l, su esposa, su hija y un grupo de amigos viendo caer, desde un chalet de Vicente L\u00f3pez, una nevada letal que ha matado a gran parte de la poblaci\u00f3n.<\/p>\n<div class=\"sp__Normal embed-box embed-body-photo\" data-index=\"4\">\n<picture class=\"pointer\">\n<img class=\"img-expand\" width=\"100\" height=\"100\" loading=\"lazy\" src=\"http:\/\/cordobateve.net\/wp-content\/uploads\/2023\/05\/el-eternauta-de-netflix-asi-es-el-increible-trailer-y-el-elenco-de-la-serie-que-protagonizara-ricardo-darin-5.jpg\" alt=\"Juan Salvo, el protagonista del c\u00f3mic &quot;El Eternauta&quot;, de H\u00e9ctor G. Oesterheld y Francisco Solano L\u00f3pez.\"><br \/>\n<span class=\"bt-expand\"><br \/>\n<svg class=\"ico white_mod\">\n<use class=\"use-expand\" xlink:href=\"#icon-expand\" \/>\n<\/svg><br \/>\n<\/span>\n<\/picture><figcaption>Juan Salvo, el protagonista del c\u00f3mic \u00abEl Eternauta\u00bb, de H\u00e9ctor G. Oesterheld y Francisco Solano L\u00f3pez. <\/figcaption><\/div>\n<p>En el primer tramo de esta tira, de la que Oesterheld ten\u00eda una idea general pero que iba definiendo en cada entrega, <strong>los personajes intentan sobrevivir a lo que parece una cat\u00e1strofe natural<\/strong>. Son n\u00e1ufragos rodeados de muerte. Luego, entender\u00e1n que se trata de una invasi\u00f3n extraterrestre.<\/p>\n<p>Buenos Aires, donde se suceder\u00e1n batallas \u00e9picas en lugares reconocibles, como la cancha de River, no es una mera locaci\u00f3n caprichosa. El esp\u00edritu de \u00e9poca, la idiosincrasia popular y <strong>algunos datos de la realidad nacional impregnan cada cuadro<\/strong> (en algunas paredes hay pintadas llamando a votar a Arturo Frondizi, que se convertir\u00eda en presidente en 1958, con el peronismo proscripto).<\/p>\n<p><em>WD<\/em><\/p>\n<p> <span class=\"title-related\">Mir\u00e1 tambi\u00e9n<\/span> <\/p>\n","protected":false},"excerpt":{"rendered":"<p>La serie de El Eternauta empieza a hacerse realidad: comenz\u00f3 su rodaje en Buenos Aires de la primera adaptaci\u00f3n audiovisual de la ic\u00f3nica historieta de H\u00e9ctor Germ\u00e1n Oesterheld, ilustrada por Francisco Solano L\u00f3pez. Ser\u00e1 una versi\u00f3n contempor\u00e1nea realizada por Netflix junto a K&amp;S Films, con Ricardo Dar\u00edn en el rol protag\u00f3nico y bajo la direcci\u00f3n [&hellip;]<\/p>\n","protected":false},"author":1,"featured_media":53523,"comment_status":"closed","ping_status":"closed","sticky":false,"template":"","format":"standard","meta":[],"categories":[2],"tags":[],"_links":{"self":[{"href":"http:\/\/cordobateve.net\/index.php\/wp-json\/wp\/v2\/posts\/53522"}],"collection":[{"href":"http:\/\/cordobateve.net\/index.php\/wp-json\/wp\/v2\/posts"}],"about":[{"href":"http:\/\/cordobateve.net\/index.php\/wp-json\/wp\/v2\/types\/post"}],"author":[{"embeddable":true,"href":"http:\/\/cordobateve.net\/index.php\/wp-json\/wp\/v2\/users\/1"}],"replies":[{"embeddable":true,"href":"http:\/\/cordobateve.net\/index.php\/wp-json\/wp\/v2\/comments?post=53522"}],"version-history":[{"count":0,"href":"http:\/\/cordobateve.net\/index.php\/wp-json\/wp\/v2\/posts\/53522\/revisions"}],"wp:featuredmedia":[{"embeddable":true,"href":"http:\/\/cordobateve.net\/index.php\/wp-json\/wp\/v2\/media\/53523"}],"wp:attachment":[{"href":"http:\/\/cordobateve.net\/index.php\/wp-json\/wp\/v2\/media?parent=53522"}],"wp:term":[{"taxonomy":"category","embeddable":true,"href":"http:\/\/cordobateve.net\/index.php\/wp-json\/wp\/v2\/categories?post=53522"},{"taxonomy":"post_tag","embeddable":true,"href":"http:\/\/cordobateve.net\/index.php\/wp-json\/wp\/v2\/tags?post=53522"}],"curies":[{"name":"wp","href":"https:\/\/api.w.org\/{rel}","templated":true}]}}