{"id":53950,"date":"2023-05-21T06:53:31","date_gmt":"2023-05-21T06:53:31","guid":{"rendered":"http:\/\/cordobateve.net\/index.php\/2023\/05\/21\/entre-el-poder-y-la-busqueda-de-la-identidad\/"},"modified":"2023-05-21T06:53:31","modified_gmt":"2023-05-21T06:53:31","slug":"entre-el-poder-y-la-busqueda-de-la-identidad","status":"publish","type":"post","link":"http:\/\/cordobateve.net\/index.php\/2023\/05\/21\/entre-el-poder-y-la-busqueda-de-la-identidad\/","title":{"rendered":"Entre el poder y la b\u00fasqueda de la identidad"},"content":{"rendered":"<div class=\"media_block\"><\/div>\n<div><img src=\"http:\/\/cordobateve.net\/wp-content\/uploads\/2023\/05\/entre-el-poder-y-la-busqueda-de-la-identidad.jpg\" class=\"ff-og-image-inserted\"><\/div>\n<p>Se estren\u00f3 Brutus, texto creado por Oscar Barney Finn y Marcelo Zapata, con direcci\u00f3n del primero. La historia romana cobra universalidad en el teatro Payr\u00f3 los viernes y s\u00e1bados a las 20 horas, con las actuaciones de Paulo Brunetti, Ana Yovino, Carlos Kaspar, Nelson Rueda, Beatriz Dellacasa, Mariano Madrazo y Joaqu\u00edn Cejas.<\/p>\n<p>Con una importante trayectoria no s\u00f3lo en los escenarios sino tambi\u00e9n en el cine y la televisi\u00f3n Barney Finn quiso contar esta historia. Subraya: \u201cPara m\u00ed fue muy importante encontrarme con Marcelo (Zapata) y poder trabajar este texto con \u00e9l. No todos tienen el bagaje cultural que avale lo que uno busca hacer dram\u00e1ticamente. Habl\u00e9 con algunas personas pero encontr\u00e9 muy dif\u00edcil la colaboraci\u00f3n, les es dif\u00edcil el intercambio. Soy muy obsesivo con las lecturas e investigaciones, m\u00e1s all\u00e1 del resultado final.\u201d<\/p>\n<p>\u2014\u00bfPor qu\u00e9 hoy este personaje?<\/p>\n<p>\u2014Fue un proceso muy apasionante. Empec\u00e9 en el 2007, quer\u00eda hacer Julio C\u00e9sar de Shakespeare y cuando leo el an\u00e1lisis que hace Harold Bloom en La invenci\u00f3n de lo humano, donde asegura que la acci\u00f3n pasa por Brutus me decid\u00ed. Ya me hab\u00eda pasado con aquella pel\u00edcula Julio C\u00e9sar de Joseph L. Mankiewicz con Marlon Brando, John Gielgud y James Mason, me apasion\u00f3 aquel Bruto. As\u00ed me fui encontrando que quer\u00eda hacer una obra de c\u00e1mara, una ceremonia y no una propuesta hist\u00f3rica.<\/p>\n<p>\u2014La obra se focaliza en el asesinato de Julio C\u00e9sar, el antes y el despu\u00e9s del crimen. \u00bfInfluy\u00f3 lo que sucedi\u00f3 el a\u00f1o pasado con la vicepresidenta?<\/p>\n<p>\u2014 (Se r\u00ede) Nada que ver. Eso es lo interesante, los espectadores podr\u00e1n interpretar como quiera. La gente no sabe leer que esos cr\u00edmenes, como el de Julio C\u00e9sar, fueron in\u00fatiles. En este caso, la rueda vuelve, termina la rep\u00fablica y llega el imperio. El motivo central del asesinato no perdur\u00f3. En nuestro texto tambi\u00e9n est\u00e1 la b\u00fasqueda de la identidad de Brutus, ya que \u00e9l tiene la incertidumbre de si Julio C\u00e9sar era o no su padre. Esa es una de las pocas frases que mantuvimos de Shakespeare, cuando se dice: \u201ct\u00fa tambi\u00e9n, hijo m\u00edo\u201d cuando lo mata con el pu\u00f1al. Aparecen dos mujeres de gran car\u00e1cter, su mujer y su esposa, infrecuentes para esa \u00e9poca romana.&nbsp;<\/p>\n<p>\u2014\u00bfLa relaci\u00f3n entre Julio C\u00e9sar y Brutus est\u00e1 en la historia?<\/p>\n<p>\u2014Efectivamente, en la historia existe la duda de si Brutus era o no hijo de Julio C\u00e9sar. Hay mucha literatura y textos referidos a este tema. Siempre qued\u00f3 la duda, no hay certezas.&nbsp;<\/p>\n<p>\u2014Hay una frase: \u201cla moral en ciertas circunstancias es un lujo que no nos podemos dar\u201d. \u00bfEs as\u00ed?&nbsp;<\/p>\n<p>\u2014\u00bfEso no ocurre en la pol\u00edtica y en la vida? \u00bfToda la gente tiene moral? Vivimos en la inmoralidad muy a menudo en peque\u00f1as cosas, que a lo mejor no nos damos cuenta. Por eso me parece interesante remarcar algunos temas. En el camino encontr\u00e9 este personaje que me interes\u00f3.&nbsp;<\/p>\n<p>\u2014Dirigiste a actores de la talla de Alberto de Mendoza o Eva Franco. \u00bfSent\u00eds diferencias con estas nuevas generaciones?<\/p>\n<p>\u2014Todos eran apasionados por lo que hac\u00edan, mejores o peores, m\u00e1s o menos quisquillosos, pero creo que los que est\u00e1n trabajando ahora conmigo tambi\u00e9n tienen pasi\u00f3n. Ser\u00eda imposible embarcarse en un espect\u00e1culo que no te guste. Era otra \u00e9poca, aquellos pertenecieron a otra etapa. Ten\u00edan condiciones de vida que les permit\u00eda vivir del teatro o del cine. Hoy el que te brinda su tiempo hace doble o triple sacrificio, porque debe compartirlo con otras propuestas. &nbsp;\u00bfC\u00f3mo no voy a respetar, admirar y proteger en lo que pueda a esta gente que se saca su tiempo para seguirte en una propuesta de este tipo, sin seguridad econ\u00f3mica? O cuando te convoca un teatro oficial donde hay sueldos fijos, hay int\u00e9rpretes que viven entre el Cervantes y el San Mart\u00edn. Reconozco m\u00e1s a este elenco que se pone al hombro esta mochila y lucha con vos.<\/p>\n<p>\u201cNo me resigno a los unipersonales y a las comedias\u201d<\/p>\n<p>Con sus 84 a\u00f1os Oscar Barney Finn elige qu\u00e9 hacer y con qui\u00e9nes trabaja hoy: \u201cSiempre me encuentro con int\u00e9rpretes apasionados, desde Marta Lubos, cuando hizo El diccionario y ahora Paulo Brunetti, quien me ayud\u00f3 a levantar esta producci\u00f3n de Brutus.\u201d<\/p>\n<p>Contin\u00faa: \u201cEl p\u00fablico cambi\u00f3 pero cuando hay buenos espect\u00e1culos la gente va, como ahora pasa con H\u00e9ctor Alterio diciendo textos de C\u00e9sar Vallejo. Entiendo a los productores de la experiencia de Julio Gallo o Carlos Rottemberg sosteniendo sus teatros, tambi\u00e9n hay nuevas camadas como la de Pablo Kompel o Sebasti\u00e1n Blutrach. Tambi\u00e9n admiro a quienes sostienen salas independientes como Alejandro Samek con Andamio 90 o Roberto Castro con El Port\u00f3n de S\u00e1nchez. No me resigno a que nos condicionen. Creo que tenemos que ir m\u00e1s all\u00e1 de las comedias. Incluso durante la postpandemia nos plagamos de unipersonales y humor\u201d.&nbsp;<\/p>\n<p>Cuando se le pregunta si lo convocaron a dirigir un teatro oficial es rotundo: \u201cNunca me lo ofrecieron, pero tampoco hubiera aceptado. Quisiera en estos puestos gente preparada, que sepa dialogar con los que hacen la vida art\u00edstica y que se alejen de la soberbia. Extra\u00f1o a Kive Staiff, quien siempre apoy\u00f3 la cultura. Las veces que tuve funciones p\u00fablicas, como cuando cre\u00e9 la carrera de imagen y sonido en la UBA o estuve en el directorio del Fondo Nacional de las Artes o integr\u00e9 el consejo asesor del INCAA o la direcci\u00f3n art\u00edstica del Festival de Mar del Plata, me dejaron bien pero un poco maltrecho. Ahora estoy preparando un documental ficcional sobre Beatriz Guido, a quien conoc\u00ed y estamos en el a\u00f1o de su centenario\u201d.<\/p>\n<div class=\"noticias-relacionadas\" readability=\"0.58648648648649\">\n<p>Tambi\u00e9n te puede interesar<\/p>\n<\/p><\/div>\n","protected":false},"excerpt":{"rendered":"<p>Se estren\u00f3 Brutus, texto creado por Oscar Barney Finn y Marcelo Zapata, con direcci\u00f3n del primero. La historia romana cobra universalidad en el teatro Payr\u00f3 los viernes y s\u00e1bados a las 20 horas, con las actuaciones de Paulo Brunetti, Ana Yovino, Carlos Kaspar, Nelson Rueda, Beatriz Dellacasa, Mariano Madrazo y Joaqu\u00edn Cejas. Con una importante [&hellip;]<\/p>\n","protected":false},"author":1,"featured_media":53951,"comment_status":"closed","ping_status":"closed","sticky":false,"template":"","format":"standard","meta":[],"categories":[22],"tags":[],"_links":{"self":[{"href":"http:\/\/cordobateve.net\/index.php\/wp-json\/wp\/v2\/posts\/53950"}],"collection":[{"href":"http:\/\/cordobateve.net\/index.php\/wp-json\/wp\/v2\/posts"}],"about":[{"href":"http:\/\/cordobateve.net\/index.php\/wp-json\/wp\/v2\/types\/post"}],"author":[{"embeddable":true,"href":"http:\/\/cordobateve.net\/index.php\/wp-json\/wp\/v2\/users\/1"}],"replies":[{"embeddable":true,"href":"http:\/\/cordobateve.net\/index.php\/wp-json\/wp\/v2\/comments?post=53950"}],"version-history":[{"count":0,"href":"http:\/\/cordobateve.net\/index.php\/wp-json\/wp\/v2\/posts\/53950\/revisions"}],"wp:featuredmedia":[{"embeddable":true,"href":"http:\/\/cordobateve.net\/index.php\/wp-json\/wp\/v2\/media\/53951"}],"wp:attachment":[{"href":"http:\/\/cordobateve.net\/index.php\/wp-json\/wp\/v2\/media?parent=53950"}],"wp:term":[{"taxonomy":"category","embeddable":true,"href":"http:\/\/cordobateve.net\/index.php\/wp-json\/wp\/v2\/categories?post=53950"},{"taxonomy":"post_tag","embeddable":true,"href":"http:\/\/cordobateve.net\/index.php\/wp-json\/wp\/v2\/tags?post=53950"}],"curies":[{"name":"wp","href":"https:\/\/api.w.org\/{rel}","templated":true}]}}