{"id":53993,"date":"2023-05-22T01:57:01","date_gmt":"2023-05-22T01:57:01","guid":{"rendered":"http:\/\/cordobateve.net\/index.php\/2023\/05\/22\/preocupacion-en-el-mundo-del-entretenimiento-por-la-salud-de-gerardo-romano-estoy-internado\/"},"modified":"2023-05-22T01:57:01","modified_gmt":"2023-05-22T01:57:01","slug":"preocupacion-en-el-mundo-del-entretenimiento-por-la-salud-de-gerardo-romano-estoy-internado","status":"publish","type":"post","link":"http:\/\/cordobateve.net\/index.php\/2023\/05\/22\/preocupacion-en-el-mundo-del-entretenimiento-por-la-salud-de-gerardo-romano-estoy-internado\/","title":{"rendered":"Preocupaci\u00f3n en el mundo del entretenimiento por la salud de Gerardo Romano: \u201cEstoy internado\u201d"},"content":{"rendered":"<div class=\"media_block\"><\/div>\n<p>El actor <a target=\"_blank\" href=\"https:\/\/caras.perfil.com\/noticias\/television\/el-esmeralda-mitre-cruce-con-gerardo-romano.phtml\" rel=\"noopener noreferrer\"><strong>Gerardo Romano<\/strong><\/a> (76) gener\u00f3 preocupaci\u00f3n en el mundo del entretenimiento tras anunciar por medio de las redes sociales que <a target=\"_blank\" href=\"https:\/\/caras.perfil.com\/noticias\/entretenimiento\/enterate-quienes-son-los-ganadores-de-los-premios-platino-2020.phtml\" rel=\"noopener noreferrer\">debi\u00f3 cancelar la funci\u00f3n de su obra de teatro<\/a> debido a una emergencia m\u00e9dica que termin\u00f3 en una interacci\u00f3n.<\/p>\n<p><strong>\u201cPido disculpas a los espectadores de hoy, pocas veces lament\u00e9 tanto cancelar una funci\u00f3n, pero debido a cuestiones m\u00e9dicas estoy internado y no podr\u00e9 hacer Un jud\u00edo com\u00fan y corriente. Los abrazo\u201d, <\/strong>escribi\u00f3 <strong>Gerardo Romano<\/strong> en su Instagram, tanto en el Feed como en sus historias. \u201c<strong>Se cancela la funci\u00f3n, domingo 21\u201d<\/strong>, sum\u00f3 <a target=\"_blank\" href=\"https:\/\/www.instagram.com\/gerardoromanooficial\/\" rel=\"noopener noreferrer\">el actor<\/a>.<\/p>\n<p>El afamado actor tuvo una comunicaci\u00f3n con Todo Noticias donde pudo ampliar un poco m\u00e1s su actual estado de salud. <strong>\u201cMe van a dejar ac\u00e1 un par de d\u00edas para estar seguros\u201d<\/strong>, y de esta forma, estar bajo observaci\u00f3n m\u00e9dica.<\/p>\n<div>\n<figure class=\"image\"><img alt=\"Preocupaci\u00f3n en el mundo del entretenimiento por la salud de Gerardo Romano: \u201cEstoy internado\u201d\" src=\"http:\/\/cordobateve.net\/wp-content\/uploads\/2023\/05\/preocupacion-en-el-mundo-del-entretenimiento-por-la-salud-de-gerardo-romano-estoy-internado.jpg\" loading=\"lazy\"><figcaption>Gerardo Romano.<\/figcaption><\/figure>\n<\/div>\n<p><strong>Hace unos d\u00edas, Gerardo grab\u00f3 un video dedicado a sus seguidores en Santa Fe<\/strong>, donde les anunci\u00f3 que estar\u00e1 en funci\u00f3n para con ellos en junio. Ahora los fans del actor y sus amigos m\u00e1s cercanos le dejan saludos de amor y cari\u00f1o esperando una pronta recuperaci\u00f3n para tenerlo de nuevo en las tablas.&nbsp;<\/p>\n<p><strong>Seg\u00fan las \u00faltimas actualizaciones dadas por Nancy Dur\u00e9 en Infoba\u00e9, Gerardo tiene un cuadro de neumon\u00eda,<\/strong> pero, se encuentra bien hasta el momento.&nbsp;<\/p>\n<div>\n<figure class=\"image\"><img alt=\"Preocupaci\u00f3n en el mundo del entretenimiento por la salud de Gerardo Romano: \u201cEstoy internado\u201d\" src=\"http:\/\/cordobateve.net\/wp-content\/uploads\/2023\/05\/preocupacion-en-el-mundo-del-entretenimiento-por-la-salud-de-gerardo-romano-estoy-internado-1.jpg\" loading=\"lazy\"><figcaption>Gerardo Romano.<\/figcaption><\/figure>\n<\/div>\n<h2>M\u00e1s sobre Gerardo Romano<\/h2>\n<p><strong>Gerardo Romano<\/strong>, reconocido actor argentino, naci\u00f3 el 6 de julio de 1946 en Buenos Aires. Con una vasta trayectoria en teatro, cine y televisi\u00f3n, <strong>Romano se ha destacado por su versatilidad y compromiso en cada interpretaci\u00f3n<\/strong>.&nbsp;<\/p>\n<div>\n<figure class=\"image\"><img alt=\"Preocupaci\u00f3n en el mundo del entretenimiento por la salud de Gerardo Romano: \u201cEstoy internado\u201d\" src=\"http:\/\/cordobateve.net\/wp-content\/uploads\/2023\/05\/preocupacion-en-el-mundo-del-entretenimiento-por-la-salud-de-gerardo-romano-estoy-internado-2.jpg\" loading=\"lazy\"><figcaption>Gerardo Romano.<\/figcaption><\/figure>\n<\/div>\n<div>\n<figure class=\"image\"><img alt=\"Preocupaci\u00f3n en el mundo del entretenimiento por la salud de Gerardo Romano: \u201cEstoy internado\u201d\" src=\"http:\/\/cordobateve.net\/wp-content\/uploads\/2023\/05\/preocupacion-en-el-mundo-del-entretenimiento-por-la-salud-de-gerardo-romano-estoy-internado-3.jpg\" loading=\"lazy\"><figcaption>Gerardo Romano.<\/figcaption><\/figure>\n<\/div>\n<p>Su carrera despeg\u00f3 en la d\u00e9cada de 1970 y desde entonces ha cautivado al p\u00fablico con personajes emblem\u00e1ticos en producciones m\u00e1s recientes como:<strong> Maradona, sue\u00f1o bendito, El Jard\u00edn de Bronce, EL Marginal, El asesor, Historia de Amor, Dulce Amor, y muchas otras m\u00e1s<\/strong>.&nbsp;<\/p>\n<p>Adem\u00e1s de su talento actoral, <strong>Gerardo Romano<\/strong> tambi\u00e9n es reconocido por su activismo pol\u00edtico y social, siendo una voz influyente en diversos temas. Su dedicaci\u00f3n y pasi\u00f3n por su arte lo convierten en una figura querida y respetada en la industria del entretenimiento argentino.<\/p>\n<p>S.A.<\/p>\n<div class=\"relacionadas\" readability=\"1.230303030303\">\n<p>Tambi\u00e9n te puede interesar<\/p>\n<\/p><\/div>\n","protected":false},"excerpt":{"rendered":"<p>El actor Gerardo Romano (76) gener\u00f3 preocupaci\u00f3n en el mundo del entretenimiento tras anunciar por medio de las redes sociales que debi\u00f3 cancelar la funci\u00f3n de su obra de teatro debido a una emergencia m\u00e9dica que termin\u00f3 en una interacci\u00f3n. \u201cPido disculpas a los espectadores de hoy, pocas veces lament\u00e9 tanto cancelar una funci\u00f3n, pero [&hellip;]<\/p>\n","protected":false},"author":1,"featured_media":53994,"comment_status":"closed","ping_status":"closed","sticky":false,"template":"","format":"standard","meta":[],"categories":[22],"tags":[],"_links":{"self":[{"href":"http:\/\/cordobateve.net\/index.php\/wp-json\/wp\/v2\/posts\/53993"}],"collection":[{"href":"http:\/\/cordobateve.net\/index.php\/wp-json\/wp\/v2\/posts"}],"about":[{"href":"http:\/\/cordobateve.net\/index.php\/wp-json\/wp\/v2\/types\/post"}],"author":[{"embeddable":true,"href":"http:\/\/cordobateve.net\/index.php\/wp-json\/wp\/v2\/users\/1"}],"replies":[{"embeddable":true,"href":"http:\/\/cordobateve.net\/index.php\/wp-json\/wp\/v2\/comments?post=53993"}],"version-history":[{"count":0,"href":"http:\/\/cordobateve.net\/index.php\/wp-json\/wp\/v2\/posts\/53993\/revisions"}],"wp:featuredmedia":[{"embeddable":true,"href":"http:\/\/cordobateve.net\/index.php\/wp-json\/wp\/v2\/media\/53994"}],"wp:attachment":[{"href":"http:\/\/cordobateve.net\/index.php\/wp-json\/wp\/v2\/media?parent=53993"}],"wp:term":[{"taxonomy":"category","embeddable":true,"href":"http:\/\/cordobateve.net\/index.php\/wp-json\/wp\/v2\/categories?post=53993"},{"taxonomy":"post_tag","embeddable":true,"href":"http:\/\/cordobateve.net\/index.php\/wp-json\/wp\/v2\/tags?post=53993"}],"curies":[{"name":"wp","href":"https:\/\/api.w.org\/{rel}","templated":true}]}}