{"id":54161,"date":"2023-05-25T18:30:07","date_gmt":"2023-05-25T18:30:07","guid":{"rendered":"https:\/\/www.clarin.com\/espectaculos\/cine\/director-argentino-andy-muschietti-abrio-bocota-spoileo-cameo-secreto-the-flash-_0_65pesKxy7u.html"},"modified":"2023-05-25T18:30:07","modified_gmt":"2023-05-25T18:30:07","slug":"el-director-argentino-andy-muschietti-abrio-la-bocota-y-spoileo-cual-era-el-cameo-secreto-en-the-flash","status":"publish","type":"post","link":"http:\/\/cordobateve.net\/index.php\/2023\/05\/25\/el-director-argentino-andy-muschietti-abrio-la-bocota-y-spoileo-cual-era-el-cameo-secreto-en-the-flash\/","title":{"rendered":"El director argentino Andy Muschietti abri\u00f3 la bocota y spoile\u00f3 cu\u00e1l era el cameo secreto en \u00abThe Flash\u00bb"},"content":{"rendered":"<p><img src=\"http:\/\/cordobateve.net\/wp-content\/uploads\/2023\/05\/el-director-argentino-andy-muschietti-abrio-la-bocota-y-spoileo-cual-era-el-cameo-secreto-en-the-flash.jpg\"><\/p>\n<div readability=\"32.5\">\n<div class=\"title check-space\" data-color=\"style='background-color:'\" readability=\"10\">\n<p><h2>La nueva pel\u00edcula de superh\u00e9roes se estrena el 15 de junio y no solo tendr\u00e1 un cameo de Michael Keaton como Batman, sino tambi\u00e9n otro que se hizo p\u00fablico en una entrevista.<\/h2>\n<\/p>\n<\/div><\/div>\n<div id=\"entry-body\">\n<p><strong>Michael Keaton<\/strong> no es la \u00fanica explosi\u00f3n del pasado de <em>DC Comics<\/em> en la pr\u00f3xima pel\u00edcula de superh\u00e9roes de Warner Bros, <strong><em>The Flash<\/em><\/strong>, donde volver\u00e1 a ponerse el traje de <a data-cke-saved-href=\"https:\/\/www.clarin.com\/espectaculos\/cine\/batman-the-flash-_0_W61FjFbeF.html\" target=\"_blank\" href=\"https:\/\/www.clarin.com\/espectaculos\/cine\/batman-the-flash-_0_W61FjFbeF.html\" rel=\"noopener noreferrer\">Batman<\/a>.<\/p>\n<p>Durante una entrevista, el director de la pel\u00edcula, el argentino <strong>Andy Muschietti (\u00abIt\u00bb)<\/strong>, revel\u00f3 que <strong> Nicolas Cage<\/strong> har\u00e1 un cameo en la pel\u00edcula como Superman.<\/p>\n<div class=\"sp__Normal embed-box embed-body-photo\" data-index=\"1\">\n<picture class=\"pointer\">\n<img class=\"img-expand\" width=\"100\" height=\"100\" loading=\"lazy\" src=\"http:\/\/cordobateve.net\/wp-content\/uploads\/2023\/05\/el-director-argentino-andy-muschietti-abrio-la-bocota-y-spoileo-cual-era-el-cameo-secreto-en-the-flash-2.jpg\" alt=\"The Flash es la nueva apuesta de DC para tener \u00e9xito en taquilla con sus superh\u00e9roes.\"><br \/>\n<span class=\"bt-expand\"><br \/>\n<svg class=\"ico white_mod\">\n<use class=\"use-expand\" xlink:href=\"#icon-expand\" \/>\n<\/svg><br \/>\n<\/span>\n<\/picture><figcaption>The Flash es la nueva apuesta de DC para tener \u00e9xito en taquilla con sus superh\u00e9roes. <\/figcaption><\/div>\n<h2>La gran sorpresa<\/h2>\n<p>Semejante revelaci\u00f3n es una noticia&nbsp;impactante para los fan\u00e1ticos de las pel\u00edculas de c\u00f3mics y Cage sabe de qu\u00e9 se trata todo esto porque iba a participar, como protagonista,&nbsp;en la fallida <em>Superman Lives<\/em>,&nbsp;de <strong>Tim Burton<\/strong> hace 25 a\u00f1os.<\/p>\n<p>\u201c<strong>Cage&nbsp;es un enfermo&nbsp;de Superman<\/strong>. <strong>Y adem\u00e1s ama los c\u00f3mics\u201d<\/strong>, agreg\u00f3 Muschetti.<\/p>\n<p> Los fans de Nicolas Cage saben de&nbsp;su amor por el personaje de Superman. \u00abNo solo plane\u00f3 interpretar al superh\u00e9roe en el proyecto frustrado de Burton, sino que incluso nombr\u00f3 a su hijo <strong>Kal-El,<\/strong>&nbsp;en referencia al nombre de Superman en su planeta natal, Krypton\u00bb, dijeron en las redes.<\/p>\n<div class=\"sp__Normal embed-box embed-body-photo\" data-index=\"2\">\n<picture class=\"pointer\">\n<img class=\"img-expand\" width=\"100\" height=\"100\" loading=\"lazy\" src=\"http:\/\/cordobateve.net\/wp-content\/uploads\/2023\/05\/el-director-argentino-andy-muschietti-abrio-la-bocota-y-spoileo-cual-era-el-cameo-secreto-en-the-flash-3.jpg\" alt=\"Se viene The Flash y cada vez hay m\u00e1s expectativa por el estreno.\"><br \/>\n<span class=\"bt-expand\"><br \/>\n<svg class=\"ico white_mod\">\n<use class=\"use-expand\" xlink:href=\"#icon-expand\" \/>\n<\/svg><br \/>\n<\/span>\n<\/picture><figcaption>Se viene The Flash y cada vez hay m\u00e1s expectativa por el estreno. <\/figcaption><\/div>\n<p>Queda por ver c\u00f3mo ser\u00e1 el Superman del <em>oscarizado<\/em> actor de<em> Leaving Las Vegas<\/em>. \u00bfC\u00f3mo influir\u00e1 en la trama de <em>The<\/em> <em>Flash?<\/em>&nbsp;La pel\u00edcula est\u00e1 ambientada en el multiverso de <em>DC<\/em>, lo que explica el regreso de Michael Keaton como Batman\/Bruce Wayne por primera vez desde que protagonizara&nbsp;<em>Batman<\/em> (1989) y <em>Batman Returns <\/em>(1992), ambas de Tim Burton.<\/p>\n<p><a data-cke-saved-href=\"https:\/\/www.clarin.com\/espectaculos\/cine\/ben-affleck-regresa-batman-dirigido-argentino_0_SAEwfcbux.html\" target=\"_blank\" href=\"https:\/\/www.clarin.com\/espectaculos\/cine\/ben-affleck-regresa-batman-dirigido-argentino_0_SAEwfcbux.html\" rel=\"noopener noreferrer\"><strong>Ben Affleck<\/strong><\/a> tambi\u00e9n repetir\u00e1 su papel de Batman\/Bruce Wayne de <em>Batman vs Superman: Dawn of Justice <\/em>y <em>Justice League<\/em>, de Zack Snyder.<\/p>\n<p>Con dos versiones de Superman de Batman y Nicolas Cage ahora confirmado&nbsp;para The Flash, no se sabe <strong>cu\u00e1ntos cameos m\u00e1s&nbsp;<\/strong>del multiverso estar\u00e1n esperando en carpeta para esta peli.<\/p>\n<h2>Un Superman con pelo largo<\/h2>\n<p>Despu\u00e9s de lanzar la franquicia de filmes&nbsp;de Batman para Warner Bros, <strong>Tim Burton<\/strong> centr\u00f3 su atenci\u00f3n en Superman, en 1998, con el proyecto de<em> Superman Lives<\/em>. La pel\u00edcula fue escrita por Kevin Smith y se centr\u00f3 en la lucha de Superman contra Doomsday.<\/p>\n<p>\u00abEra m\u00e1s un Superman de los &#8217;80 con el <strong>pelo largo negro samurai<\/strong>\u00ab, dijo Cage recientemente sobre su intento fallido de Superman. \u00abPens\u00e9 que iba a ser un Superman muy diferente, <strong>una especie de emo<\/strong>, pero nunca llegamos\u00bb.<\/p>\n<p>Cage y su Superman tuvieron una historia particular: la elecci\u00f3n del actor como protagonista despert\u00f3 todo tipo de reacciones. Muchas de las voces negativas que se pronunciaron no le apuntaban tanto a su capacidad actoral, sino a que supuestamente no daba el perfil para ponerse en la piel de un superh\u00e9roe.<\/p>\n<div class=\"sp__Normal embed-box embed-body-photo\" data-index=\"3\">\n<picture class=\"pointer\">\n<img class=\"img-expand\" width=\"100\" height=\"100\" loading=\"lazy\" src=\"http:\/\/cordobateve.net\/wp-content\/uploads\/2023\/05\/el-director-argentino-andy-muschietti-abrio-la-bocota-y-spoileo-cual-era-el-cameo-secreto-en-the-flash-4.jpg\" alt=\"El afiche oficial de The Flash.\"><br \/>\n<span class=\"bt-expand\"><br \/>\n<svg class=\"ico white_mod\">\n<use class=\"use-expand\" xlink:href=\"#icon-expand\" \/>\n<\/svg><br \/>\n<\/span>\n<\/picture><figcaption>El afiche oficial de The Flash. <\/figcaption><\/div>\n<p>Su protagonismo levantaba la misma polvareda que el nombre de&nbsp;Michael Keaton cuando se lo apunt\u00f3 para hacer de&nbsp;Batman. O lo que sucedi\u00f3, muchos a\u00f1os m\u00e1s tarde, cuando&nbsp;<strong>Gal Gadot<\/strong> se puso en la piel de Mujer Maravilla (por siempre&nbsp;Linda Carter).<\/p>\n<p> Durante la misma entrevista, Cage dijo: \u00ab<strong>No necesito estar en Universo<\/strong>&nbsp;<strong>Marvel:&nbsp;soy Nic Cage<\/strong>. Puede que no necesite el Universo Cinematogr\u00e1fico de Marvel, pero finalmente he&nbsp;cerrado el c\u00edrculo de mi espera&nbsp;despu\u00e9s 25 a\u00f1os\u00bb.<\/p>\n<p><em>The Flash<\/em>&nbsp;se estrena en la Argentina el <strong>15&nbsp;de junio <\/strong>de la mano de <em>Warner Bros.<\/em><\/p>\n<p>Remat\u00f3 Muschietti: \u00ab<strong>Nic fue absolutamente maravilloso<\/strong>. Aunque el papel fue un cameo, se sumergi\u00f3 en \u00e9l\u00bb. Y agrega: \u00abSo\u00f1\u00e9 toda mi vida con trabajar con \u00e9l. Espero poder volver a hacerlo pronto\u00bb.<\/p>\n<p><em>MFB<\/em><\/p>\n<p> <span class=\"title-related\">Mir\u00e1 tambi\u00e9n<\/span> <\/div>\n","protected":false},"excerpt":{"rendered":"<p>La nueva pel\u00edcula de superh\u00e9roes se estrena el 15 de junio y no solo tendr\u00e1 un cameo de Michael Keaton como Batman, sino tambi\u00e9n otro que se hizo p\u00fablico en una entrevista. Michael Keaton no es la \u00fanica explosi\u00f3n del pasado de DC Comics en la pr\u00f3xima pel\u00edcula de superh\u00e9roes de Warner Bros, The Flash, [&hellip;]<\/p>\n","protected":false},"author":1,"featured_media":54162,"comment_status":"closed","ping_status":"closed","sticky":false,"template":"","format":"standard","meta":[],"categories":[18],"tags":[],"_links":{"self":[{"href":"http:\/\/cordobateve.net\/index.php\/wp-json\/wp\/v2\/posts\/54161"}],"collection":[{"href":"http:\/\/cordobateve.net\/index.php\/wp-json\/wp\/v2\/posts"}],"about":[{"href":"http:\/\/cordobateve.net\/index.php\/wp-json\/wp\/v2\/types\/post"}],"author":[{"embeddable":true,"href":"http:\/\/cordobateve.net\/index.php\/wp-json\/wp\/v2\/users\/1"}],"replies":[{"embeddable":true,"href":"http:\/\/cordobateve.net\/index.php\/wp-json\/wp\/v2\/comments?post=54161"}],"version-history":[{"count":0,"href":"http:\/\/cordobateve.net\/index.php\/wp-json\/wp\/v2\/posts\/54161\/revisions"}],"wp:featuredmedia":[{"embeddable":true,"href":"http:\/\/cordobateve.net\/index.php\/wp-json\/wp\/v2\/media\/54162"}],"wp:attachment":[{"href":"http:\/\/cordobateve.net\/index.php\/wp-json\/wp\/v2\/media?parent=54161"}],"wp:term":[{"taxonomy":"category","embeddable":true,"href":"http:\/\/cordobateve.net\/index.php\/wp-json\/wp\/v2\/categories?post=54161"},{"taxonomy":"post_tag","embeddable":true,"href":"http:\/\/cordobateve.net\/index.php\/wp-json\/wp\/v2\/tags?post=54161"}],"curies":[{"name":"wp","href":"https:\/\/api.w.org\/{rel}","templated":true}]}}