{"id":54223,"date":"2023-05-26T10:00:16","date_gmt":"2023-05-26T10:00:16","guid":{"rendered":"https:\/\/www.clarin.com\/cultura\/-david-michelangelo-chaco-_0_axh8AKlwwn.html"},"modified":"2023-05-26T10:00:16","modified_gmt":"2023-05-26T10:00:16","slug":"el-david-de-michelangelo-en-chaco","status":"publish","type":"post","link":"http:\/\/cordobateve.net\/index.php\/2023\/05\/26\/el-david-de-michelangelo-en-chaco\/","title":{"rendered":"\u00bfEl David de Michelangelo en Chaco?"},"content":{"rendered":"<p><img src=\"http:\/\/cordobateve.net\/wp-content\/uploads\/2023\/05\/el-david-de-michelangelo-en-chaco.jpg\"><\/p>\n<div readability=\"31.5\">\n<div class=\"title check-space\" data-color=\"style='background-color:'\" readability=\"8\">\n<p><h2>El proyecto \u00abEl David de Michelangelo Buonarroti en Chaco\u00bb emplazar\u00e1 en Resistencia una r\u00e9plica en 3D de la gran escultura italiana.<\/h2>\n<\/p>\n<\/div><\/div>\n<div id=\"entry-body\">\n<p>El Centro Cultural Kirchner (CCK) ser\u00e1 anfitri\u00f3n el lunes 29 de mayo de la presentaci\u00f3n del<strong> proyecto de emplazamiento de una r\u00e9plica impresa en 3D del <a data-cke-saved-href=\"https:\/\/www.clarin.com\/mundo\/justicia-italiana-prohibio-uso-david-miguel-angel-fines-comerciales_0_WPyGmWYu74.html\" target=\"_blank\" href=\"https:\/\/www.clarin.com\/mundo\/justicia-italiana-prohibio-uso-david-miguel-angel-fines-comerciales_0_WPyGmWYu74.html\" rel=\"noopener noreferrer\">David de Miguel \u00c1ngel Buonarroti<\/a> en la ciudad de Resistencia, Chaco, como culminaci\u00f3n del sue\u00f1o de Fabriciano G\u00f3mez, el impulsor de l<a data-cke-saved-href=\"https:\/\/www.clarin.com\/cultura\/bienal-chaco-escultor-rumano-quedo-primer-puesto-obra-naturaleza_0_AvgcoCfusm.html\" target=\"_blank\" href=\"https:\/\/www.clarin.com\/cultura\/bienal-chaco-escultor-rumano-quedo-primer-puesto-obra-naturaleza_0_AvgcoCfusm.html\" rel=\"noopener noreferrer\">a Bienal de Esculturas<\/a> en esa capital<\/strong>.<\/p>\n<p>En el acto, se anunciar\u00e1 el emplazamiento de<strong> la gran reproducci\u00f3n 3D realizada a partir del calco o copia de la emblem\u00e1tica obra que se encuentra en el hall de entrada del Museo de la C\u00e1rcova,<\/strong> dependiente de la Universidad de las Artes, que se sumar\u00e1 al patrimonio de Resistencia,<strong> la \u00abCiudad de las Esculturas\u00bb.<\/strong><\/p>\n<p>La presentaci\u00f3n del <strong>proyecto \u00abEl David de Miguel \u00c1ngel en Chaco\u00bb<\/strong> se realizar\u00e1 a las 17 en la C\u00fapula del CCK y estar\u00e1 a cargo de la Fundaci\u00f3n Urunday, organizadores de la<strong> Bienal Internacional de Esculturas de Chaco,<\/strong> junto a la UNA y la participaci\u00f3n de representantes de la Universidad Nacional del Nordeste (UNNE), autoridades provinciales y nacionales.<\/p>\n<p>Participar\u00e1n el Ministro de Cultura, Trist\u00e1n Bauer, el gobernador de la provincia de Chaco, Jorge Capitanich, el presidente del Instituto de Cultura provincial, Francisco Romero, el intendente de Resistencia, Gustavo Mart\u00ednez, la rectora de la Universidad Nacional de las Artes (UNA), Sandra Torlucci, el director del Museo de la C\u00e1rcova, Rub\u00e9n Betbeder, y Jos\u00e9 S. Eidman, presidente de la Fundaci\u00f3n Urunday, impulsores de la iniciativa.<\/p>\n<h2>La obra<\/h2>\n<p>La emblem\u00e1tica obra, cuyo <strong>original esculpido por Miguel \u00c1ngel entre 1501 y 1504 tiene m\u00e1s de 5 metros de altura y fue realizado en m\u00e1rmol de Carrara,<\/strong> se encuentra en la Galer\u00eda de la Academia de la ciudad de Florencia, Italia, y es considerada <strong>una de las obras cumbre del Renacimiento Italiano.<\/strong><\/p>\n<p>\u00abCuando tengamos el <strong>David<\/strong> entre nosotros, no habr\u00e1 necesidad de viajar hasta Italia para conocerlo\u00bb, sostuvo<strong> el escultor Fabriciano G\u00f3mez <\/strong>como parte de sus anhelos de llevar el arte a sus conciudadanos.<\/p>\n<p>El proyecto de la reproducci\u00f3n 3D <strong>para ser instalada en el espacio p\u00fablico<\/strong> es el resultado de \u00abun esfuerzo mancomunado admirable y sin precedentes\u00bb, destacaron los organizadores, para<strong> una obra que pasara a integrar el acervo p\u00fablico de la capital del Chaco<\/strong> \u00aba trav\u00e9s de un gemelo digital que<strong> pone a la provincia a la vanguardia de experiencias 4.0 del arte\u00bb.<\/strong><\/p>\n<p>\u00abLa llegada del David a Resistencia se concretar\u00e1 por la uni\u00f3n de las voluntades entre Fundaci\u00f3n Urunday, la Universidad Nacional de las Artes y el Museo de la C\u00e1rcova; el Gobierno del Chaco, el Municipio de Resistencia, referentes y acad\u00e9micos del arte nacional que acompa\u00f1an el proyecto; destacados profesionales chaque\u00f1os de la arquitectura, la Universidad Nacional del Nordeste; expertos en tecnolog\u00edas 3D; la Direcci\u00f3n de Vialidad Provincial y Vialidad Nacional \u2013encargadas de transportar la escultura hasta su lugar de emplazamiento\u2013&nbsp;y el valioso aporte de los mecenas, empresas del sector privado chaque\u00f1o\u00bb, se inform\u00f3 en un comunicado.<\/p>\n<div class=\"sp__Normal embed-box embed-body-photo\" data-index=\"1\">\n<picture class=\"pointer\">\n<img class=\"img-expand\" width=\"100\" height=\"100\" loading=\"lazy\" src=\"http:\/\/cordobateve.net\/wp-content\/uploads\/2023\/05\/el-david-de-michelangelo-en-chaco-2.jpg\" alt=\"El David original est\u00e1 en Florencia, Italia. Foto AP\/ Alessandra Tarantino\"><br \/>\n<span class=\"bt-expand\"><br \/>\n<svg class=\"ico white_mod\">\n<use class=\"use-expand\" xlink:href=\"#icon-expand\" \/>\n<\/svg><br \/>\n<\/span>\n<\/picture><figcaption>El David original est\u00e1 en Florencia, Italia. Foto AP\/ Alessandra Tarantino <\/figcaption><\/div>\n<p>Tres son las fases del proyecto, se\u00f1alan, primero el escaneo del David en alta precisi\u00f3n para<strong> crear un \u00abgemelo digital\u00bb tridimensional de gran escala, <\/strong>tomado del calco perteneciente a la colecci\u00f3n del Museo de la C\u00e1rcova, luego la impresi\u00f3n 3D de las distintas piezas y por \u00faltimo el acabado y montaje por parte de los restauradores.<\/p>\n<p>El proyecto representa un desaf\u00edo que involucra ingenieros, t\u00e9cnicos y restauradores y combina el arte cl\u00e1sico con la tecnolog\u00eda.<\/p>\n<p>Por otro lado, <strong>la nueva escultura se sumar\u00e1 al di\u00e1logo con l<a data-cke-saved-href=\"https:\/\/www.clarin.com\/revista-enie\/arte\/bienal-chaco-2022_0_rzDlEYKSfm.html\" target=\"_blank\" href=\"https:\/\/www.clarin.com\/revista-enie\/arte\/bienal-chaco-2022_0_rzDlEYKSfm.html\" rel=\"noopener noreferrer\">as casi 700 obras ya emplazadas en Resistencia<\/a><\/strong><a data-cke-saved-href=\"https:\/\/www.clarin.com\/revista-enie\/arte\/bienal-chaco-2022_0_rzDlEYKSfm.html\" target=\"_blank\" href=\"https:\/\/www.clarin.com\/revista-enie\/arte\/bienal-chaco-2022_0_rzDlEYKSfm.html\" rel=\"noopener noreferrer\">,<\/a> fomentando el patrimonio cultural e impulsando el turismo, que sit\u00faa a Chaco \u00aba la vanguardia de las nuevas manufacturas en tecnolog\u00edas innovadoras del arte\u00bb.<\/p>\n<p><em>PC<\/em><\/p>\n<p> <span class=\"title-related\">Mir\u00e1 tambi\u00e9n<\/span> <\/div>\n","protected":false},"excerpt":{"rendered":"<p>El proyecto \u00abEl David de Michelangelo Buonarroti en Chaco\u00bb emplazar\u00e1 en Resistencia una r\u00e9plica en 3D de la gran escultura italiana. El Centro Cultural Kirchner (CCK) ser\u00e1 anfitri\u00f3n el lunes 29 de mayo de la presentaci\u00f3n del proyecto de emplazamiento de una r\u00e9plica impresa en 3D del David de Miguel \u00c1ngel Buonarroti en la ciudad [&hellip;]<\/p>\n","protected":false},"author":1,"featured_media":54224,"comment_status":"closed","ping_status":"closed","sticky":false,"template":"","format":"standard","meta":[],"categories":[22],"tags":[],"_links":{"self":[{"href":"http:\/\/cordobateve.net\/index.php\/wp-json\/wp\/v2\/posts\/54223"}],"collection":[{"href":"http:\/\/cordobateve.net\/index.php\/wp-json\/wp\/v2\/posts"}],"about":[{"href":"http:\/\/cordobateve.net\/index.php\/wp-json\/wp\/v2\/types\/post"}],"author":[{"embeddable":true,"href":"http:\/\/cordobateve.net\/index.php\/wp-json\/wp\/v2\/users\/1"}],"replies":[{"embeddable":true,"href":"http:\/\/cordobateve.net\/index.php\/wp-json\/wp\/v2\/comments?post=54223"}],"version-history":[{"count":0,"href":"http:\/\/cordobateve.net\/index.php\/wp-json\/wp\/v2\/posts\/54223\/revisions"}],"wp:featuredmedia":[{"embeddable":true,"href":"http:\/\/cordobateve.net\/index.php\/wp-json\/wp\/v2\/media\/54224"}],"wp:attachment":[{"href":"http:\/\/cordobateve.net\/index.php\/wp-json\/wp\/v2\/media?parent=54223"}],"wp:term":[{"taxonomy":"category","embeddable":true,"href":"http:\/\/cordobateve.net\/index.php\/wp-json\/wp\/v2\/categories?post=54223"},{"taxonomy":"post_tag","embeddable":true,"href":"http:\/\/cordobateve.net\/index.php\/wp-json\/wp\/v2\/tags?post=54223"}],"curies":[{"name":"wp","href":"https:\/\/api.w.org\/{rel}","templated":true}]}}