{"id":54305,"date":"2023-05-28T11:31:48","date_gmt":"2023-05-28T11:31:48","guid":{"rendered":"https:\/\/www.clarin.com\/espectaculos\/cine\/dejo-festival-cannes-bodrio-cuerpo-harrison-ford_0_OlRaRvfxKY.html"},"modified":"2023-05-28T11:31:48","modified_gmt":"2023-05-28T11:31:48","slug":"todo-lo-que-dejo-el-festival-de-cannes-de-un-bodrio-al-cuerpo-bendecido-de-harrison-ford","status":"publish","type":"post","link":"http:\/\/cordobateve.net\/index.php\/2023\/05\/28\/todo-lo-que-dejo-el-festival-de-cannes-de-un-bodrio-al-cuerpo-bendecido-de-harrison-ford\/","title":{"rendered":"Todo lo que dej\u00f3 el Festival de Cannes, de un bodrio al cuerpo bendecido de Harrison Ford"},"content":{"rendered":"<p><img src=\"http:\/\/cordobateve.net\/wp-content\/uploads\/2023\/05\/todo-lo-que-dejo-el-festival-de-cannes-de-un-bodrio-al-cuerpo-bendecido-de-harrison-ford.jpg\"><\/p>\n<p>Si todo concluye al fin, esta edici\u00f3n del <a data-cke-saved-href=\"https:\/\/www.clarin.com\/espectaculos\/cine\/mujer-gano-palma-oro-festival-cannes_0_aG82E78PZv.html\" target=\"_blank\" href=\"https:\/\/www.clarin.com\/espectaculos\/cine\/mujer-gano-palma-oro-festival-cannes_0_aG82E78PZv.html\" rel=\"noopener noreferrer\"><strong>Festival de Cannes<\/strong><\/a> dej\u00f3 m\u00e1s conformes a sus invitados que en recientes oportunidades. El Palmar\u00e9s no ofendi\u00f3 esta vez a nadie, hubo mega presencias de estrellas, el nivel de las pel\u00edculas en competici\u00f3n fue de buena para arriba -salvo excepciones- y de no sr por la lluvia intermitente, todo habr\u00eda brillado.<\/p>\n<p>A nivel pel\u00edculas, en la competencia se not\u00f3 un claro desbalance entre los autores consagrados y ya habitu\u00e9s en Cannes -Ken Loach, Wim Wenders, Nanni Moretti, Hirokazu Kore-eda, Nuri Bilge Ceylan, Marco Bellocchio, y una nueva generaci\u00f3n, con Justine Triet y Jonathan Glazer a la cabeza.<\/p>\n<p>Tras la ceremonia de clausura del Festival de Cannes, el s\u00e1bado, donde <strong><em>Anatomie d\u2019une chut<\/em><\/strong>, de la francesa Justine Triet gan\u00f3 la Palma de Oro -la tercera vez en 76 a\u00f1os que lo recibe una directora-, todos los invitados o se quedaron a ver <em>Elementos<\/em>, la pel\u00edcula animada de Pixar, filme de clausura, o se dirigieron a distintas fiestas. <a data-cke-saved-href=\"https:\/\/www.clarin.com\/espectaculos\/cine\/vida-damian-szifron-jurados-cannes-festival_0_Hm4wjNo1ef.html\" target=\"_blank\" href=\"https:\/\/www.clarin.com\/espectaculos\/cine\/vida-damian-szifron-jurados-cannes-festival_0_Hm4wjNo1ef.html\" rel=\"noopener noreferrer\"><strong>Dami\u00e1n Szifron<\/strong><\/a>, que integr\u00f3 el Jurado y no habl\u00f3 una sola palabra con la prensa, pas\u00f3 por tres. O al menos, eso es lo que recuerda.<\/p>\n<div class=\"sp__Normal embed-box embed-body-photo\" data-index=\"1\">\n<picture class=\"pointer\">\n<img class=\"img-expand\" width=\"100\" height=\"100\" loading=\"lazy\" src=\"http:\/\/cordobateve.net\/wp-content\/uploads\/2023\/05\/todo-lo-que-dejo-el-festival-de-cannes-de-un-bodrio-al-cuerpo-bendecido-de-harrison-ford-2.jpg\" alt=\"Dami\u00e1n Szifron, miembro del Jurado que decidi\u00f3 los premios, ingresa al escenario de la Sala Lumi\u00e8re. Foto Reuters\"><br \/>\n<span class=\"bt-expand\"><br \/>\n<svg class=\"ico white_mod\">\n<use class=\"use-expand\" xlink:href=\"#icon-expand\" \/>\n<\/svg><br \/>\n<\/span>\n<\/picture><figcaption>Dami\u00e1n Szifron, miembro del Jurado que decidi\u00f3 los premios, ingresa al escenario de la Sala Lumi\u00e8re. Foto Reuters <\/figcaption><\/div>\n<p>En una de ellas, en la Plage des Palmes, no hay nadie que no tenga una copa en la mano. Se armaron enormes carpas sobre la playa, con el agua del Mediterr\u00e1neo ah\u00ed nom\u00e1s, porque las playas son cortas. Hay hasta almohadones enormes tirados sobre una monta\u00f1ita de arena, y una pista de baile a la que a eso de las 2 AM era imposible ingresar.<\/p>\n<p>A la salida de la fiesta, se ve c\u00f3mo ya est\u00e1n sacando los ganchos que manten\u00edan unidas las vallas que cercaban la Croisette, el boulevard costero. Definitivamente era la \u00faltima noche del Festival, y Cannes, la ciudad de 75.000 habitantes, volv\u00eda a su normalidad.<\/p>\n<div class=\"sp__Normal embed-box embed-body-photo\" data-index=\"2\">\n<picture class=\"pointer\">\n<img class=\"img-expand\" width=\"100\" height=\"100\" loading=\"lazy\" src=\"http:\/\/cordobateve.net\/wp-content\/uploads\/2023\/05\/todo-lo-que-dejo-el-festival-de-cannes-de-un-bodrio-al-cuerpo-bendecido-de-harrison-ford-3.jpg\" alt=\"La realizadora Justine Triet, junto a los tres protagonistas del filme por el que gan\u00f3 la Palma de Oro. Foto AFP\"><br \/>\n<span class=\"bt-expand\"><br \/>\n<svg class=\"ico white_mod\">\n<use class=\"use-expand\" xlink:href=\"#icon-expand\" \/>\n<\/svg><br \/>\n<\/span>\n<\/picture><figcaption>La realizadora Justine Triet, junto a los tres protagonistas del filme por el que gan\u00f3 la Palma de Oro. Foto AFP <\/figcaption><\/div>\n<p>Esta 76\u00b0 edici\u00f3n del Festival de Cannes no dej\u00f3, en su palmar\u00e9s, muy disgustados a muchos, como s\u00ed hab\u00eda sucedido los dos a\u00f1os anteriores, cuando ganaron la Palma de Oro <em>Titane<\/em>, de Julia Ducournau, y <em>El tri\u00e1ngulo de la tristeza<\/em>, de Ruben \u00d6stlund, miembro del Jurado y presidente del mismo este a\u00f1o, respectivamente.<\/p>\n<h2>Momentos con Johnny Depp, Harrison Ford y un autob\u00fas<\/h2>\n<p>Si repasamos, hubo algunos momentos que por s\u00ed mismos se merecen estar en un Palmar\u00e9s de recuerdos.<\/p>\n<div class=\"sp__Normal embed-box embed-body-photo\" data-index=\"3\">\n<picture class=\"pointer\">\n<img class=\"img-expand\" width=\"100\" height=\"100\" loading=\"lazy\" src=\"http:\/\/cordobateve.net\/wp-content\/uploads\/2023\/05\/todo-lo-que-dejo-el-festival-de-cannes-de-un-bodrio-al-cuerpo-bendecido-de-harrison-ford-4.jpg\" alt=\"Peinado achatado. Johnny Depp, en la inauguraci\u00f3n del Festival. Foto EFE\"><br \/>\n<span class=\"bt-expand\"><br \/>\n<svg class=\"ico white_mod\">\n<use class=\"use-expand\" xlink:href=\"#icon-expand\" \/>\n<\/svg><br \/>\n<\/span>\n<\/picture><figcaption>Peinado achatado. Johnny Depp, en la inauguraci\u00f3n del Festival. Foto EFE <\/figcaption><\/div>\n<p>Todo hab\u00eda arrancado con Johnny Depp. La estrella, que hace un a\u00f1o protagonizaba uno de sus medi\u00e1ticos juicios con su exesposa, la actriz Amber Heard, fue recibido con muestras de fanatismo en la Apertura del Festival. Y aqu\u00ed presentaba un bodriazo,<em> Jeanne du Barry<\/em>, en la inauguraci\u00f3n. Fue categ\u00f3rico en la conferencia de prensa con respecto a si se sent\u00eda boicoteado por Hollywood. \u201cNo, porque no pienso en Hollywood\u201d, dijo.<\/p>\n<p>La posta se pasa de e padres a hijas. As\u00ed como Johnny Depp estuvo en la apertura, y Ethan Hawke, un d\u00eda despu\u00e9s, con <em>Extra\u00f1a forma de vida<\/em>, el western gay de 30 minutos de Pedro Almod\u00f3var, las hijas de ambos tambi\u00e9n pasaron por el Festival. Lily-Rose Depp, hija de Vanessa Paradis y Depp, estuvo el lunes, en la premi\u00e8re de los dos primeros episodios de la serie <em>The Idol<\/em>, y Maya Ray Thurman-Hawke, hija de Ethan y Uma Thurman (que estuvo en la inauguraci\u00f3n) present\u00f3 <em>Asteroid City<\/em>.<\/p>\n<p>Ya contamos <a data-cke-saved-href=\"https:\/\/www.clarin.com\/espectaculos\/cine\/exclusivo-clarin-fiesta-the-weeknd-cannes-bailando-lily-depp-the-weeknd-dj_0_x7hXND287X.html\" target=\"_blank\" href=\"https:\/\/www.clarin.com\/espectaculos\/cine\/exclusivo-clarin-fiesta-the-weeknd-cannes-bailando-lily-depp-the-weeknd-dj_0_x7hXND287X.html\" rel=\"noopener noreferrer\"><strong>lo que fue esa fiesta de <em>The Idol<\/em>, con The Weeknd como DJ<\/strong><\/a> y Lily-Rose bailando con los pocos invitados, incluido el enviado de Clar\u00edn.<\/p>\n<p>No se hizo demasiado p\u00fablica la imagen, pero verlo al director de <em>Asteroid City<\/em>, Wes Anderson, llegar al Palais des festivals en un autob\u00fas fue llamativo. El cineasta lo hizo con parte de su equipo que lleg\u00f3 hasta aqu\u00ed, entre ellos la mencionada Maya Hawke, m\u00e1s Scarlett Johansson, Tom Hanks, Bryan Cranston y Adrien Brody. Dejaron de lado los autos oficiales negros de BMW -sponsor este a\u00f1o del Festival- directamente a la alfombra roja.<\/p>\n<div class=\"sp__Normal embed-box embed-body-photo\" data-index=\"4\">\n<picture class=\"pointer\">\n<img class=\"img-expand\" width=\"100\" height=\"100\" loading=\"lazy\" src=\"http:\/\/cordobateve.net\/wp-content\/uploads\/2023\/05\/todo-lo-que-dejo-el-festival-de-cannes-de-un-bodrio-al-cuerpo-bendecido-de-harrison-ford-5.jpg\" alt=\"Llegamos. Tom Hanks, Scarlett Johansson, Jason Schwartzman y el directcor Wes Anderson fueron en autob\u00fas a la alfombra roja. Foto Reuters\"><br \/>\n<span class=\"bt-expand\"><br \/>\n<svg class=\"ico white_mod\">\n<use class=\"use-expand\" xlink:href=\"#icon-expand\" \/>\n<\/svg><br \/>\n<\/span>\n<\/picture><figcaption>Llegamos. Tom Hanks, Scarlett Johansson, Jason Schwartzman y el directcor Wes Anderson fueron en autob\u00fas a la alfombra roja. Foto Reuters <\/figcaption><\/div>\n<p>All\u00ed mismo, d\u00edas despu\u00e9s, los que no hab\u00edan visto a\u00fan<em> Il Sol dell&#8217; avvenire<\/em>, de Nanni Moretti, no entend\u00edan qu\u00e9 hac\u00edan el director italiano y sus actores girando, dando vueltas como un trompo en la alfombra roja. Tiene que ver con la escena final de la pel\u00edcula.<\/p>\n<div class=\"sp__Normal embed-box embed-body-photo\" data-index=\"5\">\n<picture class=\"pointer\">\n<img class=\"img-expand\" width=\"100\" height=\"100\" loading=\"lazy\" src=\"http:\/\/cordobateve.net\/wp-content\/uploads\/2023\/05\/todo-lo-que-dejo-el-festival-de-cannes-de-un-bodrio-al-cuerpo-bendecido-de-harrison-ford-6.jpg\" alt=\"Harrison Ford, con la nueva Directora del Festival de Cannes, y su Palma de Oro de Honor. Foto AFP\"><br \/>\n<span class=\"bt-expand\"><br \/>\n<svg class=\"ico white_mod\">\n<use class=\"use-expand\" xlink:href=\"#icon-expand\" \/>\n<\/svg><br \/>\n<\/span>\n<\/picture><figcaption>Harrison Ford, con la nueva Directora del Festival de Cannes, y su Palma de Oro de Honor. Foto AFP <\/figcaption><\/div>\n<p>Antes, Harrison Ford hab\u00eda recibido una Palma de Oro de honor sorpresa, la noche de la premi\u00e8re de<em> Indiana Jones y el llamado del destino<\/em>, en la Sala Lumi\u00e8re. Un d\u00eda despu\u00e9s, en su encuentro con la prensa internacional, el habitualmente parco, pero simp\u00e1tico, actor de <em>Testigo en peligro<\/em> y la saga de Star Wars, respondi\u00f3 ante un comentario, m\u00e1s que una pregunta, de una periodista Australia, de que a\u00fan lo encontraba \u201chot\u201d.<\/p>\n<p>\u201cFui bendecido con este cuerpo\u201d, fue la respuesta de Ford, de 80 a\u00f1os. Cosas que solo suceden en Cannes.<\/p>\n<p><span class=\"title-related\">Mir\u00e1 tambi\u00e9n<\/span> <\/p>\n<p><u><em>Enviado especial<\/em><\/u><\/p>\n<p> <span class=\"title-related\">Mir\u00e1 tambi\u00e9n<\/span> <\/p>\n","protected":false},"excerpt":{"rendered":"<p>Si todo concluye al fin, esta edici\u00f3n del Festival de Cannes dej\u00f3 m\u00e1s conformes a sus invitados que en recientes oportunidades. El Palmar\u00e9s no ofendi\u00f3 esta vez a nadie, hubo mega presencias de estrellas, el nivel de las pel\u00edculas en competici\u00f3n fue de buena para arriba -salvo excepciones- y de no sr por la lluvia [&hellip;]<\/p>\n","protected":false},"author":1,"featured_media":54306,"comment_status":"closed","ping_status":"closed","sticky":false,"template":"","format":"standard","meta":[],"categories":[18],"tags":[],"_links":{"self":[{"href":"http:\/\/cordobateve.net\/index.php\/wp-json\/wp\/v2\/posts\/54305"}],"collection":[{"href":"http:\/\/cordobateve.net\/index.php\/wp-json\/wp\/v2\/posts"}],"about":[{"href":"http:\/\/cordobateve.net\/index.php\/wp-json\/wp\/v2\/types\/post"}],"author":[{"embeddable":true,"href":"http:\/\/cordobateve.net\/index.php\/wp-json\/wp\/v2\/users\/1"}],"replies":[{"embeddable":true,"href":"http:\/\/cordobateve.net\/index.php\/wp-json\/wp\/v2\/comments?post=54305"}],"version-history":[{"count":0,"href":"http:\/\/cordobateve.net\/index.php\/wp-json\/wp\/v2\/posts\/54305\/revisions"}],"wp:featuredmedia":[{"embeddable":true,"href":"http:\/\/cordobateve.net\/index.php\/wp-json\/wp\/v2\/media\/54306"}],"wp:attachment":[{"href":"http:\/\/cordobateve.net\/index.php\/wp-json\/wp\/v2\/media?parent=54305"}],"wp:term":[{"taxonomy":"category","embeddable":true,"href":"http:\/\/cordobateve.net\/index.php\/wp-json\/wp\/v2\/categories?post=54305"},{"taxonomy":"post_tag","embeddable":true,"href":"http:\/\/cordobateve.net\/index.php\/wp-json\/wp\/v2\/tags?post=54305"}],"curies":[{"name":"wp","href":"https:\/\/api.w.org\/{rel}","templated":true}]}}