{"id":54658,"date":"2023-06-05T21:02:56","date_gmt":"2023-06-05T21:02:56","guid":{"rendered":"https:\/\/www.clarin.com\/cultura\/arranca-festival-borges-14-actividades-dias-celebrar-autor-aleph-_0_mFq8SxUWfh.html"},"modified":"2023-06-05T21:02:56","modified_gmt":"2023-06-05T21:02:56","slug":"arranca-el-festival-borges-14-actividades-en-cinco-dias-para-celebrar-al-autor-de-el-aleph","status":"publish","type":"post","link":"http:\/\/cordobateve.net\/index.php\/2023\/06\/05\/arranca-el-festival-borges-14-actividades-en-cinco-dias-para-celebrar-al-autor-de-el-aleph\/","title":{"rendered":"Arranca el Festival Borges: 14 actividades en cinco d\u00edas para celebrar al autor de \u00abEl Aleph\u00bb"},"content":{"rendered":"<p><img src=\"http:\/\/cordobateve.net\/wp-content\/uploads\/2023\/06\/arranca-el-festival-borges-14-actividades-en-cinco-dias-para-celebrar-al-autor-de-el-aleph.jpg\"><\/p>\n<p>Investigadores y escritores participantes del <strong><a data-cke-saved-href=\"https:\/\/www.clarin.com\/cultura\/plagio-elegante-eternidad-caja-galletitas-arranca-festival-borges_0_LTZr6DOuej.html\" target=\"_blank\" href=\"https:\/\/www.clarin.com\/cultura\/plagio-elegante-eternidad-caja-galletitas-arranca-festival-borges_0_LTZr6DOuej.html\" rel=\"noopener noreferrer\">Festival Borges <\/a>que se llevar\u00e1 a cabo desde el lunes y&nbsp;hasta el viernes<\/strong> resaltan la importancia de desacralizar al c\u00e9lebre escritor argentino y acercar su obra al p\u00fablico de manera accesible, adem\u00e1s de enfatizar la necesidad de disfrutarlo de forma hedonista, o celebrar el surgimiento de nuevas miradas en torno a su obra, as\u00ed como la multiplicaci\u00f3n de las comunidades lectoras.<\/p>\n<p>Con la intenci\u00f3n de descubrir al emblem\u00e1tico autor argentino a trav\u00e9s de conversaciones con invitados nacionales e internacionales,<strong> el ciclo ofrecer\u00e1 a partir del lunes&nbsp;14&nbsp;actividades en cinco d\u00edas, en un formato h\u00edbrido que combina charlas virtuales y presenciales.<\/strong> Al igual que el que tuvo lugar durante la <a data-cke-saved-href=\"https:\/\/www.clarin.com\/tema\/feria-del-libro.html\" target=\"_blank\" href=\"https:\/\/www.clarin.com\/tema\/feria-del-libro.html\" rel=\"noopener noreferrer\">Feria del Libro<\/a>, ser\u00e1 otro encuentro en conmemoraci\u00f3n de los 100 a\u00f1os de la publicaci\u00f3n del primer libro de <a data-cke-saved-href=\"https:\/\/www.clarin.com\/tema\/jorge-luis-borges.html\" target=\"_blank\" href=\"https:\/\/www.clarin.com\/tema\/jorge-luis-borges.html\" rel=\"noopener noreferrer\"><strong>Jorge Luis Borges<\/strong><\/a>, <a data-cke-saved-href=\"https:\/\/www.clarin.com\/cultura\/reediciones-homenajes-100-anos-fervor-buenos-aires-primer-libro-poesia-borges_0_lXB0qvoNvr.html\" target=\"_blank\" href=\"https:\/\/www.clarin.com\/cultura\/reediciones-homenajes-100-anos-fervor-buenos-aires-primer-libro-poesia-borges_0_lXB0qvoNvr.html\" rel=\"noopener noreferrer\"><em>Fervor de Buenos Aires<\/em>.<\/a><\/p>\n<p>Entre los invitados destacados que participar\u00e1n de estas jornadas se encuentran el novelista y traductor espa\u00f1ol <a data-cke-saved-href=\"https:\/\/www.clarin.com\/cultura\/andres-barba-traumatizados-pandemia-_0_haXA5vItIk.html\" target=\"_blank\" href=\"https:\/\/www.clarin.com\/cultura\/andres-barba-traumatizados-pandemia-_0_haXA5vItIk.html\" rel=\"noopener noreferrer\"><strong>Andr\u00e9s Barba<\/strong><\/a>, que hablar\u00e1 sobre Borges y su \u00abelegante forma de plagiar\u00bb; <strong>el acad\u00e9mico gal\u00e9s Richard Gwyn,<\/strong> quien finalmente por un paro de trenes en su pa\u00eds no podr\u00e1 asistir, pero lo har\u00e1 de forma remota y explorar\u00e1 los mundos paralelos del autor; y el periodista <strong>Walter Romero,<\/strong> encargado de abordar el tango desde la perspectiva del gran escritor argentino.<\/p>\n<div class=\"sp__Normal embed-box embed-body-photo\" data-index=\"1\">\n<picture class=\"pointer\">\n<img class=\"img-expand\" width=\"100\" height=\"100\" loading=\"lazy\" src=\"http:\/\/cordobateve.net\/wp-content\/uploads\/2023\/06\/arranca-el-festival-borges-14-actividades-en-cinco-dias-para-celebrar-al-autor-de-el-aleph-2.jpg\" alt=\"29 03 23\nVIVA\nExclusivo revista VIVA\nEntrevista con Alejandro Vaccaro Presidente de la Fundacion el Libro.\nFoto German Garcia Adrasti - FTP CLARIN DSC04654.JPG Z GAdrasti\"><br \/>\n<span class=\"bt-expand\"><br \/>\n<svg class=\"ico white_mod\">\n<use class=\"use-expand\" xlink:href=\"#icon-expand\" \/>\n<\/svg><br \/>\n<\/span>\n<\/picture><figcaption>29 03 23<br \/>\nVIVA<br \/>\nExclusivo revista VIVA<br \/>\nEntrevista con Alejandro Vaccaro Presidente de la Fundacion el Libro.<br \/>\nFoto German Garcia Adrasti &#8211; FTP CLARIN DSC04654.JPG Z GAdrasti <\/figcaption><\/div>\n<p>Adem\u00e1s, las charlas virtuales contar\u00e1n con la participaci\u00f3n del escritor espa\u00f1ol<strong> Eloy Tiz\u00f3n<\/strong>, el investigador estadounidense<strong> Daniel Balderston<\/strong>, la investigadora <strong>Sylvia Sa\u00edtta, <\/strong>las autoras <strong>Claudia Pi\u00f1eiro<\/strong> y <strong>D\u00e9bora Mundani,<\/strong> y la periodista <strong>Hinde Pomeraniec,<\/strong> entre otros destacados profesionales del \u00e1mbito literario.<\/p>\n<p>Durante el festival, se abordar\u00e1n diversos temas relacionados con la obra de Borges, como <strong>su estilo de escritura, su relaci\u00f3n con el cine, el tango y los medios de comunicaci\u00f3n<\/strong>, el an\u00e1lisis de obras como <em>Fervor de Buenos Aires<\/em>, <em>El Aleph<\/em> y <em>Las ruinas circulares<\/em>, as\u00ed como el an\u00e1lisis del manuscrito de una de sus conferencias.<\/p>\n<p> Tambi\u00e9n se reflexionar\u00e1 sobre la experiencias de lectura que genera su obra y en qu\u00e9 medida puede ser considerado un escritor \u00abnacional\u00bb un narrador que construy\u00f3 una literatura de car\u00e1cter tan universal.<\/p>\n<p>Algunos de los participantes coinciden en<strong> la importancia de desacralizar a Borges y acercarlo al p\u00fablico de manera accesible. <\/strong>Tambi\u00e9n en poner \u00e9nfasis en la relectura y exploraci\u00f3n de nuevas perspectivas en la obra del escritor, el reconocimiento de su legado inagotable y la necesidad de seguir reflexionando sobre su universo literario y la valoraci\u00f3n de la diversidad de lectores, as\u00ed como el di\u00e1logo entre diferentes perspectivas de lectura.<\/p>\n<p>Ya desde su propuesta inicial, <strong>el Festival Borges busca celebrar la figura del autor,<\/strong> fomentar el h\u00e1bito de la lectura, promover el intercambio cultural con otros pa\u00edses y difundir la literatura argentina. El evento est\u00e1 organizado por la investigadora <strong>Vivian Dragna<\/strong> y la editora y gestora cultural <strong>Marisol Alonso<\/strong>, y cuenta con el apoyo del Ministerio de Cultura de la Ciudad a trav\u00e9s de Mecenazgo y la Fundaci\u00f3n Ita\u00fa.<\/p>\n<div class=\"sp__Normal embed-box embed-body-photo\" data-index=\"2\">\n<picture class=\"pointer\">\n<img class=\"img-expand\" width=\"100\" height=\"100\" loading=\"lazy\" src=\"http:\/\/cordobateve.net\/wp-content\/uploads\/2023\/06\/arranca-el-festival-borges-14-actividades-en-cinco-dias-para-celebrar-al-autor-de-el-aleph-3.jpg\" alt=\"El Festival Borges busca celebrar la figura del autor, fomentar el h\u00e1bito de la lectura, promover el intercambio cultural con otros pa\u00edses y difundir la literatura argentina.\"><br \/>\n<span class=\"bt-expand\"><br \/>\n<svg class=\"ico white_mod\">\n<use class=\"use-expand\" xlink:href=\"#icon-expand\" \/>\n<\/svg><br \/>\n<\/span>\n<\/picture><figcaption>El Festival Borges busca celebrar la figura del autor, fomentar el h\u00e1bito de la lectura, promover el intercambio cultural con otros pa\u00edses y difundir la literatura argentina. <\/figcaption><\/div>\n<h2>\u00abBorges es inagotable\u00bb<\/h2>\n<p>El escritor<strong> Andr\u00e9s Barba<\/strong> destaca la importancia de no reverenciar a <strong>Borges<\/strong> y disfrutar su obra de manera hedonista, sin obligaciones. \u00abUn autor como \u00e9l puede ser veneno para la taquilla si da la sensaci\u00f3n de que el festival se articula solo para iniciados o que no se entender\u00e1 una palabra si no se ha le\u00eddo la mitad de la obra\u00bb, destaca. <\/p>\n<p>Y agrega: \u00abLa sombra de Borges es muy alargada. Hay que ense\u00f1ar a la gente a acercarse a \u00e9l con un esp\u00edritu estrictamente hedonista, sin obligaciones de ninguna clase. Uno puede amar a Borges y detestar algunos libros suyos. Borges no es un equipo de f\u00fatbol, no hay que bancarlo a muerte\u00bb.<\/p>\n<p>Por su parte, <strong>D\u00e9bora Mundani <\/strong>se\u00f1ala que el festival y las celebraciones en torno a la obra de Borges ofrecen una oportunidad para la relectura y la exploraci\u00f3n de nuevas perspectivas.<\/p>\n<p>La escritora explica que este a\u00f1o hay dos eventos que se destacan: las celebraciones por el centenario de la publicaci\u00f3n de <em>Fervor de Buenos Aires<\/em>&nbsp;y la 3\u00b0 edici\u00f3n del Festival: \u00abAmbos se ofrecen como escenarios para visitar con nuevos ojos una obra de la que ya se ha dicho mucho pero nunca lo suficiente ya que el legado de Borges es inagotable y siempre hay algo m\u00e1s para pensar alrededor de \u00e9l. Es interesante observar que, as\u00ed como van surgiendo nuevas miradas y perspectivas sobre su universo literario, tambi\u00e9n se multiplican las comunidades lectoras, que trascienden todo tipo de fronteras\u00bb.<\/p>\n<div class=\"sp__Normal embed-box embed-body-photo\" data-index=\"3\">\n<picture class=\"pointer\">\n<img class=\"img-expand\" width=\"100\" height=\"100\" loading=\"lazy\" src=\"http:\/\/cordobateve.net\/wp-content\/uploads\/2023\/06\/arranca-el-festival-borges-14-actividades-en-cinco-dias-para-celebrar-al-autor-de-el-aleph-4.jpg\" alt=\"Durante el festival, se abordar\u00e1n diversos temas relacionados con la obra de Borges.\"><br \/>\n<span class=\"bt-expand\"><br \/>\n<svg class=\"ico white_mod\">\n<use class=\"use-expand\" xlink:href=\"#icon-expand\" \/>\n<\/svg><br \/>\n<\/span>\n<\/picture><figcaption>Durante el festival, se abordar\u00e1n diversos temas relacionados con la obra de Borges. <\/figcaption><\/div>\n<p>De esta forma<strong> Mundani<\/strong> destaca que el legado del escritor es inagotable y que siempre hay algo nuevo que descubrir y reflexionar en relaci\u00f3n a su universo literario. Tambi\u00e9n remarca el crecimiento de las comunidades lectoras y la multiplicidad de miradas sobre la obra del autor de <em>Ficciones<\/em>.<\/p>\n<p>Mientras que <strong>Sa\u00edtta<\/strong> resalta la necesidad de preservar el legado del escritor, especialmente en t\u00e9rminos materiales y de derechos de autor. Y agrega: \u00abla existencia misma de los homenajes nos invita a la lectura y a la relectura de sus cuentos, poemas o ensayos. En segundo lugar, esta lectura, obviamente, se realiza desde el presente y, por lo tanto, este presente desde el que leemos, ilumina, de un modo probablemente antes no pensado, zonas de la literatura de Borges con nuevas preguntas. Que van desde, la perspectiva de g\u00e9nero, sobre la trayectoria de Borges, en tanto un escritor vinculado a los medios de comunicaci\u00f3n masiva o la otra zona que en estos \u00faltimos a\u00f1os se ha trabajado bastante, que es el trabajo con sus manuscritos y conferencias, es decir, zonas de su obra que no hab\u00edan sido todav\u00eda del todo estudiadas\u00bb.<\/p>\n<p><strong>Barba<\/strong> tambi\u00e9n se suma se\u00f1alando que los cl\u00e1sicos tienen una vida particular, permanente: \u00abSon como un r\u00edo subterr\u00e1neo y constante, al margen de las modas y los mercados. Yo no s\u00e9 si tendr\u00e1 un impacto muy significativo, pero no todo tiene que tener un impacto significativo para existir, \u00bfno? A veces hacemos las cosas solo porque nos da la gana, porque nos divierte, porque es maravilloso hablar de libros maravillosos. Lo importante es que esa construcci\u00f3n colectiva del personaje de Borges no sea algo elitista, reservado a la academia o a lectores hiperespecializados. Vamos a matar a Borges con tanta reverencia\u00bb, enfatiza.<\/p>\n<p><strong>Dragna<\/strong> explica que el objetivo del Festival Borges es acercar al escritor argentino al p\u00fablico, destacando que su obra no es inaccesible ni compleja, sino que est\u00e1 m\u00e1s cerca de nosotros de lo que pensamos. El narrador crea textos inmortales que trascienden el tiempo y abordan temas universales como la traici\u00f3n, el destino, la muerte y la creaci\u00f3n.<\/p>\n<p>Dice la escritora: <strong>\u00abBorges es inagotable. <\/strong>Esto significa que un mismo lector es posible que nunca termine de leerlo, aunque haya le\u00eddo toda su obra. Siempre habr\u00e1 nuevas formas de interpretarlo, de entenderlo. Se lo puede leer de diversas maneras\u00bb.<\/p>\n<p>\u00abPor ejemplo, podemos elegir estudiar las distintas correcciones de &#8216;Fervor de Buenos Aires&#8217;, que fueron muchas, pero hay tres fundamentales. Podemos decidir estudiarlo en comparaci\u00f3n con otros escritores, como Cort\u00e1zar, ya que pareciera que cuentos de ambos conversan, est\u00e1n relacionados. Podemos buscar el origen de las tramas de sus cuentos, muchos de ellos son tomados de otros escritores (&#8216;El jard\u00edn de senderos que se bifurcan&#8217; est\u00e1 basado en una novela que Borges rese\u00f1\u00f3 en 1937, \u00abEl sue\u00f1o del aposento rojo\u00bb). Otra opci\u00f3n es buscar el origen de una cita e ir a su fuente (por ejemplo, en &#8216;El inmortal&#8217;, al final, hay una cita de un famoso pr\u00f3logo de Joseph Conrad). Borges siempre nos est\u00e1 diciendo cosas en sus textos, nos deja la tarea de averiguarlo\u00bb, concluye.<\/p>\n<p>El Festival busca mostrar la diversidad de su obra y explorar su vida personal, as\u00ed como fomentar la lectura en general y en particular la obra del escritor argentino m\u00e1s universal. El evento en sus ediciones anteriores ha alcanzado a audiencias de todo el mundo, proporcionando ideas, tramas y reflexiones a trav\u00e9s de charlas y talleres, y su impacto es incalculable en t\u00e9rminos de lectores alcanzados y la experiencia de expandir la imaginaci\u00f3n, reflexionar y disfrutar de la obra de Borges.<\/p>\n<p>El programa del festival consta de dos charlas presenciales que tendr\u00e1n lugar en la biblioteca de la Casa de la Lectura, ubicada en Lavalleja 924, y 12&nbsp;charlas virtuales que se transmitir\u00e1n a trav\u00e9s del canal de <a data-cke-saved-href=\"https:\/\/www.youtube.com\/c\/FestivalBorges\" target=\"_blank\" href=\"https:\/\/www.youtube.com\/c\/FestivalBorges\" rel=\"noopener noreferrer\">YouTube del Festival Borges<\/a>. Es necesario realizar una inscripci\u00f3n previa tanto para las actividades presenciales como para las virtuales, a trav\u00e9s del <a data-cke-saved-href=\"https:\/\/festivalborges.com.ar\" target=\"_blank\" href=\"https:\/\/festivalborges.com.ar\" rel=\"noopener noreferrer\">sitio web del festival<\/a>.<\/p>\n<p><em>T\u00e9lam<\/em><\/p>\n<p><em>PC<\/em><\/p>\n<p> <span class=\"title-related\">Mir\u00e1 tambi\u00e9n<\/span> <\/p>\n","protected":false},"excerpt":{"rendered":"<p>Investigadores y escritores participantes del Festival Borges que se llevar\u00e1 a cabo desde el lunes y&nbsp;hasta el viernes resaltan la importancia de desacralizar al c\u00e9lebre escritor argentino y acercar su obra al p\u00fablico de manera accesible, adem\u00e1s de enfatizar la necesidad de disfrutarlo de forma hedonista, o celebrar el surgimiento de nuevas miradas en torno [&hellip;]<\/p>\n","protected":false},"author":1,"featured_media":54659,"comment_status":"closed","ping_status":"closed","sticky":false,"template":"","format":"standard","meta":[],"categories":[22],"tags":[],"_links":{"self":[{"href":"http:\/\/cordobateve.net\/index.php\/wp-json\/wp\/v2\/posts\/54658"}],"collection":[{"href":"http:\/\/cordobateve.net\/index.php\/wp-json\/wp\/v2\/posts"}],"about":[{"href":"http:\/\/cordobateve.net\/index.php\/wp-json\/wp\/v2\/types\/post"}],"author":[{"embeddable":true,"href":"http:\/\/cordobateve.net\/index.php\/wp-json\/wp\/v2\/users\/1"}],"replies":[{"embeddable":true,"href":"http:\/\/cordobateve.net\/index.php\/wp-json\/wp\/v2\/comments?post=54658"}],"version-history":[{"count":0,"href":"http:\/\/cordobateve.net\/index.php\/wp-json\/wp\/v2\/posts\/54658\/revisions"}],"wp:featuredmedia":[{"embeddable":true,"href":"http:\/\/cordobateve.net\/index.php\/wp-json\/wp\/v2\/media\/54659"}],"wp:attachment":[{"href":"http:\/\/cordobateve.net\/index.php\/wp-json\/wp\/v2\/media?parent=54658"}],"wp:term":[{"taxonomy":"category","embeddable":true,"href":"http:\/\/cordobateve.net\/index.php\/wp-json\/wp\/v2\/categories?post=54658"},{"taxonomy":"post_tag","embeddable":true,"href":"http:\/\/cordobateve.net\/index.php\/wp-json\/wp\/v2\/tags?post=54658"}],"curies":[{"name":"wp","href":"https:\/\/api.w.org\/{rel}","templated":true}]}}