{"id":54891,"date":"2023-06-10T02:49:35","date_gmt":"2023-06-10T02:49:35","guid":{"rendered":"https:\/\/www.clarin.com\/cultura\/insolita-reaccion-historieta-dibujante-horacio-altuna_0_4GXarxGS4l.html"},"modified":"2023-06-10T02:49:35","modified_gmt":"2023-06-10T02:49:35","slug":"insolita-reaccion-por-una-historieta-del-dibujante-horacio-altuna","status":"publish","type":"post","link":"http:\/\/cordobateve.net\/index.php\/2023\/06\/10\/insolita-reaccion-por-una-historieta-del-dibujante-horacio-altuna\/","title":{"rendered":"Ins\u00f3lita reacci\u00f3n por una historieta del dibujante Horacio Altuna"},"content":{"rendered":"<p><img src=\"http:\/\/cordobateve.net\/wp-content\/uploads\/2023\/06\/insolita-reaccion-por-una-historieta-del-dibujante-horacio-altuna.jpg\"><\/p>\n<div><img src=\"http:\/\/cordobateve.net\/wp-content\/uploads\/2023\/06\/insolita-reaccion-por-una-historieta-del-dibujante-horacio-altuna-2.jpg\" class=\"ff-og-image-inserted\"><\/div>\n<div readability=\"31.5\">\n<div class=\"title check-space\" data-color=\"style='background-color:'\" readability=\"8\">\n<p><h2>El Conicet protest\u00f3 por el contenido. Varios intelectuales defendieron al historietista.<\/h2>\n<h2> <\/h2>\n<\/p>\n<\/div><\/div>\n<div id=\"entry-body\">\n<p>Una vi\u00f1eta de <a data-cke-saved-href=\"https:\/\/www.clarin.com\/historias\/horacio-altuna-80-espana-encrucijada-deseo-volver-conviccion-tarde-_0_KldHj\" target=\"_blank\" href=\"https:\/\/www.clarin.com\/historias\/horacio-altuna-80-espana-encrucijada-deseo-volver-conviccion-tarde-_0_KldHj\" rel=\"noopener noreferrer\">Horacio Altuna<\/a> publicada el jueves en la tira diaria en la contratapa de <strong>Clar\u00edn<\/strong> en el que uno de los personajes de la historieta se refiere a s\u00ed mismo como un \u201c\u00f1oqui\u201d del Conicet caus\u00f3 revuelo, confusi\u00f3n y una ins\u00f3lita pol\u00e9mica que involucr\u00f3 a cient\u00edficos, investigadores y tambi\u00e9n escritores y periodistas. Ante la creciente ola de cr\u00edticas, insultos y repudio de investigadores del Conicet y militantes identificados con el kirchnerismo, el c\u00e9lebre historietista tuvo que pedir disculpas en las redes sociales.<\/p>\n<p>La controversia gan\u00f3 volumen cuando escritores y colegas de Altuna -entre ellos Sergio Olgu\u00edn, Hern\u00e1n Casciari y El Ni\u00f1o Rodr\u00edguez- salieron a defender al dibujante y a pedir que se <strong>respete el derecho a la libertad de expresi\u00f3n.<\/strong><\/p>\n<p><strong>En la tira \u201cEs lo que hay\u201d, que Altuna publica diariamente en Clar\u00edn<\/strong> se produjo el siguiente di\u00e1logo entre dos personajes en la v\u00eda p\u00fablica: \u201cVamos en taxi, te pago una cena\u201d, dice uno de ellos, y el otro responde: \u201cPero, \u00bften\u00e9s guita? En serio\u201d. Y el protagonista de la tira afirma: \u201cClaro, soy docente? Soy \u00f1oqui&#8230; Estoy en el Conicet\u201d.<\/p>\n<p>Cabe se\u00f1alar que el calificativo \u201c\u00f1oqui\u201d suele asociarse a aquellos empleados estatales que cobran un sueldo \u201clos d\u00edas 29\u201d sin trabajar.<\/p>\n<p>La vi\u00f1eta en cuesti\u00f3n se viraliz\u00f3 en las redes cuando la public\u00f3 un bioqu\u00edmico y r\u00e1pidamente se sumaron voces a favor y en contra de Altuna. <strong>Muchos de ellos insultaron al dibujante<\/strong>. Pero el malestar en varios funcionarios y cient\u00edficos del organismo estatal se hizo evidente. Algunos trataron al historietista -uno de los creadores m\u00e1s premiados de la historia argentina, con reconocimiento internacional desde hace d\u00e9cadas- de \u201cignorante\u201d al sentirse ofendidos por la vi\u00f1eta.<\/p>\n<p>\u201cAyer sali\u00f3 esta tira de Horacio Altuna en Clar\u00edn. No lo conozco, no s\u00e9 si es mala leche, ignorancia, o ambas cosas. Supongamos que es ignorancia. Lo invito a pasar una semana en cualquier instituto de Conicet para que vea lo que significa hacer ciencia y docencia en Argentina\u201d, <strong>escribi\u00f3 en sus redes -y lo arrob\u00f3- el investigador y bioqu\u00edmico Rodrigo Quiroga,<\/strong> quien gan\u00f3 preponderancia en las redes sociales cuando defendi\u00f3 la pol\u00edtica sanitaria del gobierno durante la pandemia.<\/p>\n<p>Luego, el Conicet sali\u00f3 a responderle en Twitter al creador de la c\u00e9lebre tira \u201cEl Loco Ch\u00e1vez\u201d: \u201cEn relaci\u00f3n a la reciente publicaci\u00f3n de una historieta en la contratapa de @clarincom que refiere al organismo, <strong>desde el CONICET nos sumamos al repudio de este tipo de valorizaciones y formas de construcci\u00f3n social. <\/strong>Tenemos orgullo por la #CienciaArgentina, por la calidad del trabajo de nuestros cient\u00edficos y cient\u00edficas y por el compromiso de los trabajadores y trabajadoras de nuestra instituci\u00f3n de aportar este desarrollo cient\u00edfico a la construcci\u00f3n de un pa\u00eds m\u00e1s justo, inclusivo, soberano y sin violencias\u201d, expres\u00f3 en su cuenta @CONICETDialoga.<\/p>\n<p>Por su parte, <strong>la Asociaci\u00f3n de Trabajadores del Estado (ATE)<\/strong> tambi\u00e9n se hizo eco de la pol\u00e9mica y cuestion\u00f3 la tira.<\/p>\n<p>A ra\u00edz de esta situaci\u00f3n, el historietista aclar\u00f3 el contenido&nbsp;y tambi\u00e9n <strong>defendi\u00f3 a su personaje de ficci\u00f3n, a quien califica de \u201cchanta\u201d:<\/strong> \u201cEn mi tira \u2018Es lo que hay\u2019, un personaje, que es un rata, anda con guita y dice tenerla porque \u2018<em>es docente, \u00f1oqui, del Conicet\u2019, <\/em><strong>es una enumeraci\u00f3n ir\u00f3nica<\/strong>. En otra tira argumenta que la gan\u00f3 en el Merval como broker. Son incongruencias viniendo y conociendo al personaje\u201d, aclar\u00f3 el humorista radicado en Espa\u00f1a en su cuenta en Twitter.<\/p>\n<p>\u201cSer\u00e1, en todo caso, un error narrativo m\u00edo del que me disculpo. Yo no pienso as\u00ed de los laburantes del Conicet, como algunos interpretaron y que tambi\u00e9n me insultaron. <strong>Tambi\u00e9n digo que es la primera vez en 13 a\u00f1os de Twitter, cerca de 150.000 seguidores, que alguien lo hace\u201d.<\/strong><\/p>\n<p>\u201cLamento, repito, si me equivoqu\u00e9 en la narraci\u00f3n. Me sorprende, tambi\u00e9n, que <strong>los ofendidos defensores del Conicet, Instituto que respeto y admiro, me insulten por eso<\/strong>. Otra vez lo siento. Es la primera vez en m\u00e1s de 50 a\u00f1os de profesi\u00f3n que me pasa\u201d, concluy\u00f3 Altuna<\/p>\n<\/p><\/div>\n","protected":false},"excerpt":{"rendered":"<p>El Conicet protest\u00f3 por el contenido. Varios intelectuales defendieron al historietista. Una vi\u00f1eta de Horacio Altuna publicada el jueves en la tira diaria en la contratapa de Clar\u00edn en el que uno de los personajes de la historieta se refiere a s\u00ed mismo como un \u201c\u00f1oqui\u201d del Conicet caus\u00f3 revuelo, confusi\u00f3n y una ins\u00f3lita pol\u00e9mica [&hellip;]<\/p>\n","protected":false},"author":1,"featured_media":54892,"comment_status":"closed","ping_status":"closed","sticky":false,"template":"","format":"standard","meta":[],"categories":[22],"tags":[],"_links":{"self":[{"href":"http:\/\/cordobateve.net\/index.php\/wp-json\/wp\/v2\/posts\/54891"}],"collection":[{"href":"http:\/\/cordobateve.net\/index.php\/wp-json\/wp\/v2\/posts"}],"about":[{"href":"http:\/\/cordobateve.net\/index.php\/wp-json\/wp\/v2\/types\/post"}],"author":[{"embeddable":true,"href":"http:\/\/cordobateve.net\/index.php\/wp-json\/wp\/v2\/users\/1"}],"replies":[{"embeddable":true,"href":"http:\/\/cordobateve.net\/index.php\/wp-json\/wp\/v2\/comments?post=54891"}],"version-history":[{"count":0,"href":"http:\/\/cordobateve.net\/index.php\/wp-json\/wp\/v2\/posts\/54891\/revisions"}],"wp:featuredmedia":[{"embeddable":true,"href":"http:\/\/cordobateve.net\/index.php\/wp-json\/wp\/v2\/media\/54892"}],"wp:attachment":[{"href":"http:\/\/cordobateve.net\/index.php\/wp-json\/wp\/v2\/media?parent=54891"}],"wp:term":[{"taxonomy":"category","embeddable":true,"href":"http:\/\/cordobateve.net\/index.php\/wp-json\/wp\/v2\/categories?post=54891"},{"taxonomy":"post_tag","embeddable":true,"href":"http:\/\/cordobateve.net\/index.php\/wp-json\/wp\/v2\/tags?post=54891"}],"curies":[{"name":"wp","href":"https:\/\/api.w.org\/{rel}","templated":true}]}}