{"id":5523,"date":"2020-12-15T15:08:02","date_gmt":"2020-12-15T15:08:02","guid":{"rendered":"https:\/\/www.clarin.com\/cultura\/blasfemia-leon-ferrari-llego-madrid-quedarse_0_Nygk_XJ6j.html"},"modified":"2020-12-15T15:08:02","modified_gmt":"2020-12-15T15:08:02","slug":"la-blasfemia-de-leon-ferrari-llego-a-madrid-para-quedarse","status":"publish","type":"post","link":"http:\/\/cordobateve.net\/index.php\/2020\/12\/15\/la-blasfemia-de-leon-ferrari-llego-a-madrid-para-quedarse\/","title":{"rendered":"La \u00abblasfemia\u00bb de Le\u00f3n Ferrari lleg\u00f3 a Madrid para quedarse"},"content":{"rendered":"<p><img src=\"http:\/\/cordobateve.net\/wp-content\/uploads\/2020\/12\/la-blasfemia-de-leon-ferrari-llego-a-madrid-para-quedarse.jpg\"><\/p>\n<p><a alt=\"leon-ferrari\" class=\"slug\" href=\"https:\/\/www.clarin.com\/tema\/leon-ferrari.html\" target=\"_blank\" title=\"leon-ferrari\" rel=\"noopener noreferrer\">Le\u00f3n Ferrari,<\/a> uno de los nombres fundamentales del arte latinoamericano, <strong>llega al Museo Reina Sof\u00eda de Madrid <\/strong>y lo hace para quedarse: sus herederos hicieron una gran donaci\u00f3n de su obra que se muestra en una exposici\u00f3n de su legado, marcado por<strong> la provocaci\u00f3n como arma de lucha pol\u00edtica<\/strong>.<\/p>\n<p>El legado de <strong>Ferrari <\/strong>(Buenos Aires, 1920-2013) ha estado hist\u00f3ricamente rodeada de <strong>pol\u00e9mica <\/strong>-tanta, como premios internacionales- y <strong>as\u00ed lo advierte el museo<\/strong> al inicio del recorrido, donde se ha colocado un cartel que avisa de que algunas im\u00e1genes pueden herir la sensibilidad de algunos espectadores.<\/p>\n<p>El uso de<strong> s\u00edmbolos religiosos para denunciar la guerra<\/strong>, el abuso de los gobiernos, las estructuras de poder y la normalizaci\u00f3n de la violencia son la parte m\u00e1s conocida de su obra y tambi\u00e9n algunos de los hitos de la muestra <em>La bondadosa crueldad<\/em>.<\/p>\n<blockquote class=\"cite\" readability=\"14\">\n<p type=\"highlighted\">\u201cAlguien podr\u00eda probarme que esto no es arte. No tengo ning\u00fan problema con eso, no cambiar\u00eda de rumbo, simplemente cambiar\u00eda su nombre, tachando arte y llam\u00e1ndolo pol\u00edtica, cr\u00edtica corrosiva, cualquier cosa, en realidad\u201c<\/p>\n<div class=\"autorBox\" readability=\"7\">\n<div class=\"mg\">\n<img class=\"img-responsive\" alt=\"\u201cAlguien podr\u00eda probarme que esto no es arte. No tengo ning\u00fan problema con eso, no cambiar\u00eda de rumbo, simplemente cambiar\u00eda su nombre, tachando arte y llam\u00e1ndolo pol\u00edtica, cr\u00edtica corrosiva, cualquier cosa, en realidad&quot;\" src=\"http:\/\/cordobateve.net\/wp-content\/uploads\/2020\/12\/la-blasfemia-de-leon-ferrari-llego-a-madrid-para-quedarse-2.jpg\" observer data-observer-function=\"loadLazyImg\">\n<\/div>\n<p><h4>Le\u00f3n Ferrari<\/h4>\n<p><span>Artista pl\u00e1stico<\/span>\n<\/p>\n<\/div>\n<\/blockquote>\n<p>En <em>Juicio Final<\/em> de la serie <em>Excrementos<\/em> una escena de la<a alt=\"capilla-sixtina\" class=\"slug\" href=\"https:\/\/www.clarin.com\/tema\/capilla-sixtina.html\" target=\"_blank\" title=\"capilla-sixtina\" rel=\"noopener noreferrer\"> Capilla Sixtina <\/a>aparece manchada por heces de p\u00e1jaros para denunciar la arbitrariedad de la justicia, y en su obra m\u00e1s ic\u00f3nica, <em>La civilizaci\u00f3n Occidental y Cristiana<\/em>&nbsp;(1965), <strong>un Cristo crucificado sobre un avi\u00f3n<\/strong> militar estadounidense denuncia la naturalizaci\u00f3n de la violencia por parte de la sociedad.<\/p>\n<p>La primera ha sido donada al museo y la segunda, que fue censurada en su primera exposici\u00f3n con gran pol\u00e9mica, sigue en propiedad de sus herederos y ahora se exhibi\u00f3 en estos meses&nbsp;<a data-cke-saved-href=\"https:\/\/www.clarin.com\/cultura\/cristo-templo-arte-obra-famosa-leon-ferrari-entrada-bellas-artes_0_I3hwu-Dzc.html\" target=\"_blank\" href=\"https:\/\/www.clarin.com\/cultura\/cristo-templo-arte-obra-famosa-leon-ferrari-entrada-bellas-artes_0_I3hwu-Dzc.html\" rel=\"noopener noreferrer\">en el Museo Nacional de Bellas Artes<\/a>, en Buenos Aires.<\/p>\n<p><strong>Ferrari <\/strong>es uno \u201cde los grandes\u201d nombres del arte, por la trascendencia de su obra y por su influencia en varias generaciones de artistas. La donaci\u00f3n de la familia ha sido \u201ctoda una suerte\u201d, se\u00f1al\u00f3 a la agencia Efe el director de la pinacoteca, Manuel Borja-Villel.<\/p>\n<div class=\"sp__Normal\">\n<div class=\"image-embeb image-trigger\" readability=\"6.5\">\n<figure>\n<img itemprop=\"image\" src=\"https:\/\/images.clarin.com\/collections\/static\/lazy_square.svg\" data-big=\"https:\/\/images.clarin.com\/2020\/12\/15\/santo-ajedrez-graf5567-una-de___pqltGnMXd_720x0__1.jpg\" data-small=\"https:\/\/images.clarin.com\/2020\/12\/15\/santo-ajedrez-graf5567-una-de___pqltGnMXd_720x0__1.jpg\" alt=\"Santo ajedrez. GRAF5567. Una de las obras de Le\u00f3n Ferrari que forma parte de la exposici\u00f3n &quot;La bondadosa crueldad en el Museo Reina Sof\u00eda de Madrid. Foto EFE\" observer data-observer-function=\"loadLazyImg\"><br \/>\n<\/figure><figcaption readability=\"3\">\n<p>Santo ajedrez. GRAF5567. Una de las obras de Le\u00f3n Ferrari que forma parte de la exposici\u00f3n \u00abLa bondadosa crueldad en el Museo Reina Sof\u00eda de Madrid. Foto EFE\n<\/p>\n<\/figcaption><\/div>\n<\/div>\n<p>\u201cNadie tiene obligaci\u00f3n de ver la exposici\u00f3n, el museo tiene una gran oferta. Los museos deben ser lugares de libertad, refugio y acogida -explica-,<strong> si un museo no puede debatir sobre los terrores (de la historia), tampoco se podr\u00eda representar teatro griego<\/strong>\u201d.<\/p>\n<p>&nbsp;\u201c\u00c9l no critica las creencias religiosas, pero s\u00ed juzga el uso de ciertas im\u00e1genes\u201d, aclara Borja Villel.<\/p>\n<h2>El hijo del pintor de iglesias<\/h2>\n<p><strong>Le\u00f3n Ferrari <\/strong>fue un artista muy querido en su generaci\u00f3n. Su padre, arquitecto y pintor de iglesias, le dijo que estudiara otra cosa, porque<strong> el arte no daba de comer<\/strong>, y as\u00ed lo hizo, estudi\u00f3 Ingenier\u00eda pero luego, de manera autodidacta comenz\u00f3 a alumbrar una obra compleja que abarca escultura, poes\u00eda o collage.<\/p>\n<p>\u00abFerrari era una persona de luz, que transmit\u00eda amor\u00bb. A lo largo de su vida se tuvo que exiliar en Brasil y perdi\u00f3 a un hijo, Ariel, asesinado por&nbsp;la dictadura, y \u201cse sobrepuso a todo ello\u201d, explica uno de los curadores, Javier del Olmo.<\/p>\n<p>Su obra no nace con el objetivo de provocar, sino desde \u201cel respeto y la investigaci\u00f3n, conoc\u00eda los temas que trataba\u201d, a\u00f1ade.<\/p>\n<div class=\"sp__Normal\">\n<div class=\"image-embeb image-trigger\" readability=\"7\">\n<figure>\n<img itemprop=\"image\" src=\"https:\/\/images.clarin.com\/collections\/static\/lazy_square.svg\" data-big=\"https:\/\/images.clarin.com\/2020\/12\/15\/el-abrazo-la-obra-papa___1xlnh_6J6_720x0__1.jpg\" data-small=\"https:\/\/images.clarin.com\/2020\/12\/15\/el-abrazo-la-obra-papa___1xlnh_6J6_720x0__1.jpg\" alt=\"El abrazo. La obra &quot;Papa con Gorila&quot;, del artista argentino Le\u00f3n Ferrari en el museo Reina Sof\u00eda de Madrid. Foto EFe\" observer data-observer-function=\"loadLazyImg\"><br \/>\n<\/figure><figcaption readability=\"4\">\n<p>El abrazo. La obra \u00abPapa con Gorila\u00bb, del artista argentino Le\u00f3n Ferrari en el museo Reina Sof\u00eda de Madrid. Foto EFe\n<\/p>\n<\/figcaption><\/div>\n<\/div>\n<p>La familia ha donado obra al Museo Reina Sof\u00eda, al Centro Pompidou y al Van Abbe Museum de Eindhoven, los dos pr\u00f3ximos hitos de la gira de la exposici\u00f3n cuando acabe en Madrid, el pr\u00f3ximo 12 de abril.<\/p>\n<p>\u201cCreemos que la obra de Le\u00f3n<strong> es patrimonio de la humanidad<\/strong>. Hizo miles de obras, estamos dispuestas a cederlas y que la ciudadan\u00eda las tome. Es necesario mostrar algo diferente aunque no guste\u201d, ha se\u00f1alado su nieta Julieta Zamorano Ferrari.<\/p>\n<p>Adem\u00e1s de<em> Juicio Final<\/em> y el Cristo crucificado en el avi\u00f3n, la muestra incluye otras obras fundamentales como <em>Nosotros no sab\u00edamos<\/em> (1976), una pieza hecha con decenas de recortes de noticias de diversos diarios argentinos durante la dictadura, que hablan sobre la desaparici\u00f3n de personas y que denuncia la ignorancia meditada de un sector de la sociedad.<\/p>\n<div class=\"sp__Normal\">\n<div class=\"image-embeb image-trigger\" readability=\"7\">\n<figure>\n<img itemprop=\"image\" src=\"https:\/\/images.clarin.com\/collections\/static\/lazy_square.svg\" data-big=\"https:\/\/images.clarin.com\/2020\/12\/15\/escrito-la-obra-deuteronomio-1994___ZYjRE96dc_720x0__1.jpg\" data-small=\"https:\/\/images.clarin.com\/2020\/12\/15\/escrito-la-obra-deuteronomio-1994___ZYjRE96dc_720x0__1.jpg\" alt=\"Escrito. La obra &quot; Deuteronomio 1994&quot;, de Le\u00f3n Ferrari en el museo Reina Sof\u00eda de Madrid. Foto EFE\" observer data-observer-function=\"loadLazyImg\"><br \/>\n<\/figure><figcaption readability=\"4\">\n<p>Escrito. La obra \u00bb Deuteronomio 1994&#8243;, de Le\u00f3n Ferrari en el museo Reina Sof\u00eda de Madrid. Foto EFE\n<\/p>\n<\/figcaption><\/div>\n<\/div>\n<p>Un Jesucristo de pl\u00e1stico en una tostadora y otras tantas v\u00edrgenes en un vaso triturador eran su particular manera de contar que<strong> la religi\u00f3n no era una elecci\u00f3n<\/strong>, sino algo que la sociedad estaba obligada <strong>a tragar<\/strong>. Estas piezas, que incluye la muestra del Reina Sof\u00eda, formaban parte de una exposici\u00f3n que el hoy&nbsp;Papa <a alt=\"jorge-bergoglio\" class=\"slug\" href=\"https:\/\/www.clarin.com\/tema\/jorge-bergoglio.html\" target=\"_blank\" title=\"jorge-bergoglio\" rel=\"noopener noreferrer\">Bergoglio<\/a>, en su \u00e9poca como arzobispo de Buenos Aires, <strong>calific\u00f3 como blasfemia <\/strong>y pidi\u00f3&nbsp;clausurar.<\/p>\n<p>El legado de <strong>Ferrari <\/strong>ha recibido tantas cr\u00edticas como premios internacionales. Parte de sus piezas se encuentran en la exposici\u00f3n permanente del Moma e instituciones de todo el mundo, y, entre muchos reconocimientos, recibi\u00f3 el Le\u00f3n de Oro de la Bienal de Venecia (2007).<\/p>\n<p>\u201cEl arte no es belleza ni novedad; el arte es eficacia y disrupci\u00f3n\u201d, dijo en uno de sus manifiestos.<\/p>\n<p>\u201cAlguien podr\u00eda probarme que esto no es arte. No tengo ning\u00fan problema con eso, no cambiar\u00eda de rumbo, simplemente cambiar\u00eda su nombre, tachando arte y llam\u00e1ndolo pol\u00edtica, cr\u00edtica corrosiva, cualquier cosa, en realidad\u201d, se\u00f1al\u00f3 en una entrevista con el New York Times.<\/p>\n<p><em>EFE<\/em><\/p>\n<p><em>PK<\/em><\/p>\n<div class=\"entry-tags\">\n<h2>TEMAS QUE APARECEN EN ESTA NOTA<\/h2>\n<\/p><\/div>\n","protected":false},"excerpt":{"rendered":"<p>Le\u00f3n Ferrari, uno de los nombres fundamentales del arte latinoamericano, llega al Museo Reina Sof\u00eda de Madrid y lo hace para quedarse: sus herederos hicieron una gran donaci\u00f3n de su obra que se muestra en una exposici\u00f3n de su legado, marcado por la provocaci\u00f3n como arma de lucha pol\u00edtica. El legado de Ferrari (Buenos Aires, [&hellip;]<\/p>\n","protected":false},"author":1,"featured_media":5524,"comment_status":"closed","ping_status":"closed","sticky":false,"template":"","format":"standard","meta":[],"categories":[22],"tags":[],"_links":{"self":[{"href":"http:\/\/cordobateve.net\/index.php\/wp-json\/wp\/v2\/posts\/5523"}],"collection":[{"href":"http:\/\/cordobateve.net\/index.php\/wp-json\/wp\/v2\/posts"}],"about":[{"href":"http:\/\/cordobateve.net\/index.php\/wp-json\/wp\/v2\/types\/post"}],"author":[{"embeddable":true,"href":"http:\/\/cordobateve.net\/index.php\/wp-json\/wp\/v2\/users\/1"}],"replies":[{"embeddable":true,"href":"http:\/\/cordobateve.net\/index.php\/wp-json\/wp\/v2\/comments?post=5523"}],"version-history":[{"count":0,"href":"http:\/\/cordobateve.net\/index.php\/wp-json\/wp\/v2\/posts\/5523\/revisions"}],"wp:featuredmedia":[{"embeddable":true,"href":"http:\/\/cordobateve.net\/index.php\/wp-json\/wp\/v2\/media\/5524"}],"wp:attachment":[{"href":"http:\/\/cordobateve.net\/index.php\/wp-json\/wp\/v2\/media?parent=5523"}],"wp:term":[{"taxonomy":"category","embeddable":true,"href":"http:\/\/cordobateve.net\/index.php\/wp-json\/wp\/v2\/categories?post=5523"},{"taxonomy":"post_tag","embeddable":true,"href":"http:\/\/cordobateve.net\/index.php\/wp-json\/wp\/v2\/tags?post=5523"}],"curies":[{"name":"wp","href":"https:\/\/api.w.org\/{rel}","templated":true}]}}