{"id":55702,"date":"2023-06-26T09:00:49","date_gmt":"2023-06-26T09:00:49","guid":{"rendered":"https:\/\/www.clarin.com\/cultura\/homenaje-leibele-schwartz-padre-adrian-suar_0_5LpeRZpsYA.html"},"modified":"2023-06-26T09:00:49","modified_gmt":"2023-06-26T09:00:49","slug":"homenaje-a-leibele-schwartz-el-padre-de-adrian-suar","status":"publish","type":"post","link":"http:\/\/cordobateve.net\/index.php\/2023\/06\/26\/homenaje-a-leibele-schwartz-el-padre-de-adrian-suar\/","title":{"rendered":"Homenaje a Leibele Schwartz, el padre de Adri\u00e1n Suar"},"content":{"rendered":"<p><img src=\"http:\/\/cordobateve.net\/wp-content\/uploads\/2023\/06\/homenaje-a-leibele-schwartz-el-padre-de-adrian-suar.jpg\"><\/p>\n<p><strong>Leibele Schwartz, padre de <a data-cke-saved-href=\"https:\/\/www.clarin.com\/tema\/adrian-suar.html\" target=\"_blank\" href=\"https:\/\/www.clarin.com\/tema\/adrian-suar.html\" rel=\"noopener noreferrer\">Adri\u00e1n Suar<\/a>,&nbsp;tendr\u00e1 su primer gran homenaje.<\/strong> El <strong>mejor cantante de ceremonias <\/strong>(en hebreo, jazan) que ha dado la m\u00fasica jud\u00eda en Argentina ser\u00e1 recordado este martes 27 de junio en el templo de la calle Libertad, el m\u00e1s importante de la comunidad jud\u00eda, y donde maravill\u00f3 a todos con su inigualable voz durante 22 a\u00f1os hasta el d\u00eda su fallecimiento, el 11 de julio de 1992.<\/p>\n<p> La potente, sensible y emotiva voz de<strong> Leibele<\/strong> estremec\u00eda a todos los congregantes y generaba una conexi\u00f3n espiritual muy singular durante las ceremonias despertando incluso el aplauso generalizado de la gente.<\/p>\n<div class=\"sp__Normal embed-box embed-body-photo\" data-index=\"1\">\n<picture class=\"pointer\">\n<img class=\"img-expand\" width=\"100\" height=\"100\" loading=\"lazy\" src=\"http:\/\/cordobateve.net\/wp-content\/uploads\/2023\/06\/homenaje-a-leibele-schwartz-el-padre-de-adrian-suar-2.jpg\" alt=\"Leibele Schwartz (1933-1992). Gentileza Templo Libertad\"><br \/>\n<span class=\"bt-expand\"><br \/>\n<svg class=\"ico white_mod\">\n<use class=\"use-expand\" xlink:href=\"#icon-expand\" \/>\n<\/svg><br \/>\n<\/span>\n<\/picture><figcaption>Leibele Schwartz (1933-1992). Gentileza Templo Libertad <\/figcaption><\/div>\n<p> Adem\u00e1s, su aporte a la cultura argentina tambi\u00e9n fue significativo: con registro de tenor descoll\u00f3 como cantante de m\u00fasica popular tanto en idish como en hebreo y en castellano. A casi tras 31 a\u00f1os de su muerte, a\u00fan se lo recuerda como cantante y por su condici\u00f3n humana.<\/p>\n<p> <strong>La idea de homenajear al padre del actor, productor y Gerente de Programaci\u00f3n de El Trece, Adri\u00e1n Suar,<\/strong> cuyo aporte cultural ha trascendido a la comunidad jud\u00eda en Argentina como reconocido cantor lit\u00fargico, se origina a trav\u00e9s de una iniciativa de&nbsp;Alejandro Pitasnhy, presidente del <strong>Templo Libertad.<\/strong><\/p>\n<p> El martes 11 de julio se cumplir\u00e1n <strong>31 a\u00f1os del fallecimiento de Leibele Schwartz,<\/strong> pero desde el Templo Libertad, la primera sinagoga de Buenos Aires y la m\u00e1s importante de todas e integrante de la <strong>Fundaci\u00f3n Judaica<\/strong>, junto con el <strong>Museo Jud\u00edo de Buenos Aires<\/strong>, tienen como premisa mantener viva su memoria.<\/p>\n<div class=\"sp__Normal embed-box embed-body-photo\" data-index=\"2\">\n<picture class=\"pointer\">\n<img class=\"img-expand\" width=\"100\" height=\"100\" loading=\"lazy\" src=\"http:\/\/cordobateve.net\/wp-content\/uploads\/2023\/06\/homenaje-a-leibele-schwartz-el-padre-de-adrian-suar-3.jpg\" alt=\"Homenaje a Leibele Schwartz en el monumental Templo Libertad. Gentileza Templo Libertad\"><br \/>\n<span class=\"bt-expand\"><br \/>\n<svg class=\"ico white_mod\">\n<use class=\"use-expand\" xlink:href=\"#icon-expand\" \/>\n<\/svg><br \/>\n<\/span>\n<\/picture><figcaption>Homenaje a Leibele Schwartz en el monumental Templo Libertad. Gentileza Templo Libertad <\/figcaption><\/div>\n<p> \u201cSe viene haciendo una tarea especial de reconocimiento y valoraci\u00f3n de lo que el templo fue y las personas que lo transitaron\u201d, informaron a <strong>Clar\u00edn Cultura<\/strong> autoridades del <strong>Templo Libertad.<\/strong><\/p>\n<p>Por tal motivo, el templo de la calle Libertad 769, que como instituci\u00f3n pionera del juda\u00edsmo en la Argentina cont\u00f3 con la voz de Leibele durante 22 a\u00f1os, le rendir\u00e1 un homenaje el martes a partir de las 19.30.<\/p>\n<p> En el acto, se emitir\u00e1 un peque\u00f1o documental para conocer la vida de Leibele y su trayectoria como cantante de ceremonias en el templo de Libertad. El video contar\u00e1 con testimonios actuales de quienes tuvieron la oportunidad de compartir la tarea con la voz m\u00e1s reconocida y admirada de la colectividad jud\u00eda en Argentina. Luego, <strong>se descubrir\u00e1 una placa instalada en el Museo Jud\u00edo de Buenos Aires en su memoria.<\/strong><\/p>\n<p> Se espera la presencia de <strong>Adri\u00e1n Suar<\/strong> y de sus hermanos Paul y Sabrina Kirzner (Jeffrey, su otro hermano que vive en el exterior, a\u00fan no est\u00e1 confirmado) para homenajear a su padre junto con amigos, allegados y familiares de<strong> Leibele Schwartz<\/strong> y diversas autoridades de la comunidad jud\u00eda en Argentina.<\/p>\n<p> \u201cRendirle homenaje a <strong>Leibele Schwartz<\/strong> es reconocer el honor de haber tenido el esp\u00edritu siempre presente de su voz, de su arte y de su talento y fundamentalmente de sus valores en el templo de la calle Libertad\u201d, expres\u00f3 <strong>el rabino Sergio Bergman<\/strong> desde Jerusal\u00e9n y a trav\u00e9s de un video institucional con motivo al homenaje<strong> al mejor cantante de ceremonias jud\u00edas de todos los tiempos.<\/strong><\/p>\n<div class=\"sp__Normal embed-box embed-body-photo\" data-index=\"3\">\n<picture class=\"pointer\">\n<img class=\"img-expand\" width=\"100\" height=\"100\" loading=\"lazy\" src=\"http:\/\/cordobateve.net\/wp-content\/uploads\/2023\/06\/homenaje-a-leibele-schwartz-el-padre-de-adrian-suar-4.jpg\" alt=\"Leibele Schwartz fue un tenor destacad\u00edsimo de la comunidad jud\u00eda. Gentileza Templo Libertad\"><br \/>\n<span class=\"bt-expand\"><br \/>\n<svg class=\"ico white_mod\">\n<use class=\"use-expand\" xlink:href=\"#icon-expand\" \/>\n<\/svg><br \/>\n<\/span>\n<\/picture><figcaption>Leibele Schwartz fue un tenor destacad\u00edsimo de la comunidad jud\u00eda. Gentileza Templo Libertad <\/figcaption><\/div>\n<h2>Qui\u00e9n fue Leibele Schwartz<\/h2>\n<p> Yehuda Kirzner Schwartz \u2013conocido como Leibele Schwartz\u2013&nbsp;naci\u00f3 el 22 de marzo de 1933. Con el tiempo, <strong>se convirti\u00f3 en un cantante popular y lit\u00fargico.<\/strong> Su nombre y su voz se transformaron en<strong> sin\u00f3nimo de la m\u00fasica jud\u00eda en Argentina<\/strong>, dejando un legado imborrable en esa comunidad.<\/p>\n<p> Desde muy peque\u00f1o comenz\u00f3 a incursionar en su faceta art\u00edstica. Ofreci\u00f3 su primer recital a los 8&nbsp;a\u00f1os y a los 19&nbsp;debut\u00f3 como actor y cantante en \u00abNace una bandera\u201d, junto Berta Guershtein y Jacob Ben Ami, dos grandes figuras del teatro jud\u00edo en Argentina.<\/p>\n<p> Se lo recuerda por haber cantado con la Orquesta Sinf\u00f3nica de Filadelfia, con la Sinf\u00f3nica de Israel y la Sinf\u00f3nica Nacional argentina, y por haber brillado en teatro junto a Sara Gorby, Max Perlman y al d\u00fao c\u00f3mico de Dzigan y Shumajer, entre otros artistas pertenecientes a la colectividad jud\u00eda.<\/p>\n<p> <strong>Leibele tiene m\u00e1s de una treintena de discos grabados. <\/strong>Con su voz y su arte, dej\u00f3 un legado imborrable en la comunidad jud\u00eda como tambi\u00e9n en la cultura popular argentina. Adem\u00e1s, se lo recuerda como el Ober Cantor del templo de la Congregaci\u00f3n Israelita de la Rep\u00fablica Argentina.<\/p>\n<p> \u201cLa voz y la manera de cantar de Leibele marca una etapa muy especial de mi vida, mi infancia. Escucharlo cantar trae a mi memoria las conversaciones en idish de mis padres. Escuchar en mi casa sus discos y tambi\u00e9n canciones emblem\u00e1ticas que entonaban mis abuelos\u201d, record\u00f3 Patricia Holzman, directora ejecutiva de la Fundaci\u00f3n Judaica y miembro de la Comisi\u00f3n Directiva del Templo Libertad.<\/p>\n<p>\u201cEs muy emocionante y conmovedor ser parte de este homenaje e integrar las instituciones que con tanto orgullo y respeto lo recuerdan\u201d, a\u00f1adi\u00f3 Holzman.<\/p>\n<div class=\"sp__Normal embed-box embed-body-photo\" data-index=\"4\">\n<picture class=\"pointer\">\n<img class=\"img-expand\" width=\"100\" height=\"100\" loading=\"lazy\" src=\"http:\/\/cordobateve.net\/wp-content\/uploads\/2023\/06\/homenaje-a-leibele-schwartz-el-padre-de-adrian-suar-5.jpg\" alt=\"Leibele Schwartz tiene m\u00e1s de una treintena de discos grabados. Gentileza Templo Libertad\"><br \/>\n<span class=\"bt-expand\"><br \/>\n<svg class=\"ico white_mod\">\n<use class=\"use-expand\" xlink:href=\"#icon-expand\" \/>\n<\/svg><br \/>\n<\/span>\n<\/picture><figcaption>Leibele Schwartz tiene m\u00e1s de una treintena de discos grabados. Gentileza Templo Libertad <\/figcaption><\/div>\n<p> Tiempo atr\u00e1s, Mosh\u00e9 Korin, uno de los educadores jud\u00edos de mayor trayectoria y realizaciones del continente, escribi\u00f3 sobre <strong>Leibele Schwartz.<\/strong><\/p>\n<p> Aqu\u00ed, un extracto de su homenaje que public\u00f3 en 2020 en el sitio web Iton Gadol con motivo del fallecimiento de la actriz Lilian Keller, viuda de Leibele y madre de Adri\u00e1n Suar:<\/p>\n<p> \u201cDecir que L\u00e9ibele fue un hombre de la m\u00fasica, de la liturgia, de la jazanut, del canto, resulta insuficiente, porque L\u00e9ibele Schwartz fue en la Argentina y en todos los lugares donde actu\u00f3, el cantante, el jaz\u00e1n por excelencia; la manera del salmista b\u00edblico cuando exclama: \u201cKol atzmotai tomarna\u201d \u2013 todos mis huesos dir\u00e1n- o sea \u00a1en mi canto va todo mi ser!\u201d.<\/p>\n<p> \u201cLos corazones de cientos de jud\u00edos congregados en el templo se estremec\u00edan, cuando Leibele elevaba su voz desde el p\u00falpito y simult\u00e1neamente, con sentimiento jud\u00edo de conjunto; cada cual lograba un encuentro personal, sea al recordar un ser querido, al rogar por un a\u00f1o mejor o al agradecer el haber tenido la fuerza para superar las dificultades\u201d.<\/p>\n<p> La voz de <strong>Leibele Schwartz<\/strong> a\u00fan predomina dentro la colectividad jud\u00eda, al igual que su memoria, a punto de cumplirse 31 a\u00f1os de su partida.<\/p>\n<p> As\u00ed lo recuerda el escritor y guionista <a data-cke-saved-href=\"https:\/\/www.clarin.com\/autor\/marcelo-birmajer.html\" target=\"_blank\" href=\"https:\/\/www.clarin.com\/autor\/marcelo-birmajer.html\" rel=\"noopener noreferrer\"><strong>Marcelo Birmajer<\/strong>,<\/a> tambi\u00e9n columnista de <a data-cke-saved-href=\"https:\/\/www.clarin.com\/cultura\/\" target=\"_blank\" href=\"https:\/\/www.clarin.com\/cultura\/\" rel=\"noopener noreferrer\"><strong>Clar\u00edn<\/strong><\/a>: \u201cEn la casa de mis padres, porque los compraba mi padre, nunca faltaban los discos de Leibele Schwartz. Una de nuestras ceremonias laicas jud\u00edas era escucharlo en familia, con mi abuelo Trau, que hablaba el idish. Cuando supe que el genial Adri\u00e1n Suar era su hijo, no me extra\u00f1\u00f3: son parte de lo mejor de la cultura argentina\u201d.<\/p>\n<p><em>PC<\/em><\/p>\n<p> <span class=\"title-related\">Mir\u00e1 tambi\u00e9n<\/span> <\/p>\n","protected":false},"excerpt":{"rendered":"<p>Leibele Schwartz, padre de Adri\u00e1n Suar,&nbsp;tendr\u00e1 su primer gran homenaje. El mejor cantante de ceremonias (en hebreo, jazan) que ha dado la m\u00fasica jud\u00eda en Argentina ser\u00e1 recordado este martes 27 de junio en el templo de la calle Libertad, el m\u00e1s importante de la comunidad jud\u00eda, y donde maravill\u00f3 a todos con su inigualable [&hellip;]<\/p>\n","protected":false},"author":1,"featured_media":55703,"comment_status":"closed","ping_status":"closed","sticky":false,"template":"","format":"standard","meta":[],"categories":[22],"tags":[],"_links":{"self":[{"href":"http:\/\/cordobateve.net\/index.php\/wp-json\/wp\/v2\/posts\/55702"}],"collection":[{"href":"http:\/\/cordobateve.net\/index.php\/wp-json\/wp\/v2\/posts"}],"about":[{"href":"http:\/\/cordobateve.net\/index.php\/wp-json\/wp\/v2\/types\/post"}],"author":[{"embeddable":true,"href":"http:\/\/cordobateve.net\/index.php\/wp-json\/wp\/v2\/users\/1"}],"replies":[{"embeddable":true,"href":"http:\/\/cordobateve.net\/index.php\/wp-json\/wp\/v2\/comments?post=55702"}],"version-history":[{"count":0,"href":"http:\/\/cordobateve.net\/index.php\/wp-json\/wp\/v2\/posts\/55702\/revisions"}],"wp:featuredmedia":[{"embeddable":true,"href":"http:\/\/cordobateve.net\/index.php\/wp-json\/wp\/v2\/media\/55703"}],"wp:attachment":[{"href":"http:\/\/cordobateve.net\/index.php\/wp-json\/wp\/v2\/media?parent=55702"}],"wp:term":[{"taxonomy":"category","embeddable":true,"href":"http:\/\/cordobateve.net\/index.php\/wp-json\/wp\/v2\/categories?post=55702"},{"taxonomy":"post_tag","embeddable":true,"href":"http:\/\/cordobateve.net\/index.php\/wp-json\/wp\/v2\/tags?post=55702"}],"curies":[{"name":"wp","href":"https:\/\/api.w.org\/{rel}","templated":true}]}}