{"id":56212,"date":"2023-07-06T19:05:18","date_gmt":"2023-07-06T19:05:18","guid":{"rendered":"https:\/\/www.clarin.com\/espectaculos\/cine\/billie-eilish-anuncia-compuso-tema-barbie-pelicula-margot-robbie-escucharlo-_0_re5IJ3ItA0.html"},"modified":"2023-07-06T19:05:18","modified_gmt":"2023-07-06T19:05:18","slug":"billie-eilish-anuncia-que-compuso-un-tema-para-barbie-la-pelicula-con-margot-robbie-como-escucharlo","status":"publish","type":"post","link":"http:\/\/cordobateve.net\/index.php\/2023\/07\/06\/billie-eilish-anuncia-que-compuso-un-tema-para-barbie-la-pelicula-con-margot-robbie-como-escucharlo\/","title":{"rendered":"Billie Eilish anuncia que compuso un tema para Barbie, la pel\u00edcula con Margot Robbie: \u00bfc\u00f3mo escucharlo?"},"content":{"rendered":"<p><img src=\"http:\/\/cordobateve.net\/wp-content\/uploads\/2023\/07\/billie-eilish-anuncia-que-compuso-un-tema-para-barbie-la-pelicula-con-margot-robbie-como-escucharlo.jpg\"><\/p>\n<div readability=\"32.5\">\n<div class=\"title check-space\" data-color=\"style='background-color:'\" readability=\"10\">\n<p><h2>El esperado filme estrena el jueves 20 de julio en la Argentina. \u00bfQui\u00e9nes m\u00e1s cantan en la banda sonora?<\/h2>\n<\/p>\n<\/div><\/div>\n<div id=\"entry-body\">\n<p><a data-cke-saved-href=\"https:\/\/www.clarin.com\/espectaculos\/musica\/billie-eilish-conto-vivir-sindrome-tourette_0_EsGsx7ix3k.html\" target=\"_blank\" href=\"https:\/\/www.clarin.com\/espectaculos\/musica\/billie-eilish-conto-vivir-sindrome-tourette_0_EsGsx7ix3k.html\" rel=\"noopener noreferrer\"><strong>Billie Eilish <\/strong><\/a>anunci\u00f3 que la pr\u00f3xima semana lanzar\u00e1 una canci\u00f3n para la banda sonora de la pel\u00edcula <a data-cke-saved-href=\"https:\/\/www.clarin.com\/espectaculos\/cine\/prohiben-barbie-margot-robbie-vietnam-motivos_0_9h6zLGrMMo.html\" target=\"_blank\" href=\"https:\/\/www.clarin.com\/espectaculos\/cine\/prohiben-barbie-margot-robbie-vietnam-motivos_0_9h6zLGrMMo.html\" rel=\"noopener noreferrer\"><strong><em>Barbie<\/em><\/strong><\/a>, protagonizada por Margot Robbie y Ryan Gosling.<\/p>\n<p>La artista lo hizo en su cuenta de Instagram.<\/p>\n<p> En la publicaci\u00f3n en may\u00fasculas, ella escribi\u00f3: \u201c\u00a1\u00a1\u00a1AHHHHHHHHHHHHHHHH!!! \ud83e\uddf8\ud83c\udf80\ud83e\ude70\ud83d\udc97\u201c\u00bfPara qu\u00e9 fui hecho?\u201d SALIENDO EL 13 DE JULIO A LAS 7AM PT. !!!!!!!! \ud83d\ude48\ud83e\udd70 HICIMOS ESTA CANCI\u00d3N PARA BARBIE Y SIGNIFICA ABSOLUTA PREOCUPACI\u00d3N PARA M\u00cd. ESTA PEL\u00cdCULA VA A CAMBIAR NUESTRAS VIDAS Y ESPERO QUE LA CANCI\u00d3N TAMBI\u00c9N LO HAGA. PREP\u00c1RATE PARA LLORAR&nbsp;\ud83d\udc90\ud83d\udc40\ud83c\udf38\ud83e\udd79\ud83e\udee7\ud83d\udc9e @FINNEAS\u201d.<\/p>\n<div class=\"sp__Normal embed-box embed-body-photo\" data-index=\"1\">\n<picture class=\"pointer\">\n<img class=\"img-expand\" width=\"100\" height=\"100\" loading=\"lazy\" src=\"http:\/\/cordobateve.net\/wp-content\/uploads\/2023\/07\/billie-eilish-anuncia-que-compuso-un-tema-para-barbie-la-pelicula-con-margot-robbie-como-escucharlo-2.jpg\" alt=\"Billie Eilish subi\u00f3 a su Instagram la noticia.\"><br \/>\n<span class=\"bt-expand\"><br \/>\n<svg class=\"ico white_mod\">\n<use class=\"use-expand\" xlink:href=\"#icon-expand\" \/>\n<\/svg><br \/>\n<\/span>\n<\/picture><figcaption>Billie Eilish subi\u00f3 a su Instagram la noticia. <\/figcaption><\/div>\n<p>El \u201c\u00c1lbum de<em> Barbie<\/em>\u00bb de 17 temas llega el viernes 21 de julio (el d\u00eda de su estreno en Norteam\u00e9rica; en la Argentina, se estrena el filme el jueves 20 de julio), y la lista de canciones se anunci\u00f3 a fines del mes pasado con dos \u201cA confIrmar\u201d, uno de los cuales ahora se confirma que es la canci\u00f3n de Eilish.<\/p>\n<p>Cuenta con una alineaci\u00f3n repleta de estrellas de artistas que, hasta el momento, parecen estar interpretando canciones con el tema de Barbie escritas espec\u00edficamente para la pel\u00edcula. Los artistas incluyen a Eilish, <a data-cke-saved-href=\"https:\/\/www.clarin.com\/tema\/lizzo.html\" target=\"_blank\" href=\"https:\/\/www.clarin.com\/tema\/lizzo.html\" rel=\"noopener noreferrer\"><strong>Lizzo<\/strong><\/a>, Dua Lipa, Nicki Minaj &amp; Ice Spice, Karol G, Charli XCX, PinkPantheress, Ava Max, Dominic Fike, Khalid, The Kid Laroi, Tame Impala, Haim, Gayle y Fifty Fifty FIFTY feat. Kali.<\/p>\n<div class=\"sp__Normal embed-box embed-body-photo\" data-index=\"2\">\n<picture class=\"pointer\">\n<img class=\"img-expand\" width=\"100\" height=\"100\" loading=\"lazy\" src=\"http:\/\/cordobateve.net\/wp-content\/uploads\/2023\/07\/billie-eilish-anuncia-que-compuso-un-tema-para-barbie-la-pelicula-con-margot-robbie-como-escucharlo-3.jpg\" alt=\"As\u00ed lleg\u00f3 Margot Robbie a la conferencia de prensa de &quot;Barbie&quot; en Se\u00fal. Foto AP\"><br \/>\n<span class=\"bt-expand\"><br \/>\n<svg class=\"ico white_mod\">\n<use class=\"use-expand\" xlink:href=\"#icon-expand\" \/>\n<\/svg><br \/>\n<\/span>\n<\/picture><figcaption>As\u00ed lleg\u00f3 Margot Robbie a la conferencia de prensa de \u00abBarbie\u00bb en Se\u00fal. Foto AP <\/figcaption><\/div>\n<p>Gosling tambi\u00e9n se une a la lista de artistas de la banda sonora con una canci\u00f3n original interpretada como su personaje, Ken. A juzgar por su t\u00edtulo, la canci\u00f3n de Eilish contin\u00faa con el tema l\u00edrico de Barbie.<\/p>\n<h2>Las canciones<\/h2>\n<p>La lista de canciones del \u00e1lbum (con una suposici\u00f3n de la ubicaci\u00f3n de la pista de Eilish) es la siguiente, seg\u00fan informa <em>Variety<\/em>:<\/p>\n<div class=\"sp__Normal embed-box embed-body-photo\" data-index=\"3\">\n<picture class=\"pointer\">\n<img class=\"img-expand\" width=\"100\" height=\"100\" loading=\"lazy\" src=\"http:\/\/cordobateve.net\/wp-content\/uploads\/2023\/07\/billie-eilish-anuncia-que-compuso-un-tema-para-barbie-la-pelicula-con-margot-robbie-como-escucharlo-4.jpg\" alt=\"Lizzo posa en la alfombra roja de los MTV Video Music Awards, en Nueva Jersey, EE. UU., el 28 de agosto de 2022. Foto EFE\"><br \/>\n<span class=\"bt-expand\"><br \/>\n<svg class=\"ico white_mod\">\n<use class=\"use-expand\" xlink:href=\"#icon-expand\" \/>\n<\/svg><br \/>\n<\/span>\n<\/picture><figcaption>Lizzo posa en la alfombra roja de los MTV Video Music Awards, en Nueva Jersey, EE. UU., el 28 de agosto de 2022. Foto EFE <\/figcaption><\/div>\n<ol>\n<li>1. Lizzo \u2013 Pink <\/li>\n<li>Dua Lipa \u2013 Dance The Night <\/li>\n<li>Nicki Minaj &amp; Ice Spice \u2013 Barbie World (with Aqua) <\/li>\n<li>Charli XCX \u2013 Speed Drive <\/li>\n<li>Karol G \u2013 Watati (feat. Aldo Ranks) <\/li>\n<li>Billie Eilish \u2013 What Was I Made For?<\/li>\n<li> Tame Impala \u2013 Journey To The Real World <\/li>\n<li>Ryan Gosling \u2013 I\u2019m Just Ken <\/li>\n<li>Dominic Fike \u2013 Hey Blondie <\/li>\n<li>Haim \u2013 Home <\/li>\n<li>A anunciarse<\/li>\n<li>&nbsp;The Kid Laroi \u2013 Forever &amp; Again<\/li>\n<li> Khalid \u2013 Silver Platter <\/li>\n<li>PinkPantheress \u2013 Angel <\/li>\n<li>Gayle \u2013 butterflies <\/li>\n<li>Ava Max \u2013 Choose Your Fighter <\/li>\n<li>FIFTY FIFTY \u2013 Barbie Dreams (feat. Kali)<\/li>\n<\/ol>\n<p><em>POS<\/em><\/p>\n<p> <span class=\"title-related\">Mir\u00e1 tambi\u00e9n<\/span> <\/div>\n","protected":false},"excerpt":{"rendered":"<p>El esperado filme estrena el jueves 20 de julio en la Argentina. \u00bfQui\u00e9nes m\u00e1s cantan en la banda sonora? Billie Eilish anunci\u00f3 que la pr\u00f3xima semana lanzar\u00e1 una canci\u00f3n para la banda sonora de la pel\u00edcula Barbie, protagonizada por Margot Robbie y Ryan Gosling. La artista lo hizo en su cuenta de Instagram. En la [&hellip;]<\/p>\n","protected":false},"author":1,"featured_media":56213,"comment_status":"closed","ping_status":"closed","sticky":false,"template":"","format":"standard","meta":[],"categories":[18],"tags":[],"_links":{"self":[{"href":"http:\/\/cordobateve.net\/index.php\/wp-json\/wp\/v2\/posts\/56212"}],"collection":[{"href":"http:\/\/cordobateve.net\/index.php\/wp-json\/wp\/v2\/posts"}],"about":[{"href":"http:\/\/cordobateve.net\/index.php\/wp-json\/wp\/v2\/types\/post"}],"author":[{"embeddable":true,"href":"http:\/\/cordobateve.net\/index.php\/wp-json\/wp\/v2\/users\/1"}],"replies":[{"embeddable":true,"href":"http:\/\/cordobateve.net\/index.php\/wp-json\/wp\/v2\/comments?post=56212"}],"version-history":[{"count":0,"href":"http:\/\/cordobateve.net\/index.php\/wp-json\/wp\/v2\/posts\/56212\/revisions"}],"wp:featuredmedia":[{"embeddable":true,"href":"http:\/\/cordobateve.net\/index.php\/wp-json\/wp\/v2\/media\/56213"}],"wp:attachment":[{"href":"http:\/\/cordobateve.net\/index.php\/wp-json\/wp\/v2\/media?parent=56212"}],"wp:term":[{"taxonomy":"category","embeddable":true,"href":"http:\/\/cordobateve.net\/index.php\/wp-json\/wp\/v2\/categories?post=56212"},{"taxonomy":"post_tag","embeddable":true,"href":"http:\/\/cordobateve.net\/index.php\/wp-json\/wp\/v2\/tags?post=56212"}],"curies":[{"name":"wp","href":"https:\/\/api.w.org\/{rel}","templated":true}]}}