{"id":56214,"date":"2023-07-06T19:19:44","date_gmt":"2023-07-06T19:19:44","guid":{"rendered":"https:\/\/www.clarin.com\/cultura\/feria-libro-corrientes-agenda-completa-charlas-presentaciones-homenaje-40-anos-democracia_0_o17BqazlZj.html"},"modified":"2023-07-06T19:19:44","modified_gmt":"2023-07-06T19:19:44","slug":"feria-del-libro-de-corrientes-la-agenda-completa-con-charlas-presentaciones-y-un-homenaje-a-los-40-anos-de-la-democracia","status":"publish","type":"post","link":"http:\/\/cordobateve.net\/index.php\/2023\/07\/06\/feria-del-libro-de-corrientes-la-agenda-completa-con-charlas-presentaciones-y-un-homenaje-a-los-40-anos-de-la-democracia\/","title":{"rendered":"Feria del Libro de Corrientes: la agenda completa con charlas, presentaciones y un homenaje a los 40 a\u00f1os de la democracia"},"content":{"rendered":"<p><img src=\"http:\/\/cordobateve.net\/wp-content\/uploads\/2023\/07\/feria-del-libro-de-corrientes-la-agenda-completa-con-charlas-presentaciones-y-un-homenaje-a-los-40-anos-de-la-democracia.jpg\"><\/p>\n<div><img src=\"http:\/\/cordobateve.net\/wp-content\/uploads\/2023\/07\/feria-del-libro-de-corrientes-la-agenda-completa-con-charlas-presentaciones-y-un-homenaje-a-los-40-anos-de-la-democracia-2.jpg\" class=\"ff-og-image-inserted\"><\/div>\n<div readability=\"33\">\n<div class=\"title check-space\" data-color=\"style='background-color:'\" readability=\"11\">\n<p><h2>Se realizar\u00e1 desde el viernes 7 de julio hasta el domingo 16 en el edificio recuperado de la vieja usina de Agua y Energ\u00eda, sobre la costanera del r\u00edo Paran\u00e1.<\/h2>\n<\/p>\n<\/div><\/div>\n<div id=\"entry-body\">\n<p>La <strong>Feria del Libro de Corrientes<\/strong>&nbsp;conmemorar\u00e1 en la edici\u00f3n de este a\u00f1o el <strong>40 aniversario del retorno a la democracia<\/strong>, con charlas, seminarios, conciertos y presentaciones de libros, y presencias destacadas como la del abogado constitucionalista Ricardo Gil Lavedra, el economista y periodista Willy Kohan y los m\u00fasicos Lito Vitale y Lito Nebbia, seg\u00fan adelantaron sus organizadores.<\/p>\n<p> La edici\u00f3n n\u00famero 13 de la Ferio del Libro se realizar\u00e1 desde el viernes 7 de julio hasta el domingo 16 <strong>en el edificio recuperado de la vieja usina de Agua y Energ\u00eda<\/strong>, ubicado sobre la costanera que da al r\u00edo Paran\u00e1, precis\u00f3 en un comunicado el Instituto de Cultura de Corrientes.<\/p>\n<p> Con el lema<strong> \u00ab40 a\u00f1os de democracia, siempre\u00bb<\/strong>, la agenda de la feria comenzar\u00e1 el viernes 7 de julio con la conferencia a cargo del abogado constitucionalista Gil Lavedra, prevista para las 19 y basada en su libro m\u00e1s reciente<strong> \u00abLa hermandad de los astronautas: el juicio a las Juntas por dentro\u00bb.<\/strong><\/p>\n<p>Gil Lavedra estar\u00e1 acompa\u00f1ado por el presidente de la Fundaci\u00f3n El Libro, Alejandro Vaccaro, quien presentar\u00e1 la reedici\u00f3n de <strong>\u00abBorges, vida y literatura\u00bb.<\/strong><\/p>\n<p> El s\u00e1bado 8 de julio, el economista y periodista Willy Kohan lanzar\u00e1 su libro <strong>\u00abSomos nosotros, diccionario argentino de econom\u00eda y pol\u00edtica\u00bb,<\/strong> mientras que el domingo 9 de julio, Angela Pradelli presentar\u00e1 su libro<strong> \u201cDos soldados\u00bb<\/strong>, que aborda el tema Malvinas.<\/p>\n<p> Para el lunes 10 de julio est\u00e1 previsto un seminario sobre promoci\u00f3n de la lectura, dirigido a docentes, en tanto que para el mi\u00e9rcoles 12 de julio la programaci\u00f3n incluye una charla sobre<strong> \u00abel rol de la m\u00fasica en la restauraci\u00f3n democr\u00e1tica\u00bb, <\/strong>acompa\u00f1ado por un concierto, a cargo de Liliana y Lito Vitale por MIA, Lito Nebbia por Melopea Discos y Alberto Felici y Magma por el sello AMA.<\/p>\n<p> La agenda contin\u00faa el jueves 13 de julio con la presentaci\u00f3n de la novela ganadora del <strong>Premio Clar\u00edn 2022<\/strong>,<strong> \u00abEl desierto invisible\u00bb<\/strong>, del escritor <a data-cke-saved-href=\"https:\/\/www.clarin.com\/cultura\/miguel-gaya-ganador-premio-clarin-novela-blancos-civilizados-mestizos-_0_0GkctwiaaQ.html\" target=\"_blank\" href=\"https:\/\/www.clarin.com\/cultura\/miguel-gaya-ganador-premio-clarin-novela-blancos-civilizados-mestizos-_0_0GkctwiaaQ.html\" rel=\"noopener noreferrer\">Miguel Gaya<\/a>, actividad que ser\u00e1 previa a una charla sobre la novela argentina, el viernes 14 de julio.<\/p>\n<p> Silvia Hopenhayn vuelve a la feria con el legado de Borges, autoras olvidadas de la literatura argentina y la moderaci\u00f3n de una charla sobre \u00ab40 a\u00f1os de democracia y literatura\u00bb entre Luisa Valenzuela y Daniel Divinsky.<\/p>\n<p> El s\u00e1bado 15, Luisa Valenzuela oficiar\u00e1 de anfitriona en un encuentro sobre microficciones, destinado a escritores locales.<\/p>\n<p> La Feria del Libro de Corrientes tendr\u00e1 10 d\u00edas y abrir\u00e1 sus puertas de 14 a 22, con acceso libre y gratuito.<\/p>\n<p>En tanto, la C\u00e1mara de Senadores y la vicegobernaci\u00f3n de la provincia, a cargo de<strong> Pedro Braillard Poccard<\/strong>,expondr\u00e1 la historia del Palacio Legislativo, que este a\u00f1o celebra sus 116 aniversario, mediante archivos hist\u00f3ricos y material bibliogr\u00e1fico, que formaron parte de la muestra<strong> \u00abMemoria Legislativa\u00bb.<\/strong> <\/p>\n<p> Adem\u00e1s, se expondr\u00e1 una obra textil llamada <strong>\u00abCorriente Creativa\u00bb,<\/strong> que trata de la intervenci\u00f3n de un dise\u00f1o original del reconocido dise\u00f1ador Mario Montoya y con participaci\u00f3n de artistas pl\u00e1sticos y artesanos de Corrientes que realizaron esta pieza bas\u00e1ndose en letras de nuestro cancionero correntino.<\/p>\n<p> Por otra parte, se presentar\u00e1 un nuevo programa denominado <strong>\u00abSenado Joven\u00bb,<\/strong> que promueve la participaci\u00f3n de los estudiantes secundarios, con el objetivo de fortalecer la formaci\u00f3n ciudadana Y en el escenario mayor actuar\u00e1n los elencos estables del Senado.<\/p>\n<p> <span class=\"title-related\">Mir\u00e1 tambi\u00e9n<\/span> <\/div>\n","protected":false},"excerpt":{"rendered":"<p>Se realizar\u00e1 desde el viernes 7 de julio hasta el domingo 16 en el edificio recuperado de la vieja usina de Agua y Energ\u00eda, sobre la costanera del r\u00edo Paran\u00e1. La Feria del Libro de Corrientes&nbsp;conmemorar\u00e1 en la edici\u00f3n de este a\u00f1o el 40 aniversario del retorno a la democracia, con charlas, seminarios, conciertos y [&hellip;]<\/p>\n","protected":false},"author":1,"featured_media":56215,"comment_status":"closed","ping_status":"closed","sticky":false,"template":"","format":"standard","meta":[],"categories":[22],"tags":[],"_links":{"self":[{"href":"http:\/\/cordobateve.net\/index.php\/wp-json\/wp\/v2\/posts\/56214"}],"collection":[{"href":"http:\/\/cordobateve.net\/index.php\/wp-json\/wp\/v2\/posts"}],"about":[{"href":"http:\/\/cordobateve.net\/index.php\/wp-json\/wp\/v2\/types\/post"}],"author":[{"embeddable":true,"href":"http:\/\/cordobateve.net\/index.php\/wp-json\/wp\/v2\/users\/1"}],"replies":[{"embeddable":true,"href":"http:\/\/cordobateve.net\/index.php\/wp-json\/wp\/v2\/comments?post=56214"}],"version-history":[{"count":0,"href":"http:\/\/cordobateve.net\/index.php\/wp-json\/wp\/v2\/posts\/56214\/revisions"}],"wp:featuredmedia":[{"embeddable":true,"href":"http:\/\/cordobateve.net\/index.php\/wp-json\/wp\/v2\/media\/56215"}],"wp:attachment":[{"href":"http:\/\/cordobateve.net\/index.php\/wp-json\/wp\/v2\/media?parent=56214"}],"wp:term":[{"taxonomy":"category","embeddable":true,"href":"http:\/\/cordobateve.net\/index.php\/wp-json\/wp\/v2\/categories?post=56214"},{"taxonomy":"post_tag","embeddable":true,"href":"http:\/\/cordobateve.net\/index.php\/wp-json\/wp\/v2\/tags?post=56214"}],"curies":[{"name":"wp","href":"https:\/\/api.w.org\/{rel}","templated":true}]}}