{"id":56362,"date":"2023-07-10T04:25:30","date_gmt":"2023-07-10T04:25:30","guid":{"rendered":"https:\/\/www.clarin.com\/espectaculos\/tv\/martin-fierro-2023-lista-completa-ganadores_0_hIH4hAvQJf.html"},"modified":"2023-07-10T04:25:30","modified_gmt":"2023-07-10T04:25:30","slug":"martin-fierro-2023-la-lista-completa-de-todos-los-ganadores","status":"publish","type":"post","link":"http:\/\/cordobateve.net\/index.php\/2023\/07\/10\/martin-fierro-2023-la-lista-completa-de-todos-los-ganadores\/","title":{"rendered":"Mart\u00edn Fierro 2023: la lista completa de todos los ganadores"},"content":{"rendered":"<p><img src=\"http:\/\/cordobateve.net\/wp-content\/uploads\/2023\/07\/martin-fierro-2023-la-lista-completa-de-todos-los-ganadores.jpg\"><\/p>\n<p>Este domingo 9 de julio se entregaron los Mart\u00edn Fierro, los premios de la <strong>Asociaci\u00f3n de Periodistas de Televisi\u00f3n y Radiofon\u00eda de la Argentina<\/strong>. En la ceremonia que se realiz\u00f3 en el Hotel Hilton se premiaron a las 36 ternas nominadas y se eligi\u00f3 tambi\u00e9n al Oro, que fue para <a data-cke-saved-href=\"https:\/\/www.clarin.com\/tema\/gran-hermano.html\" target=\"_blank\" href=\"https:\/\/www.clarin.com\/tema\/gran-hermano.html\" rel=\"noopener noreferrer\">Gran hermano<\/a>, el reality de Telefe.<\/p>\n<p>En total, Telefe se qued\u00f3 con&nbsp;16 estatuillas (incluida el Oro);&nbsp;eltrece gan\u00f3 ocho; el nueve se llev\u00f3 cinco; Am\u00e9rica, cuatro; y la TV P\u00fablica, tres,&nbsp;<\/p>\n<p>La pol\u00e9mica sobre la presencia de<strong> Jey Mamm\u00f3n <\/strong>en la ceremonia se defini\u00f3 luego de que su programa<em> La pe\u00f1a de Morfi<\/em> perdiera en su terna. Reci\u00e9n all\u00ed, Mamm\u00f3n -acusado por abuso sexual a un menor- baj\u00f3 al sal\u00f3n y se sent\u00f3 en la mesa con sus compa\u00f1eros. <\/p>\n<p>Otro momento notorio de la noche fue cuando al conductor<a href=\"https:\/\/www.clarin.com\/fama\/santiago-moro-contesto-jorge-rial-programa-numero-radio-numero-tele-_0_yFCaRRPIwC.html\" target=\"_blank\" rel=\"noopener noreferrer\"> Santiago del Moro <\/a>le toc\u00f3 anunciar el premio al mejor reality. Del Moro se corri\u00f3 hac\u00edan un costado y grit\u00f3: \u00ab\u00a1Mejor reality, <em>Gran hermano<\/em>!\u00bb, ciclo que \u00e9l mismo condujo.<\/p>\n<div class=\"sp__Normal embed-box embed-body-photo\" data-index=\"1\">\n<picture class=\"pointer\">\n<img class=\"img-expand\" width=\"100\" height=\"100\" loading=\"lazy\" src=\"http:\/\/cordobateve.net\/wp-content\/uploads\/2023\/07\/martin-fierro-2023-la-lista-completa-de-todos-los-ganadores-2.jpg\" alt=\"Mirtha Legrand le entrega el premio a la trayectoria a Susana Gim\u00e9nez en los Mart\u00edn Fierro 2023.\"><br \/>\n<span class=\"bt-expand\"><br \/>\n<svg class=\"ico white_mod\">\n<use class=\"use-expand\" xlink:href=\"#icon-expand\" \/>\n<\/svg><br \/>\n<\/span>\n<\/picture><figcaption>Mirtha Legrand le entrega el premio a la trayectoria a Susana Gim\u00e9nez en los Mart\u00edn Fierro 2023. <\/figcaption><\/div>\n<h2>Momentos plenos de emoci\u00f3n<\/h2>\n<p>Uno de los momentos m\u00e1s emotivos de la noche se dio cuando<a href=\"https:\/\/www.clarin.com\/fama\/abel-pintos-quebro-cantar-himno-nacional-teatro-colon-viva-patria-_0_P6dBTLx4Mv.html\" target=\"_blank\" rel=\"noopener noreferrer\"> Abel Pintos<\/a> enton\u00f3 el <em>Himno Nacional Argentino<\/em>. En cada mesa hab\u00eda una bandera argentina por persona para hacer flamear en ese momento. Pero el detalle que cada bandera llevaba el nombre de un sponsor, una casa de apuestas, no le cay\u00f3 muy bien a muchos.<\/p>\n<p>Y <a href=\"https:\/\/www.clarin.com\/espectaculos\/cine\/natalia-oreiro-dice-gracias-argentina-dio-oportunidad-cumplir-suenos-hogar-hijo-amor-_0_lIH4ZMAW2x.html\" target=\"_blank\" rel=\"noopener noreferrer\">Natalia Oreiro<\/a> tambi\u00e9n hizo llorar a muchos de los presentes cuando interpret\u00f3 una versi\u00f3n de <em>No es mi despedida<\/em>, la canci\u00f3n de <strong>Gilda<\/strong>, en el segmento en el que se homenaje\u00f3 a los muertos durante 2022. En la pantalla se vio a Pinky, Cacho Fontana, C\u00e9sar Mascetti, Diana Maggi, Lino Patalano, Mar\u00eda Ibarreta y m\u00e1s, para cerrar con Carlitos Bala y sus inolvidables \u00abeaeapep\u00e9\u00bb y \u00abnos vemos\u00bb.<\/p>\n<p>Tambi\u00e9n el Mart\u00edn Fierro a la trayectoria para <strong>Susana Gim\u00e9nez<\/strong>, que entreg\u00f3<strong> Mirtha Legrand<\/strong>, fue otro de los grandes momentos de la noche. \u00abNunca la o\u00ed hablar mal de nadie -dijo Mirtha de Susana-. Yo s\u00ed, a veces hablo mal de otros\u00bb, se sincer\u00f3 Legrand. Susana ser ri\u00f3 de que hace un tiempo ella le entreg\u00f3 el mismo premio a Mirtha y record\u00f3 los d\u00edas en que juntas jugaban al Burako.<\/p>\n<div class=\"sp__Normal embed-box embed-body-photo\" data-index=\"2\">\n<picture class=\"pointer\">\n<img class=\"img-expand\" width=\"100\" height=\"100\" loading=\"lazy\" src=\"http:\/\/cordobateve.net\/wp-content\/uploads\/2023\/07\/martin-fierro-2023-la-lista-completa-de-todos-los-ganadores-3.jpg\" alt=\"Natalia Oreiro durante el homenaje a los fallecidos en el a\u00f1o, en los Mart\u00edn Fierro 2023. Foto Prensa Telefe\"><br \/>\n<span class=\"bt-expand\"><br \/>\n<svg class=\"ico white_mod\">\n<use class=\"use-expand\" xlink:href=\"#icon-expand\" \/>\n<\/svg><br \/>\n<\/span>\n<\/picture><figcaption>Natalia Oreiro durante el homenaje a los fallecidos en el a\u00f1o, en los Mart\u00edn Fierro 2023. Foto Prensa Telefe <\/figcaption><\/div>\n<p>En el homenaje a <strong>Antonio Gasalla<\/strong>, a cargo de Marcelo Polino, repasaron los grandes personajes del actor, que no se encuentra bien de salud. Susana Gim\u00e9nez recibi\u00f3 el premio en su nombre y se quebr\u00f3 al recordarlo. Las l\u00e1grimas le salieron espont\u00e1neas.<\/p>\n<h2>La lista completa de los ganadores<\/h2>\n<p><strong>Mart\u00edn Fierro de Oro<\/strong>:<\/p>\n<p><strong>Ficci\u00f3n<\/strong><\/p>\n<p><em>El hincha<\/em> (Elnueve) y&nbsp;<em>El primero de nosotros<\/em> (Telefe). Hubo empate, y cada uno se lleva una estatuilla.<\/p>\n<p><strong>Period\u00edstico<\/strong><\/p>\n<p><em>Animales sueltos<\/em> (Am\u00e9rica).<\/p>\n<p><strong>Humor\u00edstico\/ De actualidad<\/strong><\/p>\n<p><em>Bendita<\/em> (Elnueve).<\/p>\n<p><strong>Deportivo<\/strong><\/p>\n<p><em>Selecci\u00f3n argentina, la serie (<\/em>Elnueve), <em>Somos mundiales <\/em>(TV P\u00fablica). Empate entre ambos programas, una estatuilla para cada uno,<\/p>\n<p><strong>Noticiero diurno<\/strong><\/p>\n<p><em>Am\u00e9rica noticias<\/em> (Am\u00e9rica).<\/p>\n<p><strong>Noticiero nocturno<\/strong><\/p>\n<p><em>Telefe noticias <\/em>(Telefe).<\/p>\n<p><strong>Inter\u00e9s general<\/strong><\/p>\n<p><em>PH, podemos hablar <\/em>(Telefe).<\/p>\n<p><strong>Musical<\/strong><\/p>\n<p><em>Puente musical <\/em>(Elnueve).<\/p>\n<p><strong>Magazine<\/strong><\/p>\n<p><em>A la Barbarossa<\/em> (Telefe).<\/p>\n<p><strong>Cultural\/ Educativo<\/strong><\/p>\n<p><em>Noche de mente<\/em> (TV P\u00fablica)<\/p>\n<p><strong>Entretenimientos (juegos)<\/strong><\/p>\n<p> <em>100 argentinos dicen <\/em>(El Trece).<\/p>\n<p><strong>Entretenimientos (conocimiento)<\/strong><\/p>\n<p><em>Los 8 escalones del mill\u00f3n<\/em> (El Trece).<\/p>\n<div class=\"sp__Normal embed-box embed-body-photo\" data-index=\"3\">\n<picture class=\"pointer\">\n<img class=\"img-expand\" width=\"100\" height=\"100\" loading=\"lazy\" src=\"http:\/\/cordobateve.net\/wp-content\/uploads\/2023\/07\/martin-fierro-2023-la-lista-completa-de-todos-los-ganadores-4.jpg\" alt=\"Guido Kaczka, ganador por el programa &quot;Los ocho escalones del mill\u00f3n&quot;, de eltrece.\"><br \/>\n<span class=\"bt-expand\"><br \/>\n<svg class=\"ico white_mod\">\n<use class=\"use-expand\" xlink:href=\"#icon-expand\" \/>\n<\/svg><br \/>\n<\/span>\n<\/picture><figcaption>Guido Kaczka, ganador por el programa \u00abLos ocho escalones del mill\u00f3n\u00bb, de eltrece. <\/figcaption><\/div>\n<p><strong>Big show<\/strong><\/p>\n<p><em>La voz argentina <\/em>(Telefe).<\/p>\n<p><strong>Reality<\/strong><\/p>\n<p><em>Gran hermano <\/em>(Telefe).<\/p>\n<p><strong>Gastronom\u00eda<\/strong><\/p>\n<p><em>Ariel en su salsa <\/em>(Telefe).<\/p>\n<p><strong>Viajes \/ Turismo<\/strong><\/p>\n<div class=\"sp__Normal embed-box embed-body-photo\" data-index=\"4\">\n<picture class=\"pointer\">\n<img class=\"img-expand\" width=\"100\" height=\"100\" loading=\"lazy\" src=\"http:\/\/cordobateve.net\/wp-content\/uploads\/2023\/07\/martin-fierro-2023-la-lista-completa-de-todos-los-ganadores-5.jpg\" alt=\"Federico Bal gan\u00f3 el Mart\u00edn Fierro con &quot;Resto del mundo&quot;, el ciclo de eltrece, en el rubro &quot;Viajes\/Turismo&quot;. Foto Telefe\"><br \/>\n<span class=\"bt-expand\"><br \/>\n<svg class=\"ico white_mod\">\n<use class=\"use-expand\" xlink:href=\"#icon-expand\" \/>\n<\/svg><br \/>\n<\/span>\n<\/picture><figcaption>Federico Bal gan\u00f3 el Mart\u00edn Fierro con \u00abResto del mundo\u00bb, el ciclo de eltrece, en el rubro \u00abViajes\/Turismo\u00bb. Foto Telefe <\/figcaption><\/div>\n<p><em>Resto del mundo<\/em> (El Trece).<\/p>\n<p><strong>Juvenil<\/strong><\/p>\n<p><em>Altavoz<\/em> (TV P\u00fablica).<\/p>\n<p><strong>Labor en conducci\u00f3n femenina<\/strong><\/p>\n<p>Mirtha Legrand (<em>La noche de Mirtha<\/em>, El Trece).<\/p>\n<p><strong>Labor en conducci\u00f3n masculina<\/strong><\/p>\n<p>Santiago del Moro (<em>Gran hermano<\/em> y <em>MasterChef Celebrity<\/em>, Telefe).<\/p>\n<div class=\"sp__Normal embed-box embed-body-photo\" data-index=\"5\">\n<picture class=\"pointer\">\n<img class=\"img-expand\" width=\"100\" height=\"100\" loading=\"lazy\" src=\"http:\/\/cordobateve.net\/wp-content\/uploads\/2023\/07\/martin-fierro-2023-la-lista-completa-de-todos-los-ganadores-6.jpg\" alt=\"Santiago del Moro fue el conductor de la ceremonia del Mart\u00edn Fierro y gan\u00f3 como mejor conductor y mejor reality por &quot;Gran hermano&quot;. Foto Prensa Telefe\"><br \/>\n<span class=\"bt-expand\"><br \/>\n<svg class=\"ico white_mod\">\n<use class=\"use-expand\" xlink:href=\"#icon-expand\" \/>\n<\/svg><br \/>\n<\/span>\n<\/picture><figcaption>Santiago del Moro fue el conductor de la ceremonia del Mart\u00edn Fierro y gan\u00f3 como mejor conductor y mejor reality por \u00abGran hermano\u00bb. Foto Prensa Telefe <\/figcaption><\/div>\n<p><strong>Labor period\u00edstica femenina<\/strong><\/p>\n<p>Liliana Caruso (<em>Am\u00e9rica noticias<\/em>, Am\u00e9rica).<\/p>\n<p><strong>Labor period\u00edstica masculina<\/strong><\/p>\n<p>Jorge Lanata (<em>Periodismo para todos<\/em>, eltrece).<\/p>\n<p><strong>Cronista \/ Movilero<\/strong><\/p>\n<p>Gustavo Tubio (<em>Arriba argentinos<\/em>, El Trece).<\/p>\n<p><strong>Panelista<\/strong><\/p>\n<p>Mariel Di Lenarda (<em>Nosotros a la ma\u00f1ana<\/em>, El Trece).<\/p>\n<p><strong>Actor protagonista de ficci\u00f3n<\/strong><\/p>\n<p>Benjam\u00edn Vicu\u00f1a (<em>El primero de nosotros<\/em>, Telefe).<\/p>\n<p><strong>Actriz protagonista de ficci\u00f3n<\/strong><\/p>\n<p>Mercedes Funes (<em>El primero de nosotros<\/em>, Telefe).<\/p>\n<div class=\"sp__Normal embed-box embed-body-photo\" data-index=\"6\">\n<picture class=\"pointer\">\n<img class=\"img-expand\" width=\"100\" height=\"100\" loading=\"lazy\" src=\"http:\/\/cordobateve.net\/wp-content\/uploads\/2023\/07\/martin-fierro-2023-la-lista-completa-de-todos-los-ganadores-7.jpg\" alt=\"Mercedes Funes, en &quot;El primero de nosotros&quot;, Telefe. Gan\u00f3 como mejor actriz protagonista de ficci\u00f3n.\"><br \/>\n<span class=\"bt-expand\"><br \/>\n<svg class=\"ico white_mod\">\n<use class=\"use-expand\" xlink:href=\"#icon-expand\" \/>\n<\/svg><br \/>\n<\/span>\n<\/picture><figcaption>Mercedes Funes, en \u00abEl primero de nosotros\u00bb, Telefe. Gan\u00f3 como mejor actriz protagonista de ficci\u00f3n. <\/figcaption><\/div>\n<p><strong>Actor de reparto<\/strong><\/p>\n<p>Daniel Fanego (<em>El primero de nosotros<\/em>, Telefe).<\/p>\n<p><strong>Actriz de reparto<\/strong><\/p>\n<div class=\"sp__Normal embed-box embed-body-photo\" data-index=\"7\">\n<picture class=\"pointer\">\n<img class=\"img-expand\" width=\"100\" height=\"100\" loading=\"lazy\" src=\"http:\/\/cordobateve.net\/wp-content\/uploads\/2023\/07\/martin-fierro-2023-la-lista-completa-de-todos-los-ganadores-8.jpg\" alt=\"Nancy Dupl\u00e1a, mejor actriz de reparto por &quot;Supernove&quot;, de elnueve.\"><br \/>\n<span class=\"bt-expand\"><br \/>\n<svg class=\"ico white_mod\">\n<use class=\"use-expand\" xlink:href=\"#icon-expand\" \/>\n<\/svg><br \/>\n<\/span>\n<\/picture><figcaption>Nancy Dupl\u00e1a, mejor actriz de reparto por \u00abSupernove\u00bb, de elnueve. <\/figcaption><\/div>\n<p>Nancy Dupl\u00e1a (<em>Supernova<\/em>, Elnueve)<\/p>\n<p><strong>Revelaci\u00f3n<\/strong><\/p>\n<p>Wanda Nara (<em>\u00bfQui\u00e9n es la m\u00e1scara?<\/em>, Telefe)<\/p>\n<div class=\"sp__Normal embed-box embed-body-photo\" data-index=\"8\">\n<picture class=\"pointer\">\n<img class=\"img-expand\" width=\"100\" height=\"100\" loading=\"lazy\" src=\"http:\/\/cordobateve.net\/wp-content\/uploads\/2023\/07\/martin-fierro-2023-la-lista-completa-de-todos-los-ganadores-9.jpg\" alt=\"Wanda Nara gan\u00f3 el premio revelaci\u00f3n en los\nMart\u00edn Fierro 2023. Foto Prensa Telefe\"><br \/>\n<span class=\"bt-expand\"><br \/>\n<svg class=\"ico white_mod\">\n<use class=\"use-expand\" xlink:href=\"#icon-expand\" \/>\n<\/svg><br \/>\n<\/span>\n<\/picture><figcaption>Wanda Nara gan\u00f3 el premio revelaci\u00f3n en los<br \/>\nMart\u00edn Fierro 2023. Foto Prensa Telefe <\/figcaption><\/div>\n<p><strong>Labor humor\u00edstica<\/strong><\/p>\n<p>\u201cPichu\u201d Straneo (<em>Recreo<\/em>, Am\u00e9rica).<\/p>\n<p><strong>Autor \/ Guionista<\/strong><\/p>\n<p>Ernesto Korovsky y Romina Moretto (<em>El primero de nosotros<\/em>, Telefe)<\/p>\n<p><strong>Direcci\u00f3n (ficci\u00f3n)<\/strong><\/p>\n<p>Alejandro Ib\u00e1\u00f1ez y Jorge Nisco (<em>La 1-5\/18<\/em> El Trece).<\/p>\n<p><strong>Direcci\u00f3n (no ficci\u00f3n)<\/strong><\/p>\n<p>Eugenio Gorkin (<em>Gran hermano<\/em>, Telefe).<\/p>\n<p><strong>Aviso publicitario (producto)<\/strong><\/p>\n<p>Primavera Sound (Flow, Don).<\/p>\n<p><strong>Aviso publicitaria mundialista<\/strong><\/p>\n<p>El clima de la copa (Philco, Oruga Cine).<\/p>\n<p><strong>Producci\u00f3n integral<\/strong><\/p>\n<p><em>Gran hermano<\/em> (Telefe).<\/p>\n<p><strong>Branded content<\/strong><\/p>\n<p><em>Modo selfie <\/em>(Agust\u00edn Neglia,&nbsp;Am\u00e9rica).<\/p>\n<p><em>WD<\/em><\/p>\n<p> <span class=\"title-related\">Mir\u00e1 tambi\u00e9n<\/span> <\/p>\n","protected":false},"excerpt":{"rendered":"<p>Este domingo 9 de julio se entregaron los Mart\u00edn Fierro, los premios de la Asociaci\u00f3n de Periodistas de Televisi\u00f3n y Radiofon\u00eda de la Argentina. En la ceremonia que se realiz\u00f3 en el Hotel Hilton se premiaron a las 36 ternas nominadas y se eligi\u00f3 tambi\u00e9n al Oro, que fue para Gran hermano, el reality de [&hellip;]<\/p>\n","protected":false},"author":1,"featured_media":56363,"comment_status":"closed","ping_status":"closed","sticky":false,"template":"","format":"standard","meta":[],"categories":[2],"tags":[],"_links":{"self":[{"href":"http:\/\/cordobateve.net\/index.php\/wp-json\/wp\/v2\/posts\/56362"}],"collection":[{"href":"http:\/\/cordobateve.net\/index.php\/wp-json\/wp\/v2\/posts"}],"about":[{"href":"http:\/\/cordobateve.net\/index.php\/wp-json\/wp\/v2\/types\/post"}],"author":[{"embeddable":true,"href":"http:\/\/cordobateve.net\/index.php\/wp-json\/wp\/v2\/users\/1"}],"replies":[{"embeddable":true,"href":"http:\/\/cordobateve.net\/index.php\/wp-json\/wp\/v2\/comments?post=56362"}],"version-history":[{"count":0,"href":"http:\/\/cordobateve.net\/index.php\/wp-json\/wp\/v2\/posts\/56362\/revisions"}],"wp:featuredmedia":[{"embeddable":true,"href":"http:\/\/cordobateve.net\/index.php\/wp-json\/wp\/v2\/media\/56363"}],"wp:attachment":[{"href":"http:\/\/cordobateve.net\/index.php\/wp-json\/wp\/v2\/media?parent=56362"}],"wp:term":[{"taxonomy":"category","embeddable":true,"href":"http:\/\/cordobateve.net\/index.php\/wp-json\/wp\/v2\/categories?post=56362"},{"taxonomy":"post_tag","embeddable":true,"href":"http:\/\/cordobateve.net\/index.php\/wp-json\/wp\/v2\/tags?post=56362"}],"curies":[{"name":"wp","href":"https:\/\/api.w.org\/{rel}","templated":true}]}}