{"id":58099,"date":"2023-08-14T17:06:43","date_gmt":"2023-08-14T17:06:43","guid":{"rendered":"http:\/\/cordobateve.net\/index.php\/2023\/08\/14\/lali-ante-las-criticas-por-lamentar-el-triunfo-de-milei-la-violencia-con-la-que-bardean-es-un-reflejo-de-lo-que-votan\/"},"modified":"2023-08-14T17:06:43","modified_gmt":"2023-08-14T17:06:43","slug":"lali-ante-las-criticas-por-lamentar-el-triunfo-de-milei-la-violencia-con-la-que-bardean-es-un-reflejo-de-lo-que-votan","status":"publish","type":"post","link":"http:\/\/cordobateve.net\/index.php\/2023\/08\/14\/lali-ante-las-criticas-por-lamentar-el-triunfo-de-milei-la-violencia-con-la-que-bardean-es-un-reflejo-de-lo-que-votan\/","title":{"rendered":"Lali ante las cr\u00edticas por lamentar el triunfo de Milei: \u201cLa violencia con la que bardean es un reflejo de lo que votan\u201d"},"content":{"rendered":"<div class=\"media_block\"><\/div>\n<p>Con los n\u00fameros que arrojaron las <strong>PASO 2023<\/strong>, <strong>Lali Esp\u00f3sito<\/strong> decidi\u00f3 compartir a trav\u00e9s de las redes su preocupaci\u00f3n por el triunfo de <strong><a target=\"_blank\" href=\"https:\/\/www.perfil.com\/noticias\/economia\/marcos-galperin-manifesto-su-apoyo-a-javier-milei-tras-los-resultados-de-las-paso-ojala-se-de.phtml\" rel=\"noopener noreferrer\">Javier Milei.<\/a> \u201cQu\u00e9 peligroso, qu\u00e9 triste\u201d, <\/strong>escribi\u00f3 y le llovieron todo tipo de respuestas y algunos ataques. Ante esto la artista pop decidi\u00f3 retrucar: \u201c<strong>La violencia con la que bardean es un reflejo de lo que votan<\/strong>\u201d.<\/p>\n<p>Entre los miles de comentarios que le hicieron a Lali, tambi\u00e9n estuvo el de la modelo<strong> Anam\u00e1 Ferreira<\/strong> quien le contest\u00f3: \u201cAmo a Lali. Dicho esto va: Peligroso es salir a trabajar y que no sabes si vas a volver a tu casa. Peligroso es no tener comida para tus hijos. Peligroso es matar a Morena por un celular pobre chiquita. Peligroso es un d\u00f3lar a 600 y no tener techo. Peligroso Lali es no tener cloaca\u201d.<\/p>\n<p><img alt=\"Lali on Twitter 20230814\" src=\"http:\/\/cordobateve.net\/wp-content\/uploads\/2023\/08\/lali-ante-las-criticas-por-lamentar-el-triunfo-de-milei-la-violencia-con-la-que-bardean-es-un-reflejo-de-lo-que-votan.jpg\" loading=\"lazy\"><\/p>\n<p>Mientras que <a target=\"_blank\" href=\"https:\/\/www.perfil.com\/noticias\/politica\/que-ministerios-sacaria-milei-si-gobierna-cuales-dejaria-y-cuales-agregaria.phtml\" rel=\"noopener noreferrer\"><strong>Javier Milei<\/strong><\/a>, el protagonista e indiscutido ganador de la jornada electoral, fue consultado sobre la cr\u00edtica que recibi\u00f3 de la artista, pero <strong>asegur\u00f3 que no la conoc\u00eda<\/strong>. \u201cNo s\u00e9 qui\u00e9n es\u201d, afirm\u00f3 el libertario en di\u00e1logo con Radio Rivadavia y cuando le se\u00f1alaron que era una cantante aclar\u00f3 que el escuchaba a \u201clos Rolling Stones\u201d. \u201cO escucho \u00f3pera, pero<strong> no soy muy id\u00f3neo en m\u00fasica popular<\/strong>\u201d, explic\u00f3.<\/p>\n<p><img alt=\"Lali on Twitter 20230814\" src=\"http:\/\/cordobateve.net\/wp-content\/uploads\/2023\/08\/lali-ante-las-criticas-por-lamentar-el-triunfo-de-milei-la-violencia-con-la-que-bardean-es-un-reflejo-de-lo-que-votan-1.jpg\" loading=\"lazy\"><\/p>\n<p>\u201cNo me pone para nada mal que me \u2018bardeen\u2019 por considerar peligroso y triste que haya gente que vote a un ANTI-DERECHO\u201d, escribi\u00f3 Lali luego de su primera reacci\u00f3n. \u201cLa violencia con la que bardean y los argumentos son un reflejo de lo que votan justamente. Nos mal acostumbramos a considerar que si alguien opina de una manera es porque est\u00e1 del \u2018otro bando\u2019 y del \u00daNICO bando que voy a estar siempre (dentro del panorama decadente pol\u00edtico y econ\u00f3mico argentino) es del lado que no se caga en lo ganado en materia de derechos. Aunque sea eso me queda como votante joven argentina responsable, que no piensa en su ombligo \u00fanicamente\u201d, expres\u00f3.<\/p>\n<p class=\"destacadoNota\"><a target=\"_blank\" href=\"https:\/\/www.perfil.com\/noticias\/actualidad\/lali-esposito-advirtio-el-peligro-del-resultado-de-las-paso-2023-y-sus-seguidores-le-contestaron.phtml\" rel=\"noopener noreferrer\">Lali Esp\u00f3sito advirti\u00f3 el \u201cpeligro\u201d del resultado de las PASO 2023 y sus seguidores le contestaron<\/a><br \/>&nbsp;<\/p>\n<p>Para finalizar, aclar\u00f3 en la red social donde cuenta con m\u00e1s de siete&nbsp;millones de seguidores: \u201c<strong>Podr\u00eda no opinar nada, obvio. Es lo m\u00e1s \u2018c\u00f3modo\u2019, pero no soy as\u00ed<\/strong>. As\u00ed que&#8230; \u00a1Si! Para mi es realmente triste votar a un Anti-Derecho. Eso opino. Igual tranquis que soy una ciudadana angustiada no una candidata ni nada. \u00a1Relajen! Un beso respetuoso para todos\u201d.<\/p>\n<p>RB CP<br \/>&nbsp;<\/p>\n<div class=\"article__tags\">\n<p>En esta Nota<\/p>\n<\/p><\/div>\n","protected":false},"excerpt":{"rendered":"<p>Con los n\u00fameros que arrojaron las PASO 2023, Lali Esp\u00f3sito decidi\u00f3 compartir a trav\u00e9s de las redes su preocupaci\u00f3n por el triunfo de Javier Milei. \u201cQu\u00e9 peligroso, qu\u00e9 triste\u201d, escribi\u00f3 y le llovieron todo tipo de respuestas y algunos ataques. Ante esto la artista pop decidi\u00f3 retrucar: \u201cLa violencia con la que bardean es un [&hellip;]<\/p>\n","protected":false},"author":1,"featured_media":58100,"comment_status":"closed","ping_status":"closed","sticky":false,"template":"","format":"standard","meta":[],"categories":[22],"tags":[],"_links":{"self":[{"href":"http:\/\/cordobateve.net\/index.php\/wp-json\/wp\/v2\/posts\/58099"}],"collection":[{"href":"http:\/\/cordobateve.net\/index.php\/wp-json\/wp\/v2\/posts"}],"about":[{"href":"http:\/\/cordobateve.net\/index.php\/wp-json\/wp\/v2\/types\/post"}],"author":[{"embeddable":true,"href":"http:\/\/cordobateve.net\/index.php\/wp-json\/wp\/v2\/users\/1"}],"replies":[{"embeddable":true,"href":"http:\/\/cordobateve.net\/index.php\/wp-json\/wp\/v2\/comments?post=58099"}],"version-history":[{"count":0,"href":"http:\/\/cordobateve.net\/index.php\/wp-json\/wp\/v2\/posts\/58099\/revisions"}],"wp:featuredmedia":[{"embeddable":true,"href":"http:\/\/cordobateve.net\/index.php\/wp-json\/wp\/v2\/media\/58100"}],"wp:attachment":[{"href":"http:\/\/cordobateve.net\/index.php\/wp-json\/wp\/v2\/media?parent=58099"}],"wp:term":[{"taxonomy":"category","embeddable":true,"href":"http:\/\/cordobateve.net\/index.php\/wp-json\/wp\/v2\/categories?post=58099"},{"taxonomy":"post_tag","embeddable":true,"href":"http:\/\/cordobateve.net\/index.php\/wp-json\/wp\/v2\/tags?post=58099"}],"curies":[{"name":"wp","href":"https:\/\/api.w.org\/{rel}","templated":true}]}}