{"id":58227,"date":"2023-08-16T18:00:58","date_gmt":"2023-08-16T18:00:58","guid":{"rendered":"https:\/\/www.espinof.com\/directores-y-guionistas\/seria-hostia-ver-version-christopher-nolan-quentin-tarantino-quiere-que-director-oppenheimer-haga-remake-este-clasico-cine-belico"},"modified":"2023-08-16T18:00:58","modified_gmt":"2023-08-16T18:00:58","slug":"seria-la-hostia-ver-la-version-de-christopher-nolan-quentin-tarantino-quiere-que-el-director-de-oppenheimer-haga-el-remake-de-este-clasico-del-cine-belico","status":"publish","type":"post","link":"http:\/\/cordobateve.net\/index.php\/2023\/08\/16\/seria-la-hostia-ver-la-version-de-christopher-nolan-quentin-tarantino-quiere-que-el-director-de-oppenheimer-haga-el-remake-de-este-clasico-del-cine-belico\/","title":{"rendered":"\u00abSer\u00eda la hostia ver la versi\u00f3n de Christopher Nolan\u00bb. Quentin Tarantino quiere que el director de &#8216;Oppenheimer&#8217; haga el remake de este cl\u00e1sico del cine b\u00e9lico"},"content":{"rendered":"<p>No es ning\u00fan secreto que <strong>Christopher Nolan <\/strong>y<strong> Quentin Tarantino<\/strong> se llevan bastante bien, aunque el primero <a href=\"https:\/\/www.espinof.com\/directores-y-guionistas\/tu-te-crees-christopher-nolan-opina-que-razon-quentin-tarantino-para-retirarse-muy-purista\">critic\u00f3 recientemente<\/a> la decisi\u00f3n del segundo de retirarse como director de pel\u00edculas tras el estreno de <a href=\"https:\/\/www.espinof.com\/fecha-de-estreno\/the-movie-critic-fecha-estreno-trailer-reparto-todo-que-sabemos-pelicula-quentin-tarantino\">&#8216;The Movie Critic&#8217;<\/a> por ser \u00ab<em>muy purista<\/em>\u00ab. Hoy toca volver a hablar de ellos porque el autor de <a href=\"https:\/\/www.espinof.com\/criticas\/los-odiosos-ocho-tan-entretenida-como-tramposa\">&#8216;Los odiosos ocho&#8217;<\/a> <strong>est\u00e1 deseando ver c\u00f3mo ser\u00eda el remake de cierto cl\u00e1sico del cine b\u00e9lico<\/strong> si lo dirigiese el m\u00e1ximo responsables de <a href=\"https:\/\/www.espinof.com\/fecha-de-estreno\/oppenheimer-2023-fecha-estreno-trailer-reparto-pelicula-dirigida-christopher-nolan\">&#8216;Oppenheimer&#8217;<\/a>.<\/p>\n<p><!-- BREAK 1 --><\/p>\n<h2>La alabanza de Tarantino a Nolan<\/h2>\n<p>Todo se remonta a unas declaraciones realizadas por Tarantino en 2014 para <a href=\"https:\/\/www.theguardian.com\/film\/2014\/nov\/04\/-sp-christopher-nolan-interstellar-rebooted-blockbuster\">The Guardian<\/a>, <strong>destacando que Nolan ser\u00eda un gran director en cualquier \u00e9poca de la historia del cine<\/strong>. Eso le llev\u00f3 a comentar tambi\u00e9n lo siguiente, dejando claro cu\u00e1l es el t\u00edtulo del que le gustar\u00eda ver un remake por parte del autor de <a href=\"https:\/\/www.espinof.com\/criticas\/christopher-nolan-memento-memoria-selectiva\">&#8216;Memento&#8217;<\/a>:<\/p>\n<p><!-- BREAK 2 --> <\/p>\n<blockquote><p>Christopher Nolan ser\u00eda tan buen cineasta como es, tan potente como es, si estuviera haciendo pel\u00edculas en 1975. O si estuviera haciendo pel\u00edculas en 1965. Me gustar\u00eda ver la versi\u00f3n de Chris Nolan de &#8216;La Batalla de las \u00c1rdenas&#8217;. Ser\u00eda la hostia.<\/p><\/blockquote>\n<p>Es verdad que estas declaraciones de Tarantino llegaron varios a\u00f1os antes del estreno de <a href=\"https:\/\/www.espinof.com\/criticas\/dunkerque-es-impresionante-la-pelicula-mas-asfixiante-de-christopher-nolan\">&#8216;Dunkerque&#8217;<\/a>, la primera experiencia de Nolan dentro del cine b\u00e9lico. Luego llegar\u00eda &#8216;Oppenheimer&#8217;, situada durante la II Guerra Mundial pero que, estrictamente hablando, no es una pel\u00edcula b\u00e9lica. Con todo, <strong>si ya hizo una trilog\u00eda sobre Batman<\/strong>, tampoco ser\u00e9 yo quien se queje si hace otra sobre la II Guerra Mundial, pues ya es <a href=\"https:\/\/www.espinof.com\/directores-y-guionistas\/christopher-nolan-destrona-a-steven-spielberg-forma-definitiva-como-rey-ii-guerra-mundial-oppenheimer-hace-anicos-record-dukerque-aplasta-a-salvar-al-soldado-ryan\">el rey de Hollywood<\/a> en lo que se refiere a este triste enfrentamiento b\u00e9lico.<\/p>\n<p><!-- BREAK 3 --><\/p>\n<div class=\"article-asset article-asset-normal article-asset-center\">\n<div class=\"desvio-container\">\n<div class=\"desvio\">\n<div class=\"desvio-figure js-desvio-figure\"> <a href=\"https:\/\/www.espinof.com\/listas\/todas-peliculas-christopher-nolan-ordenadas-peor-a-mejor\"> <img alt=\"Todas las pel\u00edculas de Christopher Nolan ordenadas de peor a mejor\" src=\"http:\/\/cordobateve.net\/wp-content\/uploads\/2023\/08\/seria-la-hostia-ver-la-version-de-christopher-nolan-quentin-tarantino-quiere-que-el-director-de-oppenheimer-haga-el-remake-de-este-clasico-del-cine-belico.jpg\"> <\/a> <\/div><\/div><\/div>\n<\/div>\n<p>Dirigida por <strong>Ken Annakin<\/strong> y estrenada en 1965, &#8216;La batalla de las \u00c1rdenas&#8217; cuenta la historia de la \u00faltima gran ofensiva del ej\u00e9rcito alem\u00e1n en diciembre de 1944 para intentar derrotar al ej\u00e9rcito aliado. Un cruento enfrentamiento que se alarg\u00f3 durante algo m\u00e1s de un mes y que llev\u00f3 a que decenas de miles de soldados de ambos bandos perdieran la vida.<\/p>\n<p><!-- BREAK 4 --> <\/p>\n<p>Por el momento <strong>se desconoce cu\u00e1l ser\u00e1 la siguiente pel\u00edcula de Christopher Nolan<\/strong>, quien ya ha dejado claro que no piensa centrarse en su pr\u00f3ximo trabajo hasta que acabe la huelga de guionistas que ha paralizado Hollywood.<\/p>\n<p><!-- BREAK 5 --><\/p>\n<p>En Espinof | <a href=\"https:\/\/www.espinof.com\/listas\/mejores-peliculas-belicas-todos-tiempos\">Las 23 mejores pel\u00edculas b\u00e9licas de todos los tiempos<\/a><\/p>\n<p><!-- BREAK 6 --> <\/p>\n","protected":false},"excerpt":{"rendered":"<p>No es ning\u00fan secreto que Christopher Nolan y Quentin Tarantino se llevan bastante bien, aunque el primero critic\u00f3 recientemente la decisi\u00f3n del segundo de retirarse como director de pel\u00edculas tras el estreno de &#8216;The Movie Critic&#8217; por ser \u00abmuy purista\u00ab. Hoy toca volver a hablar de ellos porque el autor de &#8216;Los odiosos ocho&#8217; est\u00e1 [&hellip;]<\/p>\n","protected":false},"author":1,"featured_media":58228,"comment_status":"closed","ping_status":"closed","sticky":false,"template":"","format":"standard","meta":[],"categories":[24],"tags":[],"_links":{"self":[{"href":"http:\/\/cordobateve.net\/index.php\/wp-json\/wp\/v2\/posts\/58227"}],"collection":[{"href":"http:\/\/cordobateve.net\/index.php\/wp-json\/wp\/v2\/posts"}],"about":[{"href":"http:\/\/cordobateve.net\/index.php\/wp-json\/wp\/v2\/types\/post"}],"author":[{"embeddable":true,"href":"http:\/\/cordobateve.net\/index.php\/wp-json\/wp\/v2\/users\/1"}],"replies":[{"embeddable":true,"href":"http:\/\/cordobateve.net\/index.php\/wp-json\/wp\/v2\/comments?post=58227"}],"version-history":[{"count":0,"href":"http:\/\/cordobateve.net\/index.php\/wp-json\/wp\/v2\/posts\/58227\/revisions"}],"wp:featuredmedia":[{"embeddable":true,"href":"http:\/\/cordobateve.net\/index.php\/wp-json\/wp\/v2\/media\/58228"}],"wp:attachment":[{"href":"http:\/\/cordobateve.net\/index.php\/wp-json\/wp\/v2\/media?parent=58227"}],"wp:term":[{"taxonomy":"category","embeddable":true,"href":"http:\/\/cordobateve.net\/index.php\/wp-json\/wp\/v2\/categories?post=58227"},{"taxonomy":"post_tag","embeddable":true,"href":"http:\/\/cordobateve.net\/index.php\/wp-json\/wp\/v2\/tags?post=58227"}],"curies":[{"name":"wp","href":"https:\/\/api.w.org\/{rel}","templated":true}]}}