{"id":58261,"date":"2023-08-17T09:01:52","date_gmt":"2023-08-17T09:01:52","guid":{"rendered":"https:\/\/www.clarin.com\/espectaculos\/cine\/the-quiet-girl-tapada-oscar-compitio-argentina-1985_0_mzZMKWqK3J.html"},"modified":"2023-08-17T09:01:52","modified_gmt":"2023-08-17T09:01:52","slug":"the-quiet-girl-la-tapada-del-oscar-que-compitio-con-argentina-1985","status":"publish","type":"post","link":"http:\/\/cordobateve.net\/index.php\/2023\/08\/17\/the-quiet-girl-la-tapada-del-oscar-que-compitio-con-argentina-1985\/","title":{"rendered":"The Quiet Girl, la tapada del Oscar que compiti\u00f3 con Argentina, 1985"},"content":{"rendered":"<p><img src=\"http:\/\/cordobateve.net\/wp-content\/uploads\/2023\/08\/the-quiet-girl-la-tapada-del-oscar-que-compitio-con-argentina-1985.jpg\"><\/p>\n<div readability=\"32.5\">\n<div class=\"title check-space\" data-color=\"style='background-color:'\" readability=\"10\">\n<p><h2>Bell\u00edsimo y conmovedor relato sobre una ni\u00f1a irlandesa que va a vivir con unos parientes de su madre embarazada.<\/h2>\n<\/p>\n<\/div><\/div>\n<div id=\"entry-body\">\n<p><strong><em>The Quiet Girl<\/em><\/strong> fue la pel\u00edcula \u201ctapada\u201d, la que una semana ante de darse a conocer las nominaciones, nadie esperaba que se colase entre las cinco candidatas al <a data-cke-saved-href=\"https:\/\/www.clarin.com\/espectaculos\/cine\/oscar-2023-peliculas-compiten-argentina-1985_0_oeJMq0T2Il.html\" target=\"_blank\" href=\"https:\/\/www.clarin.com\/espectaculos\/cine\/oscar-2023-peliculas-compiten-argentina-1985_0_oeJMq0T2Il.html\" rel=\"noopener noreferrer\"><strong>Oscar a la mejor pel\u00edcula internaciona<\/strong><\/a>l este a\u00f1o. S\u00ed, compiti\u00f3 con <a data-cke-saved-href=\"https:\/\/www.clarin.com\/espectaculos\/cine\/argentina-1985-verdad-mancha_0_my8AbNCirb.html\" target=\"_blank\" href=\"https:\/\/www.clarin.com\/espectaculos\/cine\/argentina-1985-verdad-mancha_0_my8AbNCirb.html\" rel=\"noopener noreferrer\"><strong><em>Argentina, 1985<\/em><\/strong><\/a>, y bien merecido que tiene ese reconocimiento.<\/p>\n<p> Cuando ya se desarrolla cerca de la mitad de la trama no aparecen atisbos de por qu\u00e9 la pel\u00edcula hablada en irland\u00e9s lleg\u00f3 a esa instancia definitoria en el premio de la Academia de Hollywood.<\/p>\n<p> Pero esperen a los \u00faltimos quince minutos.<\/p>\n<div class=\"sp__Normal embed-box embed-body-photo\" data-index=\"0\">\n<picture class=\"pointer\">\n<img class=\"img-expand\" width=\"100\" height=\"100\" loading=\"lazy\" src=\"http:\/\/cordobateve.net\/wp-content\/uploads\/2023\/08\/the-quiet-girl-la-tapada-del-oscar-que-compitio-con-argentina-1985-2.jpg\" alt=\"C\u00e1it (Caherine Clinch) no est\u00e1 huyendo, precisamente. Gran pel\u00edcula irlandesa. Foto Zeta Films\"><br \/>\n<span class=\"bt-expand\"><br \/>\n<svg class=\"ico white_mod\">\n<use class=\"use-expand\" xlink:href=\"#icon-expand\" \/>\n<\/svg><br \/>\n<\/span>\n<\/picture><figcaption>C\u00e1it (Caherine Clinch) no est\u00e1 huyendo, precisamente. Gran pel\u00edcula irlandesa. Foto Zeta Films <\/figcaption><\/div>\n<p>Son demoledores. Si tienen un coraz\u00f3n m\u00ednimamente sensible, se les va a estrujar. Y ya saben lo que pasa cuando sucede eso.<\/p>\n<h2>La \u00abchica&nbsp;tranquila\u00bb<\/h2>\n<p> La chica tranquila, o callada del t\u00edtulo, es C\u00e1it (Catherine Clinch, vaya uno a saber de d\u00f3nde o de que casting la sacaron, pero su actuaci\u00f3n es incre\u00edblemente conmovedora), una ni\u00f1a que vive con sus padres en un ambiente rural en la Irlanda de los a\u00f1os \u201980. Algo retra\u00edda, no tiene lo que se dice una relaci\u00f3n reconfortante, entra\u00f1able con sus progenitores. Y cuando su madre queda embarazada, la env\u00edan a vivir con unos parientes lejanos, a los que la ni\u00f1a no recuerda, hasta que nazca el hermanito.<\/p>\n<div class=\"sp__Normal embed-box embed-body-photo\" data-index=\"2\">\n<picture class=\"pointer\">\n<img class=\"img-expand\" width=\"100\" height=\"100\" loading=\"lazy\" src=\"http:\/\/cordobateve.net\/wp-content\/uploads\/2023\/08\/the-quiet-girl-la-tapada-del-oscar-que-compitio-con-argentina-1985-3.jpg\" alt=\"Algo retra\u00edda, C\u00e1it llega a la casa de la prima de su madre, donde vivir\u00e1 un tiempo.\"><br \/>\n<span class=\"bt-expand\"><br \/>\n<svg class=\"ico white_mod\">\n<use class=\"use-expand\" xlink:href=\"#icon-expand\" \/>\n<\/svg><br \/>\n<\/span>\n<\/picture><figcaption>Algo retra\u00edda, C\u00e1it llega a la casa de la prima de su madre, donde vivir\u00e1 un tiempo. <\/figcaption><\/div>\n<p> Son la prima Eibhl\u00edn (Carrie Crowley) y Se\u00e1n (Andrew Bennett). Ella es m\u00e1s abierta que \u00e9l, quien parece m\u00e1s reservado. Con el correr de los d\u00edas, la relaci\u00f3n crece, se fortalece. \u201cTodo lo que necesitabas era algo de atenci\u00f3n\u201d, dice con sabidur\u00eda Eibhl\u00edn.<\/p>\n<p> Lo que sigue es la contraposici\u00f3n de los dos hogares. Ya vimos c\u00f3mo era el de los padres naturales de C\u00e1it, pero el de los \u201cadoptivos\u201d es un ambiente claramente m\u00e1s ordenado, previsible. Y no hablan a lo gritos ni ofuscados, con malos modales.<\/p>\n<div class=\"sp__Normal embed-box embed-body-photo\" data-index=\"3\">\n<picture class=\"pointer\">\n<img class=\"img-expand\" width=\"100\" height=\"100\" loading=\"lazy\" src=\"http:\/\/cordobateve.net\/wp-content\/uploads\/2023\/08\/the-quiet-girl-la-tapada-del-oscar-que-compitio-con-argentina-1985-4.jpg\" alt=\"La pel\u00edcula tiene unos 15 minutos finales demoledores.\"><br \/>\n<span class=\"bt-expand\"><br \/>\n<svg class=\"ico white_mod\">\n<use class=\"use-expand\" xlink:href=\"#icon-expand\" \/>\n<\/svg><br \/>\n<\/span>\n<\/picture><figcaption>La pel\u00edcula tiene unos 15 minutos finales demoledores. <\/figcaption><\/div>\n<p> Adaptada de la novela <em>Foster<\/em>, de Claire Keegan, trata sobre la madurez, tanto de la que debe afrontar la ni\u00f1a protagonista como la de los adultos.<\/p>\n<p> Como su protagonista, la pel\u00edcula tambi\u00e9n es tranquila, callada. Es envidiable ver c\u00f3mo la directora debutante Colm Bair\u00e9ad narra m\u00e1s con im\u00e1genes conmovedoras que con l\u00edneas de di\u00e1logo. Como si mirar fuera m\u00e1s expl\u00edcito que contar con palabras.<\/p>\n<div class=\"sp__Normal embed-box embed-body-photo\" data-index=\"4\">\n<picture class=\"pointer\">\n<img class=\"img-expand\" width=\"100\" height=\"100\" loading=\"lazy\" src=\"http:\/\/cordobateve.net\/wp-content\/uploads\/2023\/08\/the-quiet-girl-la-tapada-del-oscar-que-compitio-con-argentina-1985-5.jpg\" alt=\"Eibhl\u00edn (Carrie Crowley) recibe a C\u00e1it. Una pel\u00edcula c\u00e1lida y entra\u00f1able.\"><br \/>\n<span class=\"bt-expand\"><br \/>\n<svg class=\"ico white_mod\">\n<use class=\"use-expand\" xlink:href=\"#icon-expand\" \/>\n<\/svg><br \/>\n<\/span>\n<\/picture><figcaption>Eibhl\u00edn (Carrie Crowley) recibe a C\u00e1it. Una pel\u00edcula c\u00e1lida y entra\u00f1able. <\/figcaption><\/div>\n<p> La pel\u00edcula tiene su momento de quiebre, mucho antes de ese cuarto de hora del final, en el que la frase de Eibhl\u00edn \u201cno hay secretos en esta casa\u201d parece no ser tan cierta. C\u00e1it desaparece por unos instantes y la que pierde la calma que hab\u00eda tenido hasta ese momento es Eibhl\u00edn.<\/p>\n<p> Por suerte, los premios que s\u00ed obtuvo <strong><em>The Quiet Girl<\/em><\/strong> -la Academia de cine de Irlanda la premi\u00f3 por sobre <a data-cke-saved-href=\"https:\/\/www.clarin.com\/espectaculos\/cine\/oscar-2022-belfast-lindo-familia-unida_0_gEq7imvgEU.html\" target=\"_blank\" href=\"https:\/\/www.clarin.com\/espectaculos\/cine\/oscar-2022-belfast-lindo-familia-unida_0_gEq7imvgEU.html\" rel=\"noopener noreferrer\"><strong><em>Belfast<\/em><\/strong><\/a>, de Kenneth Branagh, por ejemplo- la ayudaron a tener una salida al mundo mucho m\u00e1s amplia. Y as\u00ed es como llega a los cines de la Argentina, que no son muchos, pero tampoco tan pocos, como para que el futuro espectador no pueda encontrar una sala a oscuras donde pueda emocionarse sin concesiones.<\/p>\n<p><strong>\u201cThe Quiet Girl\u201d<\/strong><\/p>\n<p><em>Muy buena<\/em><\/p>\n<p> Drama. Irlanda, 2022. 95&#8242;, SAM 13.<strong> De: <\/strong>Colm Bair\u00e9ad. <strong>Con: <\/strong>Catherine Clinch, Carrie Crowley, Andrew Bennett, Kate Nic Chonaonaigh, Michael Patric. <strong>Salas:<\/strong> Cin\u00e9polis Recoleta, Cinemark Palermo, Lorca, Cine Arte Cacodelphia, Showcase Belgrano y Norcenter.<\/p>\n<p> <span class=\"title-related\">Mir\u00e1 tambi\u00e9n<\/span> <\/div>\n","protected":false},"excerpt":{"rendered":"<p>Bell\u00edsimo y conmovedor relato sobre una ni\u00f1a irlandesa que va a vivir con unos parientes de su madre embarazada. The Quiet Girl fue la pel\u00edcula \u201ctapada\u201d, la que una semana ante de darse a conocer las nominaciones, nadie esperaba que se colase entre las cinco candidatas al Oscar a la mejor pel\u00edcula internacional este a\u00f1o. [&hellip;]<\/p>\n","protected":false},"author":1,"featured_media":58262,"comment_status":"closed","ping_status":"closed","sticky":false,"template":"","format":"standard","meta":[],"categories":[18],"tags":[],"_links":{"self":[{"href":"http:\/\/cordobateve.net\/index.php\/wp-json\/wp\/v2\/posts\/58261"}],"collection":[{"href":"http:\/\/cordobateve.net\/index.php\/wp-json\/wp\/v2\/posts"}],"about":[{"href":"http:\/\/cordobateve.net\/index.php\/wp-json\/wp\/v2\/types\/post"}],"author":[{"embeddable":true,"href":"http:\/\/cordobateve.net\/index.php\/wp-json\/wp\/v2\/users\/1"}],"replies":[{"embeddable":true,"href":"http:\/\/cordobateve.net\/index.php\/wp-json\/wp\/v2\/comments?post=58261"}],"version-history":[{"count":0,"href":"http:\/\/cordobateve.net\/index.php\/wp-json\/wp\/v2\/posts\/58261\/revisions"}],"wp:featuredmedia":[{"embeddable":true,"href":"http:\/\/cordobateve.net\/index.php\/wp-json\/wp\/v2\/media\/58262"}],"wp:attachment":[{"href":"http:\/\/cordobateve.net\/index.php\/wp-json\/wp\/v2\/media?parent=58261"}],"wp:term":[{"taxonomy":"category","embeddable":true,"href":"http:\/\/cordobateve.net\/index.php\/wp-json\/wp\/v2\/categories?post=58261"},{"taxonomy":"post_tag","embeddable":true,"href":"http:\/\/cordobateve.net\/index.php\/wp-json\/wp\/v2\/tags?post=58261"}],"curies":[{"name":"wp","href":"https:\/\/api.w.org\/{rel}","templated":true}]}}